{"id":1750,"date":"2018-03-31T07:39:44","date_gmt":"2018-03-31T06:39:44","guid":{"rendered":"http:\/\/aeroclub-abbeville.fr\/?p=1750"},"modified":"2018-03-31T07:39:44","modified_gmt":"2018-03-31T06:39:44","slug":"date-a-retenir","status":"publish","type":"post","link":"http:\/\/aeroclub-abbeville.fr\/?p=1750","title":{"rendered":"Date \u00e0 retenir"},"content":{"rendered":"<p><strong>ASSEMBL\u00c9E G\u00c9N\u00c9RALE ANNUELLE<\/strong><\/p>\n<p>SAMEDI 7 AVRIL \u00e0 17h<\/p>\n<p>Votre pr\u00e9sence \u00e0 ce moment important de la vie du club est indispensable. Au besoin, pensez \u00e0 \u00e9tablir un pouvoir.<\/p>\n<p>Attention: vous devez \u00eatre \u00e0 jour de votre cotisation 2018 pour pouvoir voter.<\/p>\n<p>A l&rsquo;issue de l&rsquo;Assembl\u00e9e g\u00e9n\u00e9rale, un repas vous attend. Inscription avant le 6\/04 sur le tableau \u00e0 l&rsquo;accueil ou par courriel \u00e0 jp.lignier@wanadoo.fr<\/p>\n","protected":false},"excerpt":{"rendered":"<p>ASSEMBL\u00c9E G\u00c9N\u00c9RALE ANNUELLE SAMEDI 7 AVRIL \u00e0 17h Votre pr\u00e9sence \u00e0 ce moment important de la vie du club est indispensable. Au besoin, pensez \u00e0 \u00e9tablir un pouvoir. Attention: vous devez \u00eatre \u00e0 jour de votre cotisation 2018 pour pouvoir voter. A l&rsquo;issue de l&rsquo;Assembl\u00e9e g\u00e9n\u00e9rale, un repas vous attend. Inscription avant le 6\/04 sur [&hellip;]<\/p>\n","protected":false},"author":20,"featured_media":0,"comment_status":"closed","ping_status":"closed","sticky":false,"template":"","format":"standard","meta":{"inline_featured_image":false,"footnotes":""},"categories":[1],"tags":[],"class_list":["post-1750","post","type-post","status-publish","format-standard","hentry","category-non-classe"],"_links":{"self":[{"href":"http:\/\/aeroclub-abbeville.fr\/index.php?rest_route=\/wp\/v2\/posts\/1750","targetHints":{"allow":["GET"]}}],"collection":[{"href":"http:\/\/aeroclub-abbeville.fr\/index.php?rest_route=\/wp\/v2\/posts"}],"about":[{"href":"http:\/\/aeroclub-abbeville.fr\/index.php?rest_route=\/wp\/v2\/types\/post"}],"author":[{"embeddable":true,"href":"http:\/\/aeroclub-abbeville.fr\/index.php?rest_route=\/wp\/v2\/users\/20"}],"replies":[{"embeddable":true,"href":"http:\/\/aeroclub-abbeville.fr\/index.php?rest_route=%2Fwp%2Fv2%2Fcomments&post=1750"}],"version-history":[{"count":1,"href":"http:\/\/aeroclub-abbeville.fr\/index.php?rest_route=\/wp\/v2\/posts\/1750\/revisions"}],"predecessor-version":[{"id":1751,"href":"http:\/\/aeroclub-abbeville.fr\/index.php?rest_route=\/wp\/v2\/posts\/1750\/revisions\/1751"}],"wp:attachment":[{"href":"http:\/\/aeroclub-abbeville.fr\/index.php?rest_route=%2Fwp%2Fv2%2Fmedia&parent=1750"}],"wp:term":[{"taxonomy":"category","embeddable":true,"href":"http:\/\/aeroclub-abbeville.fr\/index.php?rest_route=%2Fwp%2Fv2%2Fcategories&post=1750"},{"taxonomy":"post_tag","embeddable":true,"href":"http:\/\/aeroclub-abbeville.fr\/index.php?rest_route=%2Fwp%2Fv2%2Ftags&post=1750"}],"curies":[{"name":"wp","href":"https:\/\/api.w.org\/{rel}","templated":true}]}}