{"id":1758,"date":"2018-05-10T07:35:14","date_gmt":"2018-05-10T06:35:14","guid":{"rendered":"http:\/\/aeroclub-abbeville.fr\/?p=1758"},"modified":"2018-05-10T07:35:14","modified_gmt":"2018-05-10T06:35:14","slug":"une-jeune-velivole-du-club-selectionnee-pour-les-cadets-de-lair-2018","status":"publish","type":"post","link":"http:\/\/aeroclub-abbeville.fr\/?p=1758","title":{"rendered":"Une jeune v\u00e9livole du club s\u00e9lectionn\u00e9e pour les Cadets de l&rsquo;Air 2018"},"content":{"rendered":"<p>Chlo\u00e9 MARTINEZ, pilote de planeur au sein de l&rsquo;a\u00e9roclub, a pass\u00e9 avec succ\u00e8s la s\u00e9lection organis\u00e9e par l&rsquo;A\u00e9roclub de France.<\/p>\n<p>Elle participera \u00e0 l&rsquo;\u00e9change international et sera en Cor\u00e9e du Sud en Juillet.<img fetchpriority=\"high\" decoding=\"async\" class=\"alignnone size-medium wp-image-1541\" src=\"http:\/\/aeroclub-abbeville.fr\/wp-content\/uploads\/2016\/07\/Clhoe_2016-480x319.jpg\" alt=\"Clhoe_2016\" width=\"480\" height=\"319\" srcset=\"http:\/\/aeroclub-abbeville.fr\/wp-content\/uploads\/2016\/07\/Clhoe_2016-480x319.jpg 480w, http:\/\/aeroclub-abbeville.fr\/wp-content\/uploads\/2016\/07\/Clhoe_2016.jpg 600w\" sizes=\"(max-width: 480px) 100vw, 480px\" \/><\/p>\n","protected":false},"excerpt":{"rendered":"<p>Chlo\u00e9 MARTINEZ, pilote de planeur au sein de l&rsquo;a\u00e9roclub, a pass\u00e9 avec succ\u00e8s la s\u00e9lection organis\u00e9e par l&rsquo;A\u00e9roclub de France. Elle participera \u00e0 l&rsquo;\u00e9change international et sera en Cor\u00e9e du Sud en Juillet.<\/p>\n","protected":false},"author":20,"featured_media":0,"comment_status":"closed","ping_status":"closed","sticky":false,"template":"","format":"standard","meta":{"inline_featured_image":false,"footnotes":""},"categories":[1],"tags":[],"class_list":["post-1758","post","type-post","status-publish","format-standard","hentry","category-non-classe"],"_links":{"self":[{"href":"http:\/\/aeroclub-abbeville.fr\/index.php?rest_route=\/wp\/v2\/posts\/1758","targetHints":{"allow":["GET"]}}],"collection":[{"href":"http:\/\/aeroclub-abbeville.fr\/index.php?rest_route=\/wp\/v2\/posts"}],"about":[{"href":"http:\/\/aeroclub-abbeville.fr\/index.php?rest_route=\/wp\/v2\/types\/post"}],"author":[{"embeddable":true,"href":"http:\/\/aeroclub-abbeville.fr\/index.php?rest_route=\/wp\/v2\/users\/20"}],"replies":[{"embeddable":true,"href":"http:\/\/aeroclub-abbeville.fr\/index.php?rest_route=%2Fwp%2Fv2%2Fcomments&post=1758"}],"version-history":[{"count":2,"href":"http:\/\/aeroclub-abbeville.fr\/index.php?rest_route=\/wp\/v2\/posts\/1758\/revisions"}],"predecessor-version":[{"id":1765,"href":"http:\/\/aeroclub-abbeville.fr\/index.php?rest_route=\/wp\/v2\/posts\/1758\/revisions\/1765"}],"wp:attachment":[{"href":"http:\/\/aeroclub-abbeville.fr\/index.php?rest_route=%2Fwp%2Fv2%2Fmedia&parent=1758"}],"wp:term":[{"taxonomy":"category","embeddable":true,"href":"http:\/\/aeroclub-abbeville.fr\/index.php?rest_route=%2Fwp%2Fv2%2Fcategories&post=1758"},{"taxonomy":"post_tag","embeddable":true,"href":"http:\/\/aeroclub-abbeville.fr\/index.php?rest_route=%2Fwp%2Fv2%2Ftags&post=1758"}],"curies":[{"name":"wp","href":"https:\/\/api.w.org\/{rel}","templated":true}]}}