{"id":1769,"date":"2018-05-31T08:00:05","date_gmt":"2018-05-31T07:00:05","guid":{"rendered":"http:\/\/aeroclub-abbeville.fr\/?p=1769"},"modified":"2018-05-31T08:00:05","modified_gmt":"2018-05-31T07:00:05","slug":"un-jeune-lache","status":"publish","type":"post","link":"http:\/\/aeroclub-abbeville.fr\/?p=1769","title":{"rendered":"Un jeune l\u00e2ch\u00e9:"},"content":{"rendered":"<p>Alexis LEVOIR vient d\u2019\u00eatre l\u00e2ch\u00e9 \u00e0 15 ans apr\u00e8s une douzaine d\u2019heures de DC ; il pose pr\u00e8s de son instructeur Philippe DELOYE.<img fetchpriority=\"high\" decoding=\"async\" class=\"alignnone size-medium wp-image-1772\" src=\"http:\/\/aeroclub-abbeville.fr\/wp-content\/uploads\/2018\/05\/L\u00e2ch\u00e9-Alexis-Levoir-480x360.jpeg\" alt=\"L\u00e2ch\u00e9 Alexis Levoir\" width=\"480\" height=\"360\" srcset=\"http:\/\/aeroclub-abbeville.fr\/wp-content\/uploads\/2018\/05\/L\u00e2ch\u00e9-Alexis-Levoir-480x360.jpeg 480w, http:\/\/aeroclub-abbeville.fr\/wp-content\/uploads\/2018\/05\/L\u00e2ch\u00e9-Alexis-Levoir-768x576.jpeg 768w, http:\/\/aeroclub-abbeville.fr\/wp-content\/uploads\/2018\/05\/L\u00e2ch\u00e9-Alexis-Levoir-624x468.jpeg 624w, http:\/\/aeroclub-abbeville.fr\/wp-content\/uploads\/2018\/05\/L\u00e2ch\u00e9-Alexis-Levoir.jpeg 1008w\" sizes=\"(max-width: 480px) 100vw, 480px\" \/><\/p>\n<p>Alexis, \u00e2g\u00e9 de 15 ans 6 mois a commenc\u00e9 \u00e0 piloter et a effectu\u00e9 son premier vol le 26 novembre dernier avec Alain HERMANT.<\/p>\n<p>Jeune lyc\u00e9en motiv\u00e9 et dynamique, il suit \u00e9galement les cours du BIA donn\u00e9s par le club et passera l\u2019examen ce mois-ci. Une carri\u00e8re dans l\u2019a\u00e9ronautique, la chasse notamment, fait partie des options qu\u2019il envisage s\u00e9rieusement.<\/p>\n","protected":false},"excerpt":{"rendered":"<p>Alexis LEVOIR vient d\u2019\u00eatre l\u00e2ch\u00e9 \u00e0 15 ans apr\u00e8s une douzaine d\u2019heures de DC ; il pose pr\u00e8s de son instructeur Philippe DELOYE. Alexis, \u00e2g\u00e9 de 15 ans 6 mois a commenc\u00e9 \u00e0 piloter et a effectu\u00e9 son premier vol le 26 novembre dernier avec Alain HERMANT. Jeune lyc\u00e9en motiv\u00e9 et dynamique, il suit \u00e9galement [&hellip;]<\/p>\n","protected":false},"author":20,"featured_media":0,"comment_status":"closed","ping_status":"closed","sticky":false,"template":"","format":"standard","meta":{"inline_featured_image":false,"footnotes":""},"categories":[1],"tags":[],"class_list":["post-1769","post","type-post","status-publish","format-standard","hentry","category-non-classe"],"_links":{"self":[{"href":"http:\/\/aeroclub-abbeville.fr\/index.php?rest_route=\/wp\/v2\/posts\/1769","targetHints":{"allow":["GET"]}}],"collection":[{"href":"http:\/\/aeroclub-abbeville.fr\/index.php?rest_route=\/wp\/v2\/posts"}],"about":[{"href":"http:\/\/aeroclub-abbeville.fr\/index.php?rest_route=\/wp\/v2\/types\/post"}],"author":[{"embeddable":true,"href":"http:\/\/aeroclub-abbeville.fr\/index.php?rest_route=\/wp\/v2\/users\/20"}],"replies":[{"embeddable":true,"href":"http:\/\/aeroclub-abbeville.fr\/index.php?rest_route=%2Fwp%2Fv2%2Fcomments&post=1769"}],"version-history":[{"count":2,"href":"http:\/\/aeroclub-abbeville.fr\/index.php?rest_route=\/wp\/v2\/posts\/1769\/revisions"}],"predecessor-version":[{"id":1773,"href":"http:\/\/aeroclub-abbeville.fr\/index.php?rest_route=\/wp\/v2\/posts\/1769\/revisions\/1773"}],"wp:attachment":[{"href":"http:\/\/aeroclub-abbeville.fr\/index.php?rest_route=%2Fwp%2Fv2%2Fmedia&parent=1769"}],"wp:term":[{"taxonomy":"category","embeddable":true,"href":"http:\/\/aeroclub-abbeville.fr\/index.php?rest_route=%2Fwp%2Fv2%2Fcategories&post=1769"},{"taxonomy":"post_tag","embeddable":true,"href":"http:\/\/aeroclub-abbeville.fr\/index.php?rest_route=%2Fwp%2Fv2%2Ftags&post=1769"}],"curies":[{"name":"wp","href":"https:\/\/api.w.org\/{rel}","templated":true}]}}