{"id":1771,"date":"2018-05-31T19:53:41","date_gmt":"2018-05-31T18:53:41","guid":{"rendered":"http:\/\/aeroclub-abbeville.fr\/?p=1771"},"modified":"2018-05-31T19:53:41","modified_gmt":"2018-05-31T18:53:41","slug":"un-petit-tour-et-puis-sen-va","status":"publish","type":"post","link":"http:\/\/aeroclub-abbeville.fr\/?p=1771","title":{"rendered":"Un petit tour et puis s&rsquo;en va&#8230;"},"content":{"rendered":"<p>Le BLIT est revenu chez nous pour quelques jours. Il a retrouv\u00e9 le hangar qui \u00e9tait le sien il y a six ans:<\/p>\n<p><img fetchpriority=\"high\" decoding=\"async\" class=\"alignnone size-medium wp-image-1776\" src=\"http:\/\/aeroclub-abbeville.fr\/wp-content\/uploads\/2018\/05\/BLIT-2018-480x270.jpg\" alt=\"BLIT 2018\" width=\"480\" height=\"270\" srcset=\"http:\/\/aeroclub-abbeville.fr\/wp-content\/uploads\/2018\/05\/BLIT-2018-480x270.jpg 480w, http:\/\/aeroclub-abbeville.fr\/wp-content\/uploads\/2018\/05\/BLIT-2018-768x432.jpg 768w, http:\/\/aeroclub-abbeville.fr\/wp-content\/uploads\/2018\/05\/BLIT-2018-1024x576.jpg 1024w, http:\/\/aeroclub-abbeville.fr\/wp-content\/uploads\/2018\/05\/BLIT-2018-624x351.jpg 624w, http:\/\/aeroclub-abbeville.fr\/wp-content\/uploads\/2018\/05\/BLIT-2018.jpg 1632w\" sizes=\"(max-width: 480px) 100vw, 480px\" \/><\/p>\n<p>Ce MS 893 a \u00e9t\u00e9 l&rsquo;avion remorqueur de la section vol \u00e0 voile durant de nombreuses ann\u00e9es. Un appareil certes un peu gourmand et co\u00fbteux en entretien, mais que les pilotes adoraient.<\/p>\n<p>Les v\u00e9livoles s&rsquo;en \u00e9taient s\u00e9par\u00e9s au moment de l&rsquo;acquisition du WT9 Dynamic.<\/p>\n<p>Il est repass\u00e9 par Abbeville au retour du concours r\u00e9gional de vol \u00e0 voile de Lille, convoyant du m\u00eame coup notre Duo Discus.<\/p>\n<p>Il regagnera ce vendredi ISSOUDUN, son port d&rsquo;attache actuel.<\/p>\n","protected":false},"excerpt":{"rendered":"<p>Le BLIT est revenu chez nous pour quelques jours. Il a retrouv\u00e9 le hangar qui \u00e9tait le sien il y a six ans: Ce MS 893 a \u00e9t\u00e9 l&rsquo;avion remorqueur de la section vol \u00e0 voile durant de nombreuses ann\u00e9es. Un appareil certes un peu gourmand et co\u00fbteux en entretien, mais que les pilotes adoraient. [&hellip;]<\/p>\n","protected":false},"author":20,"featured_media":0,"comment_status":"closed","ping_status":"closed","sticky":false,"template":"","format":"standard","meta":{"inline_featured_image":false,"footnotes":""},"categories":[1],"tags":[],"class_list":["post-1771","post","type-post","status-publish","format-standard","hentry","category-non-classe"],"_links":{"self":[{"href":"http:\/\/aeroclub-abbeville.fr\/index.php?rest_route=\/wp\/v2\/posts\/1771","targetHints":{"allow":["GET"]}}],"collection":[{"href":"http:\/\/aeroclub-abbeville.fr\/index.php?rest_route=\/wp\/v2\/posts"}],"about":[{"href":"http:\/\/aeroclub-abbeville.fr\/index.php?rest_route=\/wp\/v2\/types\/post"}],"author":[{"embeddable":true,"href":"http:\/\/aeroclub-abbeville.fr\/index.php?rest_route=\/wp\/v2\/users\/20"}],"replies":[{"embeddable":true,"href":"http:\/\/aeroclub-abbeville.fr\/index.php?rest_route=%2Fwp%2Fv2%2Fcomments&post=1771"}],"version-history":[{"count":2,"href":"http:\/\/aeroclub-abbeville.fr\/index.php?rest_route=\/wp\/v2\/posts\/1771\/revisions"}],"predecessor-version":[{"id":1777,"href":"http:\/\/aeroclub-abbeville.fr\/index.php?rest_route=\/wp\/v2\/posts\/1771\/revisions\/1777"}],"wp:attachment":[{"href":"http:\/\/aeroclub-abbeville.fr\/index.php?rest_route=%2Fwp%2Fv2%2Fmedia&parent=1771"}],"wp:term":[{"taxonomy":"category","embeddable":true,"href":"http:\/\/aeroclub-abbeville.fr\/index.php?rest_route=%2Fwp%2Fv2%2Fcategories&post=1771"},{"taxonomy":"post_tag","embeddable":true,"href":"http:\/\/aeroclub-abbeville.fr\/index.php?rest_route=%2Fwp%2Fv2%2Ftags&post=1771"}],"curies":[{"name":"wp","href":"https:\/\/api.w.org\/{rel}","templated":true}]}}