{"id":1778,"date":"2018-05-31T19:58:43","date_gmt":"2018-05-31T18:58:43","guid":{"rendered":"http:\/\/aeroclub-abbeville.fr\/?p=1778"},"modified":"2018-05-31T19:58:43","modified_gmt":"2018-05-31T18:58:43","slug":"roland-nous-a-quittes","status":"publish","type":"post","link":"http:\/\/aeroclub-abbeville.fr\/?p=1778","title":{"rendered":"Roland nous a quitt\u00e9s"},"content":{"rendered":"<p>Roland FOURNIER est d\u00e9c\u00e9d\u00e9 cette semaine, \u00e0 l&rsquo;\u00e2ge de 85 ans.<\/p>\n<p><img fetchpriority=\"high\" decoding=\"async\" class=\"alignnone size-full wp-image-1779\" src=\"http:\/\/aeroclub-abbeville.fr\/wp-content\/uploads\/2018\/05\/FOURNIER-Roland.jpg\" alt=\"FOURNIER Roland\" width=\"217\" height=\"283\" \/><\/p>\n<p>Pilote avion, administrateur du club sous la pr\u00e9sidence de Pierre DARRAS, il a profond\u00e9ment aim\u00e9 son a\u00e9roclub dont il \u00e9tait un membre \u00e9minent et respect\u00e9. Ceux qui l&rsquo;ont connu garderont en m\u00e9moire l&rsquo;image d&rsquo;un homme simple, convivial et profond\u00e9ment bon.<\/p>\n","protected":false},"excerpt":{"rendered":"<p>Roland FOURNIER est d\u00e9c\u00e9d\u00e9 cette semaine, \u00e0 l&rsquo;\u00e2ge de 85 ans. Pilote avion, administrateur du club sous la pr\u00e9sidence de Pierre DARRAS, il a profond\u00e9ment aim\u00e9 son a\u00e9roclub dont il \u00e9tait un membre \u00e9minent et respect\u00e9. Ceux qui l&rsquo;ont connu garderont en m\u00e9moire l&rsquo;image d&rsquo;un homme simple, convivial et profond\u00e9ment bon.<\/p>\n","protected":false},"author":20,"featured_media":0,"comment_status":"closed","ping_status":"closed","sticky":false,"template":"","format":"standard","meta":{"inline_featured_image":false,"footnotes":""},"categories":[1],"tags":[],"class_list":["post-1778","post","type-post","status-publish","format-standard","hentry","category-non-classe"],"_links":{"self":[{"href":"http:\/\/aeroclub-abbeville.fr\/index.php?rest_route=\/wp\/v2\/posts\/1778","targetHints":{"allow":["GET"]}}],"collection":[{"href":"http:\/\/aeroclub-abbeville.fr\/index.php?rest_route=\/wp\/v2\/posts"}],"about":[{"href":"http:\/\/aeroclub-abbeville.fr\/index.php?rest_route=\/wp\/v2\/types\/post"}],"author":[{"embeddable":true,"href":"http:\/\/aeroclub-abbeville.fr\/index.php?rest_route=\/wp\/v2\/users\/20"}],"replies":[{"embeddable":true,"href":"http:\/\/aeroclub-abbeville.fr\/index.php?rest_route=%2Fwp%2Fv2%2Fcomments&post=1778"}],"version-history":[{"count":1,"href":"http:\/\/aeroclub-abbeville.fr\/index.php?rest_route=\/wp\/v2\/posts\/1778\/revisions"}],"predecessor-version":[{"id":1780,"href":"http:\/\/aeroclub-abbeville.fr\/index.php?rest_route=\/wp\/v2\/posts\/1778\/revisions\/1780"}],"wp:attachment":[{"href":"http:\/\/aeroclub-abbeville.fr\/index.php?rest_route=%2Fwp%2Fv2%2Fmedia&parent=1778"}],"wp:term":[{"taxonomy":"category","embeddable":true,"href":"http:\/\/aeroclub-abbeville.fr\/index.php?rest_route=%2Fwp%2Fv2%2Fcategories&post=1778"},{"taxonomy":"post_tag","embeddable":true,"href":"http:\/\/aeroclub-abbeville.fr\/index.php?rest_route=%2Fwp%2Fv2%2Ftags&post=1778"}],"curies":[{"name":"wp","href":"https:\/\/api.w.org\/{rel}","templated":true}]}}