{"id":1781,"date":"2018-06-21T20:42:29","date_gmt":"2018-06-21T19:42:29","guid":{"rendered":"http:\/\/aeroclub-abbeville.fr\/?p=1781"},"modified":"2018-12-31T12:08:53","modified_gmt":"2018-12-31T11:08:53","slug":"debut-des-grands-vols","status":"publish","type":"post","link":"http:\/\/aeroclub-abbeville.fr\/?p=1781","title":{"rendered":"D\u00e9but des grands vols"},"content":{"rendered":"<p>Apr\u00e8s un d\u00e9but de saison difficile, un remorqueur en panne, &#8230; la saison est de nouveau lanc\u00e9e. <\/p>\n<p>Sur les 4 Abbevillois ayant vol\u00e9 ce jour, Suzanne en p\u00e9gase ainsi que Olivier et Henri en Duo ont fait 400km Alexandre quant \u00e0 lui fait un 300km et une bonne reprise pour Enzo avec un 200km. <\/p>\n<p>N&rsquo;h\u00e9sitez pas \u00e0 venir nous rendre visite au club pour un petit vol ou simplement pour passer du bon temps.<br \/>\nDe plus en plus de mondes seront pr\u00e9sents les weekends comme en semaine.<br \/>\n<img fetchpriority=\"high\" decoding=\"async\" src=\"http:\/\/aeroclub-abbeville.fr\/wp-content\/uploads\/2018\/06\/35924510_10214465574744693_329310879344492544_n-480x270.jpg\" alt=\"35924510_10214465574744693_329310879344492544_n\" width=\"480\" height=\"270\" class=\"alignnone size-medium wp-image-1782\" srcset=\"http:\/\/aeroclub-abbeville.fr\/wp-content\/uploads\/2018\/06\/35924510_10214465574744693_329310879344492544_n-480x270.jpg 480w, http:\/\/aeroclub-abbeville.fr\/wp-content\/uploads\/2018\/06\/35924510_10214465574744693_329310879344492544_n-768x432.jpg 768w, http:\/\/aeroclub-abbeville.fr\/wp-content\/uploads\/2018\/06\/35924510_10214465574744693_329310879344492544_n-1024x576.jpg 1024w, http:\/\/aeroclub-abbeville.fr\/wp-content\/uploads\/2018\/06\/35924510_10214465574744693_329310879344492544_n-624x351.jpg 624w\" sizes=\"(max-width: 480px) 100vw, 480px\" \/><\/p>\n<p><img decoding=\"async\" src=\"http:\/\/aeroclub-abbeville.fr\/wp-content\/uploads\/2018\/06\/36002953_10214465576184729_7380435715131179008_n-480x270.jpg\" alt=\"36002953_10214465576184729_7380435715131179008_n\" width=\"480\" height=\"270\" class=\"alignnone size-medium wp-image-1783\" srcset=\"http:\/\/aeroclub-abbeville.fr\/wp-content\/uploads\/2018\/06\/36002953_10214465576184729_7380435715131179008_n-480x270.jpg 480w, http:\/\/aeroclub-abbeville.fr\/wp-content\/uploads\/2018\/06\/36002953_10214465576184729_7380435715131179008_n-768x432.jpg 768w, http:\/\/aeroclub-abbeville.fr\/wp-content\/uploads\/2018\/06\/36002953_10214465576184729_7380435715131179008_n-1024x576.jpg 1024w, http:\/\/aeroclub-abbeville.fr\/wp-content\/uploads\/2018\/06\/36002953_10214465576184729_7380435715131179008_n-624x351.jpg 624w\" sizes=\"(max-width: 480px) 100vw, 480px\" \/><\/p>\n","protected":false},"excerpt":{"rendered":"<p>Apr\u00e8s un d\u00e9but de saison difficile, un remorqueur en panne, &#8230; la saison est de nouveau lanc\u00e9e. Sur les 4 Abbevillois ayant vol\u00e9 ce jour, Suzanne en p\u00e9gase ainsi que Olivier et Henri en Duo ont fait 400km Alexandre quant \u00e0 lui fait un 300km et une bonne reprise pour Enzo avec un 200km. N&rsquo;h\u00e9sitez [&hellip;]<\/p>\n","protected":false},"author":4,"featured_media":0,"comment_status":"closed","ping_status":"closed","sticky":false,"template":"","format":"standard","meta":{"inline_featured_image":false,"footnotes":""},"categories":[3,1,19],"tags":[],"class_list":["post-1781","post","type-post","status-publish","format-standard","hentry","category-club","category-non-classe","category-vol-a-voile"],"_links":{"self":[{"href":"http:\/\/aeroclub-abbeville.fr\/index.php?rest_route=\/wp\/v2\/posts\/1781","targetHints":{"allow":["GET"]}}],"collection":[{"href":"http:\/\/aeroclub-abbeville.fr\/index.php?rest_route=\/wp\/v2\/posts"}],"about":[{"href":"http:\/\/aeroclub-abbeville.fr\/index.php?rest_route=\/wp\/v2\/types\/post"}],"author":[{"embeddable":true,"href":"http:\/\/aeroclub-abbeville.fr\/index.php?rest_route=\/wp\/v2\/users\/4"}],"replies":[{"embeddable":true,"href":"http:\/\/aeroclub-abbeville.fr\/index.php?rest_route=%2Fwp%2Fv2%2Fcomments&post=1781"}],"version-history":[{"count":2,"href":"http:\/\/aeroclub-abbeville.fr\/index.php?rest_route=\/wp\/v2\/posts\/1781\/revisions"}],"predecessor-version":[{"id":1785,"href":"http:\/\/aeroclub-abbeville.fr\/index.php?rest_route=\/wp\/v2\/posts\/1781\/revisions\/1785"}],"wp:attachment":[{"href":"http:\/\/aeroclub-abbeville.fr\/index.php?rest_route=%2Fwp%2Fv2%2Fmedia&parent=1781"}],"wp:term":[{"taxonomy":"category","embeddable":true,"href":"http:\/\/aeroclub-abbeville.fr\/index.php?rest_route=%2Fwp%2Fv2%2Fcategories&post=1781"},{"taxonomy":"post_tag","embeddable":true,"href":"http:\/\/aeroclub-abbeville.fr\/index.php?rest_route=%2Fwp%2Fv2%2Ftags&post=1781"}],"curies":[{"name":"wp","href":"https:\/\/api.w.org\/{rel}","templated":true}]}}