{"id":1788,"date":"2018-07-08T11:09:14","date_gmt":"2018-07-08T10:09:14","guid":{"rendered":"http:\/\/aeroclub-abbeville.fr\/?p=1788"},"modified":"2018-12-31T12:08:34","modified_gmt":"2018-12-31T11:08:34","slug":"un-double-lache-pere-et-fils","status":"publish","type":"post","link":"http:\/\/aeroclub-abbeville.fr\/?p=1788","title":{"rendered":"Un double l\u00e2ch\u00e9 p\u00e8re et fils"},"content":{"rendered":"<p>Apr\u00e8s de nombreux tours de piste, deux l\u00e2ch\u00e9s ont eu lieu ce samedi 7 juillet.<br \/>\nAur\u00e9lien Dubois \u00e2g\u00e9 de 15 ans a devanc\u00e9 son p\u00e8re Fr\u00e9d\u00e9ric Dubois d&rsquo;un peu plus d&rsquo;un quart d&rsquo;heure!<br \/>\nF\u00e9licitations \u00e0 tous les deux.<br \/>\nNous leur souhaitons plein de beaux vols dans le ciel Picard.<img fetchpriority=\"high\" decoding=\"async\" src=\"http:\/\/aeroclub-abbeville.fr\/wp-content\/uploads\/2018\/07\/36759662_10214578129238485_4677207337960734720_n-480x270.jpg\" alt=\"36759662_10214578129238485_4677207337960734720_n\" width=\"480\" height=\"270\" class=\"alignnone size-medium wp-image-1789\" srcset=\"http:\/\/aeroclub-abbeville.fr\/wp-content\/uploads\/2018\/07\/36759662_10214578129238485_4677207337960734720_n-480x270.jpg 480w, http:\/\/aeroclub-abbeville.fr\/wp-content\/uploads\/2018\/07\/36759662_10214578129238485_4677207337960734720_n-768x432.jpg 768w, http:\/\/aeroclub-abbeville.fr\/wp-content\/uploads\/2018\/07\/36759662_10214578129238485_4677207337960734720_n-1024x576.jpg 1024w, http:\/\/aeroclub-abbeville.fr\/wp-content\/uploads\/2018\/07\/36759662_10214578129238485_4677207337960734720_n-624x351.jpg 624w\" sizes=\"(max-width: 480px) 100vw, 480px\" \/><\/p>\n<p><img decoding=\"async\" src=\"http:\/\/aeroclub-abbeville.fr\/wp-content\/uploads\/2018\/07\/36774710_1799990050062008_1406823955213320192_n-480x240.jpg\" alt=\"36774710_1799990050062008_1406823955213320192_n\" width=\"480\" height=\"240\" class=\"alignnone size-medium wp-image-1790\" srcset=\"http:\/\/aeroclub-abbeville.fr\/wp-content\/uploads\/2018\/07\/36774710_1799990050062008_1406823955213320192_n-480x240.jpg 480w, http:\/\/aeroclub-abbeville.fr\/wp-content\/uploads\/2018\/07\/36774710_1799990050062008_1406823955213320192_n-768x384.jpg 768w, http:\/\/aeroclub-abbeville.fr\/wp-content\/uploads\/2018\/07\/36774710_1799990050062008_1406823955213320192_n-1024x512.jpg 1024w, http:\/\/aeroclub-abbeville.fr\/wp-content\/uploads\/2018\/07\/36774710_1799990050062008_1406823955213320192_n-624x312.jpg 624w\" sizes=\"(max-width: 480px) 100vw, 480px\" \/><\/p>\n<p><img decoding=\"async\" src=\"http:\/\/aeroclub-abbeville.fr\/wp-content\/uploads\/2018\/07\/36852344_10214578120598269_708658351025684480_n-264x480.jpg\" alt=\"36852344_10214578120598269_708658351025684480_n\" width=\"264\" height=\"480\" class=\"alignnone size-medium wp-image-1791\" srcset=\"http:\/\/aeroclub-abbeville.fr\/wp-content\/uploads\/2018\/07\/36852344_10214578120598269_708658351025684480_n-264x480.jpg 264w, http:\/\/aeroclub-abbeville.fr\/wp-content\/uploads\/2018\/07\/36852344_10214578120598269_708658351025684480_n.jpg 448w\" sizes=\"(max-width: 264px) 100vw, 264px\" \/><\/p>\n","protected":false},"excerpt":{"rendered":"<p>Apr\u00e8s de nombreux tours de piste, deux l\u00e2ch\u00e9s ont eu lieu ce samedi 7 juillet. Aur\u00e9lien Dubois \u00e2g\u00e9 de 15 ans a devanc\u00e9 son p\u00e8re Fr\u00e9d\u00e9ric Dubois d&rsquo;un peu plus d&rsquo;un quart d&rsquo;heure! F\u00e9licitations \u00e0 tous les deux. Nous leur souhaitons plein de beaux vols dans le ciel Picard.<\/p>\n","protected":false},"author":4,"featured_media":0,"comment_status":"closed","ping_status":"closed","sticky":false,"template":"","format":"standard","meta":{"inline_featured_image":false,"footnotes":""},"categories":[3,1,19],"tags":[],"class_list":["post-1788","post","type-post","status-publish","format-standard","hentry","category-club","category-non-classe","category-vol-a-voile"],"_links":{"self":[{"href":"http:\/\/aeroclub-abbeville.fr\/index.php?rest_route=\/wp\/v2\/posts\/1788","targetHints":{"allow":["GET"]}}],"collection":[{"href":"http:\/\/aeroclub-abbeville.fr\/index.php?rest_route=\/wp\/v2\/posts"}],"about":[{"href":"http:\/\/aeroclub-abbeville.fr\/index.php?rest_route=\/wp\/v2\/types\/post"}],"author":[{"embeddable":true,"href":"http:\/\/aeroclub-abbeville.fr\/index.php?rest_route=\/wp\/v2\/users\/4"}],"replies":[{"embeddable":true,"href":"http:\/\/aeroclub-abbeville.fr\/index.php?rest_route=%2Fwp%2Fv2%2Fcomments&post=1788"}],"version-history":[{"count":1,"href":"http:\/\/aeroclub-abbeville.fr\/index.php?rest_route=\/wp\/v2\/posts\/1788\/revisions"}],"predecessor-version":[{"id":1792,"href":"http:\/\/aeroclub-abbeville.fr\/index.php?rest_route=\/wp\/v2\/posts\/1788\/revisions\/1792"}],"wp:attachment":[{"href":"http:\/\/aeroclub-abbeville.fr\/index.php?rest_route=%2Fwp%2Fv2%2Fmedia&parent=1788"}],"wp:term":[{"taxonomy":"category","embeddable":true,"href":"http:\/\/aeroclub-abbeville.fr\/index.php?rest_route=%2Fwp%2Fv2%2Fcategories&post=1788"},{"taxonomy":"post_tag","embeddable":true,"href":"http:\/\/aeroclub-abbeville.fr\/index.php?rest_route=%2Fwp%2Fv2%2Ftags&post=1788"}],"curies":[{"name":"wp","href":"https:\/\/api.w.org\/{rel}","templated":true}]}}