{"id":179,"date":"2013-05-01T19:31:42","date_gmt":"2013-05-01T18:31:42","guid":{"rendered":"http:\/\/web.aeroclub-abbeville.fr\/aeroclub\/?p=179"},"modified":"2013-05-01T19:31:42","modified_gmt":"2013-05-01T18:31:42","slug":"agrandissement-du-hangar-planeur","status":"publish","type":"post","link":"http:\/\/aeroclub-abbeville.fr\/?p=179","title":{"rendered":"Agrandissement du hangar planeur"},"content":{"rendered":"<p>L&rsquo;aeroclub accueille le concours r\u00e9gional Nord-Pas-de-Calais Picardie de vol \u00e0 voile \u00e0 partir du 8 mai, pour augmenter la place dans le hangar et ainsi rentrer les biplaces du concours, nous avons pass\u00e9 notre journ\u00e9e de samedi \u00e0 casser et ramasser les parpaings! merci \u00e0 tous ceux qui ont particip\u00e9 \u00e0 ce chantier !<br \/>\n<a title=\"27042013902.jpg\" href=\"http:\/\/wiki.aeroclub-abbeville.fr\/lib\/exe\/detail.php\/27042013902.jpg?id=Accueil\"><img decoding=\"async\" class=\"aligncenter\" title=\" \" alt=\" \" src=\"http:\/\/wiki.aeroclub-abbeville.fr\/lib\/exe\/fetch.php\/27042013902.jpg?w=450\" width=\"450\" \/><\/a><\/p>\n","protected":false},"excerpt":{"rendered":"<p>L&rsquo;aeroclub accueille le concours r\u00e9gional Nord-Pas-de-Calais Picardie de vol \u00e0 voile \u00e0 partir du 8 mai, pour augmenter la place dans le hangar et ainsi rentrer les biplaces du concours, nous avons pass\u00e9 notre journ\u00e9e de samedi \u00e0 casser et ramasser les parpaings! merci \u00e0 tous ceux qui ont particip\u00e9 \u00e0 ce chantier !<\/p>\n","protected":false},"author":67,"featured_media":0,"comment_status":"open","ping_status":"open","sticky":false,"template":"","format":"standard","meta":{"inline_featured_image":false,"footnotes":""},"categories":[3,10,13,19],"tags":[],"class_list":["post-179","post","type-post","status-publish","format-standard","hentry","category-club","category-infrastructures-et-batiments","category-planeur","category-vol-a-voile"],"_links":{"self":[{"href":"http:\/\/aeroclub-abbeville.fr\/index.php?rest_route=\/wp\/v2\/posts\/179","targetHints":{"allow":["GET"]}}],"collection":[{"href":"http:\/\/aeroclub-abbeville.fr\/index.php?rest_route=\/wp\/v2\/posts"}],"about":[{"href":"http:\/\/aeroclub-abbeville.fr\/index.php?rest_route=\/wp\/v2\/types\/post"}],"author":[{"embeddable":true,"href":"http:\/\/aeroclub-abbeville.fr\/index.php?rest_route=\/wp\/v2\/users\/67"}],"replies":[{"embeddable":true,"href":"http:\/\/aeroclub-abbeville.fr\/index.php?rest_route=%2Fwp%2Fv2%2Fcomments&post=179"}],"version-history":[{"count":0,"href":"http:\/\/aeroclub-abbeville.fr\/index.php?rest_route=\/wp\/v2\/posts\/179\/revisions"}],"wp:attachment":[{"href":"http:\/\/aeroclub-abbeville.fr\/index.php?rest_route=%2Fwp%2Fv2%2Fmedia&parent=179"}],"wp:term":[{"taxonomy":"category","embeddable":true,"href":"http:\/\/aeroclub-abbeville.fr\/index.php?rest_route=%2Fwp%2Fv2%2Fcategories&post=179"},{"taxonomy":"post_tag","embeddable":true,"href":"http:\/\/aeroclub-abbeville.fr\/index.php?rest_route=%2Fwp%2Fv2%2Ftags&post=179"}],"curies":[{"name":"wp","href":"https:\/\/api.w.org\/{rel}","templated":true}]}}