{"id":1794,"date":"2018-07-17T18:51:45","date_gmt":"2018-07-17T17:51:45","guid":{"rendered":"http:\/\/aeroclub-abbeville.fr\/?p=1794"},"modified":"2018-12-31T12:07:42","modified_gmt":"2018-12-31T11:07:42","slug":"stage-dete-a-troyes-2","status":"publish","type":"post","link":"http:\/\/aeroclub-abbeville.fr\/?p=1794","title":{"rendered":"Stage d&rsquo;\u00e9t\u00e9 \u00e0 Troyes"},"content":{"rendered":"<p>Comme chaque ann\u00e9e depuis 7 ans le club d&rsquo;Abbeville migre \u00e0 Troyes dans l&rsquo;aube pour le stage d&rsquo;\u00e9t\u00e9.<br \/>\nLes dix planeurs et le remorqueur sont donc sur la plateforme au plus grand bonheur des pilotes.<br \/>\nLes conditions atomique du d\u00e9but de stage ont d\u00e9j\u00e0 permis de nombreux kilom\u00e8tres sur la campagne.<br \/>\nnous esp\u00e9rons que les conditions reste les m\u00eame jusqu\u2019\u00e0 fin juillet <img fetchpriority=\"high\" decoding=\"async\" src=\"http:\/\/aeroclub-abbeville.fr\/wp-content\/uploads\/2018\/07\/37331035_10214642686532377_2846703731083313152_n-480x270.jpg\" alt=\"37331035_10214642686532377_2846703731083313152_n\" width=\"480\" height=\"270\" class=\"alignnone size-medium wp-image-1795\" srcset=\"http:\/\/aeroclub-abbeville.fr\/wp-content\/uploads\/2018\/07\/37331035_10214642686532377_2846703731083313152_n-480x270.jpg 480w, http:\/\/aeroclub-abbeville.fr\/wp-content\/uploads\/2018\/07\/37331035_10214642686532377_2846703731083313152_n-768x432.jpg 768w, http:\/\/aeroclub-abbeville.fr\/wp-content\/uploads\/2018\/07\/37331035_10214642686532377_2846703731083313152_n-1024x576.jpg 1024w, http:\/\/aeroclub-abbeville.fr\/wp-content\/uploads\/2018\/07\/37331035_10214642686532377_2846703731083313152_n-624x351.jpg 624w\" sizes=\"(max-width: 480px) 100vw, 480px\" \/><\/p>\n<p><img decoding=\"async\" src=\"http:\/\/aeroclub-abbeville.fr\/wp-content\/uploads\/2018\/07\/37361221_10214642686252370_2638642574528610304_n-480x270.jpg\" alt=\"37361221_10214642686252370_2638642574528610304_n\" width=\"480\" height=\"270\" class=\"alignnone size-medium wp-image-1796\" srcset=\"http:\/\/aeroclub-abbeville.fr\/wp-content\/uploads\/2018\/07\/37361221_10214642686252370_2638642574528610304_n-480x270.jpg 480w, http:\/\/aeroclub-abbeville.fr\/wp-content\/uploads\/2018\/07\/37361221_10214642686252370_2638642574528610304_n-768x432.jpg 768w, http:\/\/aeroclub-abbeville.fr\/wp-content\/uploads\/2018\/07\/37361221_10214642686252370_2638642574528610304_n-1024x576.jpg 1024w, http:\/\/aeroclub-abbeville.fr\/wp-content\/uploads\/2018\/07\/37361221_10214642686252370_2638642574528610304_n-624x351.jpg 624w\" sizes=\"(max-width: 480px) 100vw, 480px\" \/><\/p>\n<p><img decoding=\"async\" src=\"http:\/\/aeroclub-abbeville.fr\/wp-content\/uploads\/2018\/07\/37340846_10214642689812459_8377376664815927296_n-480x270.jpg\" alt=\"37340846_10214642689812459_8377376664815927296_n\" width=\"480\" height=\"270\" class=\"alignnone size-medium wp-image-1797\" srcset=\"http:\/\/aeroclub-abbeville.fr\/wp-content\/uploads\/2018\/07\/37340846_10214642689812459_8377376664815927296_n-480x270.jpg 480w, http:\/\/aeroclub-abbeville.fr\/wp-content\/uploads\/2018\/07\/37340846_10214642689812459_8377376664815927296_n-768x432.jpg 768w, http:\/\/aeroclub-abbeville.fr\/wp-content\/uploads\/2018\/07\/37340846_10214642689812459_8377376664815927296_n-1024x576.jpg 1024w, http:\/\/aeroclub-abbeville.fr\/wp-content\/uploads\/2018\/07\/37340846_10214642689812459_8377376664815927296_n-624x351.jpg 624w\" sizes=\"(max-width: 480px) 100vw, 480px\" \/><\/p>\n<p><img loading=\"lazy\" decoding=\"async\" src=\"http:\/\/aeroclub-abbeville.fr\/wp-content\/uploads\/2018\/07\/37394746_10214642696612629_3483436004264640512_n-480x360.jpg\" alt=\"37394746_10214642696612629_3483436004264640512_n\" width=\"480\" height=\"360\" class=\"alignnone size-medium wp-image-1798\" srcset=\"http:\/\/aeroclub-abbeville.fr\/wp-content\/uploads\/2018\/07\/37394746_10214642696612629_3483436004264640512_n-480x360.jpg 480w, http:\/\/aeroclub-abbeville.fr\/wp-content\/uploads\/2018\/07\/37394746_10214642696612629_3483436004264640512_n-768x577.jpg 768w, http:\/\/aeroclub-abbeville.fr\/wp-content\/uploads\/2018\/07\/37394746_10214642696612629_3483436004264640512_n-1024x769.jpg 1024w, http:\/\/aeroclub-abbeville.fr\/wp-content\/uploads\/2018\/07\/37394746_10214642696612629_3483436004264640512_n-624x469.jpg 624w, http:\/\/aeroclub-abbeville.fr\/wp-content\/uploads\/2018\/07\/37394746_10214642696612629_3483436004264640512_n.jpg 1080w\" sizes=\"(max-width: 480px) 100vw, 480px\" \/><\/p>\n","protected":false},"excerpt":{"rendered":"<p>Comme chaque ann\u00e9e depuis 7 ans le club d&rsquo;Abbeville migre \u00e0 Troyes dans l&rsquo;aube pour le stage d&rsquo;\u00e9t\u00e9. Les dix planeurs et le remorqueur sont donc sur la plateforme au plus grand bonheur des pilotes. Les conditions atomique du d\u00e9but de stage ont d\u00e9j\u00e0 permis de nombreux kilom\u00e8tres sur la campagne. nous esp\u00e9rons que les [&hellip;]<\/p>\n","protected":false},"author":4,"featured_media":0,"comment_status":"closed","ping_status":"closed","sticky":false,"template":"","format":"standard","meta":{"inline_featured_image":false,"footnotes":""},"categories":[3,1,19],"tags":[],"class_list":["post-1794","post","type-post","status-publish","format-standard","hentry","category-club","category-non-classe","category-vol-a-voile"],"_links":{"self":[{"href":"http:\/\/aeroclub-abbeville.fr\/index.php?rest_route=\/wp\/v2\/posts\/1794","targetHints":{"allow":["GET"]}}],"collection":[{"href":"http:\/\/aeroclub-abbeville.fr\/index.php?rest_route=\/wp\/v2\/posts"}],"about":[{"href":"http:\/\/aeroclub-abbeville.fr\/index.php?rest_route=\/wp\/v2\/types\/post"}],"author":[{"embeddable":true,"href":"http:\/\/aeroclub-abbeville.fr\/index.php?rest_route=\/wp\/v2\/users\/4"}],"replies":[{"embeddable":true,"href":"http:\/\/aeroclub-abbeville.fr\/index.php?rest_route=%2Fwp%2Fv2%2Fcomments&post=1794"}],"version-history":[{"count":1,"href":"http:\/\/aeroclub-abbeville.fr\/index.php?rest_route=\/wp\/v2\/posts\/1794\/revisions"}],"predecessor-version":[{"id":1799,"href":"http:\/\/aeroclub-abbeville.fr\/index.php?rest_route=\/wp\/v2\/posts\/1794\/revisions\/1799"}],"wp:attachment":[{"href":"http:\/\/aeroclub-abbeville.fr\/index.php?rest_route=%2Fwp%2Fv2%2Fmedia&parent=1794"}],"wp:term":[{"taxonomy":"category","embeddable":true,"href":"http:\/\/aeroclub-abbeville.fr\/index.php?rest_route=%2Fwp%2Fv2%2Fcategories&post=1794"},{"taxonomy":"post_tag","embeddable":true,"href":"http:\/\/aeroclub-abbeville.fr\/index.php?rest_route=%2Fwp%2Fv2%2Ftags&post=1794"}],"curies":[{"name":"wp","href":"https:\/\/api.w.org\/{rel}","templated":true}]}}