{"id":1808,"date":"2018-07-24T08:52:54","date_gmt":"2018-07-24T07:52:54","guid":{"rendered":"http:\/\/aeroclub-abbeville.fr\/?p=1808"},"modified":"2018-12-31T12:06:37","modified_gmt":"2018-12-31T11:06:37","slug":"bilan-de-la-premiere-semaine-de-stage-a-troyes","status":"publish","type":"post","link":"http:\/\/aeroclub-abbeville.fr\/?p=1808","title":{"rendered":"Bilan de la premi\u00e8re semaine de stage \u00e0 Troyes"},"content":{"rendered":"<p>Depuis le 14 juillet le club d\u2019Abbeville est en d\u00e9placement sur la plateforme de Troyes pour le stage d\u2019\u00e9t\u00e9.<br \/>\nNous comptons plus de 301heures de vol sur les 10 planeurs pr\u00e9sents au stage.<br \/>\nAvec plus de 14 000 kilom\u00e8tres sur la campagne, un l\u00e2ch\u00e9 planeur, un l\u00e2ch\u00e9 campagne, de nombreuses \u00e9tapes de 5 heures de vol pour nos jeunes l\u00e2ch\u00e9s, le stage bat son plein.<br \/>\nLa deuxi\u00e8me semaine sera davantage bas\u00e9e sur la formation de d\u00e9butants avec nos 6 \u00e9l\u00e8ves pr\u00e9sents.<br \/>\nMais \u00e9galement de nombreux circuits =) <\/p>\n<p>A la semaine prochaine pour le bilan du stage<\/p>\n<p><img fetchpriority=\"high\" decoding=\"async\" src=\"http:\/\/aeroclub-abbeville.fr\/wp-content\/uploads\/2018\/07\/37537791_288529588377700_7391620144977412096_n-480x360.jpg\" alt=\"37537791_288529588377700_7391620144977412096_n\" width=\"480\" height=\"360\" class=\"alignnone size-medium wp-image-1801\" srcset=\"http:\/\/aeroclub-abbeville.fr\/wp-content\/uploads\/2018\/07\/37537791_288529588377700_7391620144977412096_n-480x360.jpg 480w, http:\/\/aeroclub-abbeville.fr\/wp-content\/uploads\/2018\/07\/37537791_288529588377700_7391620144977412096_n-768x576.jpg 768w, http:\/\/aeroclub-abbeville.fr\/wp-content\/uploads\/2018\/07\/37537791_288529588377700_7391620144977412096_n-1024x768.jpg 1024w, http:\/\/aeroclub-abbeville.fr\/wp-content\/uploads\/2018\/07\/37537791_288529588377700_7391620144977412096_n-624x468.jpg 624w\" sizes=\"(max-width: 480px) 100vw, 480px\" \/><\/p>\n<p><img decoding=\"async\" src=\"http:\/\/aeroclub-abbeville.fr\/wp-content\/uploads\/2018\/07\/37537818_288580951705897_5329984118606266368_n-360x480.jpg\" alt=\"37537818_288580951705897_5329984118606266368_n\" width=\"360\" height=\"480\" class=\"alignnone size-medium wp-image-1802\" \/><\/p>\n<p><img decoding=\"async\" src=\"http:\/\/aeroclub-abbeville.fr\/wp-content\/uploads\/2018\/07\/37559722_288529398377719_6820162939379515392_n-480x360.jpg\" alt=\"37559722_288529398377719_6820162939379515392_n\" width=\"480\" height=\"360\" class=\"alignnone size-medium wp-image-1805\" srcset=\"http:\/\/aeroclub-abbeville.fr\/wp-content\/uploads\/2018\/07\/37559722_288529398377719_6820162939379515392_n-480x360.jpg 480w, http:\/\/aeroclub-abbeville.fr\/wp-content\/uploads\/2018\/07\/37559722_288529398377719_6820162939379515392_n-768x576.jpg 768w, http:\/\/aeroclub-abbeville.fr\/wp-content\/uploads\/2018\/07\/37559722_288529398377719_6820162939379515392_n-1024x768.jpg 1024w, http:\/\/aeroclub-abbeville.fr\/wp-content\/uploads\/2018\/07\/37559722_288529398377719_6820162939379515392_n-624x468.jpg 624w\" sizes=\"(max-width: 480px) 100vw, 480px\" \/><\/p>\n","protected":false},"excerpt":{"rendered":"<p>Depuis le 14 juillet le club d\u2019Abbeville est en d\u00e9placement sur la plateforme de Troyes pour le stage d\u2019\u00e9t\u00e9. Nous comptons plus de 301heures de vol sur les 10 planeurs pr\u00e9sents au stage. Avec plus de 14 000 kilom\u00e8tres sur la campagne, un l\u00e2ch\u00e9 planeur, un l\u00e2ch\u00e9 campagne, de nombreuses \u00e9tapes de 5 heures de [&hellip;]<\/p>\n","protected":false},"author":4,"featured_media":0,"comment_status":"closed","ping_status":"closed","sticky":false,"template":"","format":"standard","meta":{"inline_featured_image":false,"footnotes":""},"categories":[3,19],"tags":[],"class_list":["post-1808","post","type-post","status-publish","format-standard","hentry","category-club","category-vol-a-voile"],"_links":{"self":[{"href":"http:\/\/aeroclub-abbeville.fr\/index.php?rest_route=\/wp\/v2\/posts\/1808","targetHints":{"allow":["GET"]}}],"collection":[{"href":"http:\/\/aeroclub-abbeville.fr\/index.php?rest_route=\/wp\/v2\/posts"}],"about":[{"href":"http:\/\/aeroclub-abbeville.fr\/index.php?rest_route=\/wp\/v2\/types\/post"}],"author":[{"embeddable":true,"href":"http:\/\/aeroclub-abbeville.fr\/index.php?rest_route=\/wp\/v2\/users\/4"}],"replies":[{"embeddable":true,"href":"http:\/\/aeroclub-abbeville.fr\/index.php?rest_route=%2Fwp%2Fv2%2Fcomments&post=1808"}],"version-history":[{"count":2,"href":"http:\/\/aeroclub-abbeville.fr\/index.php?rest_route=\/wp\/v2\/posts\/1808\/revisions"}],"predecessor-version":[{"id":1810,"href":"http:\/\/aeroclub-abbeville.fr\/index.php?rest_route=\/wp\/v2\/posts\/1808\/revisions\/1810"}],"wp:attachment":[{"href":"http:\/\/aeroclub-abbeville.fr\/index.php?rest_route=%2Fwp%2Fv2%2Fmedia&parent=1808"}],"wp:term":[{"taxonomy":"category","embeddable":true,"href":"http:\/\/aeroclub-abbeville.fr\/index.php?rest_route=%2Fwp%2Fv2%2Fcategories&post=1808"},{"taxonomy":"post_tag","embeddable":true,"href":"http:\/\/aeroclub-abbeville.fr\/index.php?rest_route=%2Fwp%2Fv2%2Ftags&post=1808"}],"curies":[{"name":"wp","href":"https:\/\/api.w.org\/{rel}","templated":true}]}}