{"id":1813,"date":"2018-08-08T20:31:26","date_gmt":"2018-08-08T19:31:26","guid":{"rendered":"http:\/\/aeroclub-abbeville.fr\/?p=1813"},"modified":"2018-12-31T12:05:48","modified_gmt":"2018-12-31T11:05:48","slug":"fin-des-deux-semaines-du-stage-de-troyes","status":"publish","type":"post","link":"http:\/\/aeroclub-abbeville.fr\/?p=1813","title":{"rendered":"Fin des deux semaines du stage de Troyes"},"content":{"rendered":"<p>Apr\u00e8s 509heures et 20minutes de vol dans le ciel Aubois, les v\u00e9livoles sont rentr\u00e9s sur Abbeville tr\u00e8s heureux de leur stage.<br \/>\n     Ils auront parcouru plus de 21096 kilom\u00e8tres sur la campagne, faits plus de 254 remorqu\u00e9s et 125 heures d\u2019instruction.<br \/>\n    Ce stage aura \u00e9galement permis aux jeunes d\u2019avancer tr\u00e8s rapidement dans leurs progressions avec des l\u00e2ch\u00e9s, des vols d\u2019une heure, de 5 heures ainsi que deux l\u00e2ch\u00e9es campagnes et de nombreux circuits pour nos plus aguerris pilotes.<\/p>\n<p>La saison n\u2019est pas finie, m\u00eame si les plafonds Picards ne sont pas aussi bons qu\u2019\u00e0 Troyes, nous pouvons tout de m\u00eame bien voler sur Abbeville. De plus il nous manque 150heures pour que nous puisons d\u00e9passer les 1 000 heures de vol.<br \/>\nAlors \u00e0 tr\u00e8s vite sur Abbeville <\/p>\n<p><img fetchpriority=\"high\" decoding=\"async\" src=\"http:\/\/aeroclub-abbeville.fr\/wp-content\/uploads\/2018\/08\/DSC_0074-2-480x318.jpg\" alt=\"DSC_0074 (2)\" width=\"480\" height=\"318\" class=\"alignnone size-medium wp-image-1815\" srcset=\"http:\/\/aeroclub-abbeville.fr\/wp-content\/uploads\/2018\/08\/DSC_0074-2-480x318.jpg 480w, http:\/\/aeroclub-abbeville.fr\/wp-content\/uploads\/2018\/08\/DSC_0074-2-768x509.jpg 768w, http:\/\/aeroclub-abbeville.fr\/wp-content\/uploads\/2018\/08\/DSC_0074-2-1024x678.jpg 1024w, http:\/\/aeroclub-abbeville.fr\/wp-content\/uploads\/2018\/08\/DSC_0074-2-624x413.jpg 624w\" sizes=\"(max-width: 480px) 100vw, 480px\" \/><\/p>\n<p><img decoding=\"async\" src=\"http:\/\/aeroclub-abbeville.fr\/wp-content\/uploads\/2018\/08\/38391415_10214761508702857_115595978165190656_n-480x270.jpg\" alt=\"38391415_10214761508702857_115595978165190656_n\" width=\"480\" height=\"270\" class=\"alignnone size-medium wp-image-1818\" srcset=\"http:\/\/aeroclub-abbeville.fr\/wp-content\/uploads\/2018\/08\/38391415_10214761508702857_115595978165190656_n-480x270.jpg 480w, http:\/\/aeroclub-abbeville.fr\/wp-content\/uploads\/2018\/08\/38391415_10214761508702857_115595978165190656_n-768x432.jpg 768w, http:\/\/aeroclub-abbeville.fr\/wp-content\/uploads\/2018\/08\/38391415_10214761508702857_115595978165190656_n-1024x576.jpg 1024w, http:\/\/aeroclub-abbeville.fr\/wp-content\/uploads\/2018\/08\/38391415_10214761508702857_115595978165190656_n-624x351.jpg 624w\" sizes=\"(max-width: 480px) 100vw, 480px\" \/><\/p>\n<p><img decoding=\"async\" src=\"http:\/\/aeroclub-abbeville.fr\/wp-content\/uploads\/2018\/08\/38458679_10214761504102742_550363968372211712_n-480x272.jpg\" alt=\"38458679_10214761504102742_550363968372211712_n\" width=\"480\" height=\"272\" class=\"alignnone size-medium wp-image-1819\" srcset=\"http:\/\/aeroclub-abbeville.fr\/wp-content\/uploads\/2018\/08\/38458679_10214761504102742_550363968372211712_n-480x272.jpg 480w, http:\/\/aeroclub-abbeville.fr\/wp-content\/uploads\/2018\/08\/38458679_10214761504102742_550363968372211712_n-768x435.jpg 768w, http:\/\/aeroclub-abbeville.fr\/wp-content\/uploads\/2018\/08\/38458679_10214761504102742_550363968372211712_n-1024x580.jpg 1024w, http:\/\/aeroclub-abbeville.fr\/wp-content\/uploads\/2018\/08\/38458679_10214761504102742_550363968372211712_n-624x354.jpg 624w, http:\/\/aeroclub-abbeville.fr\/wp-content\/uploads\/2018\/08\/38458679_10214761504102742_550363968372211712_n.jpg 1920w\" sizes=\"(max-width: 480px) 100vw, 480px\" \/><\/p>\n","protected":false},"excerpt":{"rendered":"<p>Apr\u00e8s 509heures et 20minutes de vol dans le ciel Aubois, les v\u00e9livoles sont rentr\u00e9s sur Abbeville tr\u00e8s heureux de leur stage. Ils auront parcouru plus de 21096 kilom\u00e8tres sur la campagne, faits plus de 254 remorqu\u00e9s et 125 heures d\u2019instruction. Ce stage aura \u00e9galement permis aux jeunes d\u2019avancer tr\u00e8s rapidement dans leurs progressions avec des [&hellip;]<\/p>\n","protected":false},"author":4,"featured_media":0,"comment_status":"closed","ping_status":"closed","sticky":false,"template":"","format":"standard","meta":{"inline_featured_image":false,"footnotes":""},"categories":[1,19],"tags":[],"class_list":["post-1813","post","type-post","status-publish","format-standard","hentry","category-non-classe","category-vol-a-voile"],"_links":{"self":[{"href":"http:\/\/aeroclub-abbeville.fr\/index.php?rest_route=\/wp\/v2\/posts\/1813","targetHints":{"allow":["GET"]}}],"collection":[{"href":"http:\/\/aeroclub-abbeville.fr\/index.php?rest_route=\/wp\/v2\/posts"}],"about":[{"href":"http:\/\/aeroclub-abbeville.fr\/index.php?rest_route=\/wp\/v2\/types\/post"}],"author":[{"embeddable":true,"href":"http:\/\/aeroclub-abbeville.fr\/index.php?rest_route=\/wp\/v2\/users\/4"}],"replies":[{"embeddable":true,"href":"http:\/\/aeroclub-abbeville.fr\/index.php?rest_route=%2Fwp%2Fv2%2Fcomments&post=1813"}],"version-history":[{"count":4,"href":"http:\/\/aeroclub-abbeville.fr\/index.php?rest_route=\/wp\/v2\/posts\/1813\/revisions"}],"predecessor-version":[{"id":1823,"href":"http:\/\/aeroclub-abbeville.fr\/index.php?rest_route=\/wp\/v2\/posts\/1813\/revisions\/1823"}],"wp:attachment":[{"href":"http:\/\/aeroclub-abbeville.fr\/index.php?rest_route=%2Fwp%2Fv2%2Fmedia&parent=1813"}],"wp:term":[{"taxonomy":"category","embeddable":true,"href":"http:\/\/aeroclub-abbeville.fr\/index.php?rest_route=%2Fwp%2Fv2%2Fcategories&post=1813"},{"taxonomy":"post_tag","embeddable":true,"href":"http:\/\/aeroclub-abbeville.fr\/index.php?rest_route=%2Fwp%2Fv2%2Ftags&post=1813"}],"curies":[{"name":"wp","href":"https:\/\/api.w.org\/{rel}","templated":true}]}}