{"id":1849,"date":"2018-11-12T10:43:48","date_gmt":"2018-11-12T09:43:48","guid":{"rendered":"http:\/\/aeroclub-abbeville.fr\/?p=1849"},"modified":"2018-11-12T10:50:38","modified_gmt":"2018-11-12T09:50:38","slug":"notre-nouveau-simulateur","status":"publish","type":"post","link":"http:\/\/aeroclub-abbeville.fr\/?p=1849","title":{"rendered":"Conf\u00e9rence"},"content":{"rendered":"<p>Conf\u00e9rence passionnante ce samedi 10 novembre, \u00e0 l&rsquo;initiative de Christian GALLI: Jacky RAMON, l&rsquo;un des derniers pilotes du Concorde, nous a parl\u00e9 de son m\u00e9tier et de cet avion mythique:<\/p>\n<p><img fetchpriority=\"high\" decoding=\"async\" class=\"alignnone size-medium wp-image-1856\" src=\"http:\/\/aeroclub-abbeville.fr\/wp-content\/uploads\/2018\/11\/IMG_20181110_201724-480x360.jpg\" alt=\"IMG_20181110_201724\" width=\"480\" height=\"360\" srcset=\"http:\/\/aeroclub-abbeville.fr\/wp-content\/uploads\/2018\/11\/IMG_20181110_201724-480x360.jpg 480w, http:\/\/aeroclub-abbeville.fr\/wp-content\/uploads\/2018\/11\/IMG_20181110_201724-768x576.jpg 768w, http:\/\/aeroclub-abbeville.fr\/wp-content\/uploads\/2018\/11\/IMG_20181110_201724-624x468.jpg 624w, http:\/\/aeroclub-abbeville.fr\/wp-content\/uploads\/2018\/11\/IMG_20181110_201724.jpg 979w\" sizes=\"(max-width: 480px) 100vw, 480px\" \/><\/p>\n<p>Les tr\u00e8s nombreuses personnes qui ont assist\u00e9 \u00e0 cette pr\u00e9sentation (membres du club et ext\u00e9rieurs) ont \u00e9t\u00e9 captiv\u00e9s par le sujet et la gentillesse de Jacky qui a su partager sa passion et son exp\u00e9rience incomparable.<\/p>\n","protected":false},"excerpt":{"rendered":"<p>Conf\u00e9rence passionnante ce samedi 10 novembre, \u00e0 l&rsquo;initiative de Christian GALLI: Jacky RAMON, l&rsquo;un des derniers pilotes du Concorde, nous a parl\u00e9 de son m\u00e9tier et de cet avion mythique: Les tr\u00e8s nombreuses personnes qui ont assist\u00e9 \u00e0 cette pr\u00e9sentation (membres du club et ext\u00e9rieurs) ont \u00e9t\u00e9 captiv\u00e9s par le sujet et la gentillesse de [&hellip;]<\/p>\n","protected":false},"author":20,"featured_media":0,"comment_status":"closed","ping_status":"closed","sticky":false,"template":"","format":"standard","meta":{"inline_featured_image":false,"footnotes":""},"categories":[1],"tags":[],"class_list":["post-1849","post","type-post","status-publish","format-standard","hentry","category-non-classe"],"_links":{"self":[{"href":"http:\/\/aeroclub-abbeville.fr\/index.php?rest_route=\/wp\/v2\/posts\/1849","targetHints":{"allow":["GET"]}}],"collection":[{"href":"http:\/\/aeroclub-abbeville.fr\/index.php?rest_route=\/wp\/v2\/posts"}],"about":[{"href":"http:\/\/aeroclub-abbeville.fr\/index.php?rest_route=\/wp\/v2\/types\/post"}],"author":[{"embeddable":true,"href":"http:\/\/aeroclub-abbeville.fr\/index.php?rest_route=\/wp\/v2\/users\/20"}],"replies":[{"embeddable":true,"href":"http:\/\/aeroclub-abbeville.fr\/index.php?rest_route=%2Fwp%2Fv2%2Fcomments&post=1849"}],"version-history":[{"count":5,"href":"http:\/\/aeroclub-abbeville.fr\/index.php?rest_route=\/wp\/v2\/posts\/1849\/revisions"}],"predecessor-version":[{"id":1857,"href":"http:\/\/aeroclub-abbeville.fr\/index.php?rest_route=\/wp\/v2\/posts\/1849\/revisions\/1857"}],"wp:attachment":[{"href":"http:\/\/aeroclub-abbeville.fr\/index.php?rest_route=%2Fwp%2Fv2%2Fmedia&parent=1849"}],"wp:term":[{"taxonomy":"category","embeddable":true,"href":"http:\/\/aeroclub-abbeville.fr\/index.php?rest_route=%2Fwp%2Fv2%2Fcategories&post=1849"},{"taxonomy":"post_tag","embeddable":true,"href":"http:\/\/aeroclub-abbeville.fr\/index.php?rest_route=%2Fwp%2Fv2%2Ftags&post=1849"}],"curies":[{"name":"wp","href":"https:\/\/api.w.org\/{rel}","templated":true}]}}