{"id":1858,"date":"2018-11-12T10:55:23","date_gmt":"2018-11-12T09:55:23","guid":{"rendered":"http:\/\/aeroclub-abbeville.fr\/?p=1858"},"modified":"2018-11-12T10:55:23","modified_gmt":"2018-11-12T09:55:23","slug":"notre-simulateur","status":"publish","type":"post","link":"http:\/\/aeroclub-abbeville.fr\/?p=1858","title":{"rendered":"Notre simulateur"},"content":{"rendered":"<p>Notre simulateur avion est d\u00e9sormais op\u00e9rationnel.<\/p>\n<p>Merci aux deux Fr\u00e9d\u00e9ric (PEIGNOT et DUBOIS) et \u00e0 Aur\u00e9lien, pour leur travail exceptionnel.<img fetchpriority=\"high\" decoding=\"async\" class=\"alignnone size-medium wp-image-1852\" src=\"http:\/\/aeroclub-abbeville.fr\/wp-content\/uploads\/2018\/11\/Simu-avion-10-11-2018-r\u00e9duit-480x360.jpg\" alt=\"Simu avion 10-11-2018 r\u00e9duit\" width=\"480\" height=\"360\" srcset=\"http:\/\/aeroclub-abbeville.fr\/wp-content\/uploads\/2018\/11\/Simu-avion-10-11-2018-r\u00e9duit-480x360.jpg 480w, http:\/\/aeroclub-abbeville.fr\/wp-content\/uploads\/2018\/11\/Simu-avion-10-11-2018-r\u00e9duit.jpg 490w\" sizes=\"(max-width: 480px) 100vw, 480px\" \/><\/p>\n<p>Pour utiliser cette installation, contactez les Fr\u00e9d\u00e9ric ou moi-m\u00eame (06 75 29 84 90).<\/p>\n","protected":false},"excerpt":{"rendered":"<p>Notre simulateur avion est d\u00e9sormais op\u00e9rationnel. Merci aux deux Fr\u00e9d\u00e9ric (PEIGNOT et DUBOIS) et \u00e0 Aur\u00e9lien, pour leur travail exceptionnel. Pour utiliser cette installation, contactez les Fr\u00e9d\u00e9ric ou moi-m\u00eame (06 75 29 84 90).<\/p>\n","protected":false},"author":20,"featured_media":0,"comment_status":"closed","ping_status":"closed","sticky":false,"template":"","format":"standard","meta":{"inline_featured_image":false,"footnotes":""},"categories":[1],"tags":[],"class_list":["post-1858","post","type-post","status-publish","format-standard","hentry","category-non-classe"],"_links":{"self":[{"href":"http:\/\/aeroclub-abbeville.fr\/index.php?rest_route=\/wp\/v2\/posts\/1858","targetHints":{"allow":["GET"]}}],"collection":[{"href":"http:\/\/aeroclub-abbeville.fr\/index.php?rest_route=\/wp\/v2\/posts"}],"about":[{"href":"http:\/\/aeroclub-abbeville.fr\/index.php?rest_route=\/wp\/v2\/types\/post"}],"author":[{"embeddable":true,"href":"http:\/\/aeroclub-abbeville.fr\/index.php?rest_route=\/wp\/v2\/users\/20"}],"replies":[{"embeddable":true,"href":"http:\/\/aeroclub-abbeville.fr\/index.php?rest_route=%2Fwp%2Fv2%2Fcomments&post=1858"}],"version-history":[{"count":1,"href":"http:\/\/aeroclub-abbeville.fr\/index.php?rest_route=\/wp\/v2\/posts\/1858\/revisions"}],"predecessor-version":[{"id":1859,"href":"http:\/\/aeroclub-abbeville.fr\/index.php?rest_route=\/wp\/v2\/posts\/1858\/revisions\/1859"}],"wp:attachment":[{"href":"http:\/\/aeroclub-abbeville.fr\/index.php?rest_route=%2Fwp%2Fv2%2Fmedia&parent=1858"}],"wp:term":[{"taxonomy":"category","embeddable":true,"href":"http:\/\/aeroclub-abbeville.fr\/index.php?rest_route=%2Fwp%2Fv2%2Fcategories&post=1858"},{"taxonomy":"post_tag","embeddable":true,"href":"http:\/\/aeroclub-abbeville.fr\/index.php?rest_route=%2Fwp%2Fv2%2Ftags&post=1858"}],"curies":[{"name":"wp","href":"https:\/\/api.w.org\/{rel}","templated":true}]}}