{"id":1861,"date":"2018-12-18T08:31:02","date_gmt":"2018-12-18T07:31:02","guid":{"rendered":"http:\/\/aeroclub-abbeville.fr\/?p=1861"},"modified":"2018-12-18T09:47:11","modified_gmt":"2018-12-18T08:47:11","slug":"meilleurs-voeux-pour-2019","status":"publish","type":"post","link":"http:\/\/aeroclub-abbeville.fr\/?p=1861","title":{"rendered":"Meilleurs v\u0153ux pour 2019"},"content":{"rendered":"<p>Toute l&rsquo;\u00e9quipe de l&rsquo;a\u00e9roclub vous souhaite d&rsquo;excellentes f\u00eates de fin d&rsquo;ann\u00e9e et vous pr\u00e9sente ses v\u0153ux pour 2019.<\/p>\n<p><img fetchpriority=\"high\" decoding=\"async\" class=\"alignnone size-medium wp-image-1862\" src=\"http:\/\/aeroclub-abbeville.fr\/wp-content\/uploads\/2018\/12\/Voeux-2019-480x247.jpg\" alt=\"Voeux 2019\" width=\"480\" height=\"247\" srcset=\"http:\/\/aeroclub-abbeville.fr\/wp-content\/uploads\/2018\/12\/Voeux-2019-480x247.jpg 480w, http:\/\/aeroclub-abbeville.fr\/wp-content\/uploads\/2018\/12\/Voeux-2019-624x321.jpg 624w, http:\/\/aeroclub-abbeville.fr\/wp-content\/uploads\/2018\/12\/Voeux-2019.jpg 752w\" sizes=\"(max-width: 480px) 100vw, 480px\" \/><\/p>\n<p>Pour terminer en toute convivialit\u00e9 cette ann\u00e9e, vous \u00eates invit\u00e9s un un pot offert par le club le samedi 29 d\u00e9cembre \u00e0 18 heures. Nous vous attendons.<\/p>\n","protected":false},"excerpt":{"rendered":"<p>Toute l&rsquo;\u00e9quipe de l&rsquo;a\u00e9roclub vous souhaite d&rsquo;excellentes f\u00eates de fin d&rsquo;ann\u00e9e et vous pr\u00e9sente ses v\u0153ux pour 2019. Pour terminer en toute convivialit\u00e9 cette ann\u00e9e, vous \u00eates invit\u00e9s un un pot offert par le club le samedi 29 d\u00e9cembre \u00e0 18 heures. Nous vous attendons.<\/p>\n","protected":false},"author":20,"featured_media":0,"comment_status":"closed","ping_status":"closed","sticky":false,"template":"","format":"standard","meta":{"inline_featured_image":false,"footnotes":""},"categories":[1],"tags":[],"class_list":["post-1861","post","type-post","status-publish","format-standard","hentry","category-non-classe"],"_links":{"self":[{"href":"http:\/\/aeroclub-abbeville.fr\/index.php?rest_route=\/wp\/v2\/posts\/1861","targetHints":{"allow":["GET"]}}],"collection":[{"href":"http:\/\/aeroclub-abbeville.fr\/index.php?rest_route=\/wp\/v2\/posts"}],"about":[{"href":"http:\/\/aeroclub-abbeville.fr\/index.php?rest_route=\/wp\/v2\/types\/post"}],"author":[{"embeddable":true,"href":"http:\/\/aeroclub-abbeville.fr\/index.php?rest_route=\/wp\/v2\/users\/20"}],"replies":[{"embeddable":true,"href":"http:\/\/aeroclub-abbeville.fr\/index.php?rest_route=%2Fwp%2Fv2%2Fcomments&post=1861"}],"version-history":[{"count":3,"href":"http:\/\/aeroclub-abbeville.fr\/index.php?rest_route=\/wp\/v2\/posts\/1861\/revisions"}],"predecessor-version":[{"id":1865,"href":"http:\/\/aeroclub-abbeville.fr\/index.php?rest_route=\/wp\/v2\/posts\/1861\/revisions\/1865"}],"wp:attachment":[{"href":"http:\/\/aeroclub-abbeville.fr\/index.php?rest_route=%2Fwp%2Fv2%2Fmedia&parent=1861"}],"wp:term":[{"taxonomy":"category","embeddable":true,"href":"http:\/\/aeroclub-abbeville.fr\/index.php?rest_route=%2Fwp%2Fv2%2Fcategories&post=1861"},{"taxonomy":"post_tag","embeddable":true,"href":"http:\/\/aeroclub-abbeville.fr\/index.php?rest_route=%2Fwp%2Fv2%2Ftags&post=1861"}],"curies":[{"name":"wp","href":"https:\/\/api.w.org\/{rel}","templated":true}]}}