{"id":1881,"date":"2019-04-29T20:29:59","date_gmt":"2019-04-29T19:29:59","guid":{"rendered":"http:\/\/aeroclub-abbeville.fr\/?p=1881"},"modified":"2019-05-11T13:33:35","modified_gmt":"2019-05-11T12:33:35","slug":"peau-neuve-pour-lask21","status":"publish","type":"post","link":"http:\/\/aeroclub-abbeville.fr\/?p=1881","title":{"rendered":"Peau neuve pour l&rsquo;ASK21"},"content":{"rendered":"\n<p>29 Avril 2019<\/p>\n\n\n\n<p>Apr\u00e8s 3 mois dans les ateliers en Slov\u00e9nie, l&rsquo;ASK21 est revenu tout beau tout blanc.  <br>Pr\u00eat pour de nombreuses ann\u00e9es pour le bonheur des \u00e9l\u00e8ves. <\/p>\n\n\n\n<p><br>Merci \u00e0 Olivier et Brigitte pour le d\u00e9placement en Slov\u00e9nie. <\/p>\n\n\n\n<figure class=\"wp-block-image\"><img fetchpriority=\"high\" decoding=\"async\" width=\"1024\" height=\"682\" src=\"http:\/\/aeroclub-abbeville.fr\/wp-content\/uploads\/2019\/04\/IMG_1651-1024x682.jpg\" alt=\"\" class=\"wp-image-1882\" srcset=\"http:\/\/aeroclub-abbeville.fr\/wp-content\/uploads\/2019\/04\/IMG_1651-1024x682.jpg 1024w, http:\/\/aeroclub-abbeville.fr\/wp-content\/uploads\/2019\/04\/IMG_1651-480x320.jpg 480w, http:\/\/aeroclub-abbeville.fr\/wp-content\/uploads\/2019\/04\/IMG_1651-768x511.jpg 768w, http:\/\/aeroclub-abbeville.fr\/wp-content\/uploads\/2019\/04\/IMG_1651-624x416.jpg 624w\" sizes=\"(max-width: 1024px) 100vw, 1024px\" \/><figcaption>dans l&rsquo;atelier<\/figcaption><\/figure>\n\n\n\n<div class=\"wp-block-image\"><figure class=\"aligncenter is-resized\"><img decoding=\"async\" src=\"http:\/\/aeroclub-abbeville.fr\/wp-content\/uploads\/2019\/05\/IMG_1668-682x1024.png\" alt=\"\" class=\"wp-image-1926\" width=\"512\" height=\"768\" srcset=\"http:\/\/aeroclub-abbeville.fr\/wp-content\/uploads\/2019\/05\/IMG_1668.png 682w, http:\/\/aeroclub-abbeville.fr\/wp-content\/uploads\/2019\/05\/IMG_1668-320x480.png 320w, http:\/\/aeroclub-abbeville.fr\/wp-content\/uploads\/2019\/05\/IMG_1668-624x937.png 624w\" sizes=\"(max-width: 512px) 100vw, 512px\" \/><figcaption>En remorque<\/figcaption><\/figure><\/div>\n","protected":false},"excerpt":{"rendered":"<p>29 Avril 2019 Apr\u00e8s 3 mois dans les ateliers en Slov\u00e9nie, l&rsquo;ASK21 est revenu tout beau tout blanc. Pr\u00eat pour de nombreuses ann\u00e9es pour le bonheur des \u00e9l\u00e8ves. Merci \u00e0 Olivier et Brigitte pour le d\u00e9placement en Slov\u00e9nie.<\/p>\n","protected":false},"author":4,"featured_media":0,"comment_status":"closed","ping_status":"closed","sticky":false,"template":"","format":"standard","meta":{"inline_featured_image":false,"footnotes":""},"categories":[5,13,19],"tags":[],"class_list":["post-1881","post","type-post","status-publish","format-standard","hentry","category-entretien","category-planeur","category-vol-a-voile"],"_links":{"self":[{"href":"http:\/\/aeroclub-abbeville.fr\/index.php?rest_route=\/wp\/v2\/posts\/1881","targetHints":{"allow":["GET"]}}],"collection":[{"href":"http:\/\/aeroclub-abbeville.fr\/index.php?rest_route=\/wp\/v2\/posts"}],"about":[{"href":"http:\/\/aeroclub-abbeville.fr\/index.php?rest_route=\/wp\/v2\/types\/post"}],"author":[{"embeddable":true,"href":"http:\/\/aeroclub-abbeville.fr\/index.php?rest_route=\/wp\/v2\/users\/4"}],"replies":[{"embeddable":true,"href":"http:\/\/aeroclub-abbeville.fr\/index.php?rest_route=%2Fwp%2Fv2%2Fcomments&post=1881"}],"version-history":[{"count":5,"href":"http:\/\/aeroclub-abbeville.fr\/index.php?rest_route=\/wp\/v2\/posts\/1881\/revisions"}],"predecessor-version":[{"id":1997,"href":"http:\/\/aeroclub-abbeville.fr\/index.php?rest_route=\/wp\/v2\/posts\/1881\/revisions\/1997"}],"wp:attachment":[{"href":"http:\/\/aeroclub-abbeville.fr\/index.php?rest_route=%2Fwp%2Fv2%2Fmedia&parent=1881"}],"wp:term":[{"taxonomy":"category","embeddable":true,"href":"http:\/\/aeroclub-abbeville.fr\/index.php?rest_route=%2Fwp%2Fv2%2Fcategories&post=1881"},{"taxonomy":"post_tag","embeddable":true,"href":"http:\/\/aeroclub-abbeville.fr\/index.php?rest_route=%2Fwp%2Fv2%2Ftags&post=1881"}],"curies":[{"name":"wp","href":"https:\/\/api.w.org\/{rel}","templated":true}]}}