{"id":19,"date":"2013-12-16T21:40:55","date_gmt":"2013-12-16T20:40:55","guid":{"rendered":"http:\/\/web.aeroclub-abbeville.fr\/aeroclub\/?p=19"},"modified":"2013-12-16T21:40:55","modified_gmt":"2013-12-16T20:40:55","slug":"jean-paul","status":"publish","type":"post","link":"http:\/\/aeroclub-abbeville.fr\/?p=19","title":{"rendered":"Jean-Paul"},"content":{"rendered":"<p>Lundi 16 d\u00e9cembre, Jean-Paul B\u00e9nard est parti chercher les cumulus sous d&rsquo;autres cieux. Ses obs\u00e8ques auront lieu ce vendredi \u00e0 10h30 en l&rsquo;\u00e9glise Saint Martin \u00e0 Saint Valery sur Somme.<br \/>\nJean-Paul a \u00e9t\u00e9 un des piliers du vol \u00e0 voile abbevillois. Instructeur il a form\u00e9 des g\u00e9n\u00e9rations de pilotes, pr\u00e9sident il a anim\u00e9 la section.<\/p>\n<p>Jean-Paul nous n&rsquo;oublierons jamais ta tendresse bougonne, ton humour, ton amour des vieux planeurs, ton aile volante ce planeur improbable, tes m\u00e9thodes p\u00e9dagogiques particuli\u00e8res et ton fameux \u00ab arrondez pas si tant !!! \u00bb. Tous tes \u00e9l\u00e8ves et tous tes amis te remercient.<br \/>\n<a href=\"http:\/\/aeroclub-abbeville.fr\/wp-content\/uploads\/2013\/12\/jean-paul.jpg\"><img fetchpriority=\"high\" decoding=\"async\" class=\"aligncenter size-medium wp-image-21\" alt=\"jean-paul\" src=\"http:\/\/aeroclub-abbeville.fr\/wp-content\/uploads\/2013\/12\/jean-paul-266x300.jpg\" width=\"266\" height=\"300\" srcset=\"http:\/\/aeroclub-abbeville.fr\/wp-content\/uploads\/2013\/12\/jean-paul-266x300.jpg 266w, http:\/\/aeroclub-abbeville.fr\/wp-content\/uploads\/2013\/12\/jean-paul.jpg 400w\" sizes=\"(max-width: 266px) 100vw, 266px\" \/><\/a><\/p>\n","protected":false},"excerpt":{"rendered":"<p>Lundi 16 d\u00e9cembre, Jean-Paul B\u00e9nard est parti chercher les cumulus sous d&rsquo;autres cieux. Ses obs\u00e8ques auront lieu ce vendredi \u00e0 10h30 en l&rsquo;\u00e9glise Saint Martin \u00e0 Saint Valery sur Somme. Jean-Paul a \u00e9t\u00e9 un des piliers du vol \u00e0 voile abbevillois. Instructeur il a form\u00e9 des g\u00e9n\u00e9rations de pilotes, pr\u00e9sident il a anim\u00e9 la section. [&hellip;]<\/p>\n","protected":false},"author":67,"featured_media":0,"comment_status":"open","ping_status":"open","sticky":false,"template":"","format":"standard","meta":{"inline_featured_image":false,"footnotes":""},"categories":[13,19],"tags":[],"class_list":["post-19","post","type-post","status-publish","format-standard","hentry","category-planeur","category-vol-a-voile"],"_links":{"self":[{"href":"http:\/\/aeroclub-abbeville.fr\/index.php?rest_route=\/wp\/v2\/posts\/19","targetHints":{"allow":["GET"]}}],"collection":[{"href":"http:\/\/aeroclub-abbeville.fr\/index.php?rest_route=\/wp\/v2\/posts"}],"about":[{"href":"http:\/\/aeroclub-abbeville.fr\/index.php?rest_route=\/wp\/v2\/types\/post"}],"author":[{"embeddable":true,"href":"http:\/\/aeroclub-abbeville.fr\/index.php?rest_route=\/wp\/v2\/users\/67"}],"replies":[{"embeddable":true,"href":"http:\/\/aeroclub-abbeville.fr\/index.php?rest_route=%2Fwp%2Fv2%2Fcomments&post=19"}],"version-history":[{"count":0,"href":"http:\/\/aeroclub-abbeville.fr\/index.php?rest_route=\/wp\/v2\/posts\/19\/revisions"}],"wp:attachment":[{"href":"http:\/\/aeroclub-abbeville.fr\/index.php?rest_route=%2Fwp%2Fv2%2Fmedia&parent=19"}],"wp:term":[{"taxonomy":"category","embeddable":true,"href":"http:\/\/aeroclub-abbeville.fr\/index.php?rest_route=%2Fwp%2Fv2%2Fcategories&post=19"},{"taxonomy":"post_tag","embeddable":true,"href":"http:\/\/aeroclub-abbeville.fr\/index.php?rest_route=%2Fwp%2Fv2%2Ftags&post=19"}],"curies":[{"name":"wp","href":"https:\/\/api.w.org\/{rel}","templated":true}]}}