{"id":1911,"date":"2019-05-03T21:53:42","date_gmt":"2019-05-03T20:53:42","guid":{"rendered":"http:\/\/aeroclub-abbeville.fr\/?p=1911"},"modified":"2019-05-11T13:32:38","modified_gmt":"2019-05-11T12:32:38","slug":"les-ailes-de-la-baie","status":"publish","type":"post","link":"http:\/\/aeroclub-abbeville.fr\/?p=1911","title":{"rendered":"Sur les Ailes de la Baie !"},"content":{"rendered":"\n<p>3 Mai 2019<\/p>\n\n\n\n<p class=\"has-drop-cap\">Malgr\u00e9 une m\u00e9t\u00e9o un peu tourment\u00e9e, le Vol de nos Oiseaux de la Baie a recommenc\u00e9 !<br> Planeur, Vol moteur, ULM, tout le monde a assur\u00e9 sa sortie de printemps !<br> Pourtant le Ciel, c&rsquo;est comme les Grandes Mar\u00e9es, il faut s&rsquo;y adapter, l&rsquo;apprivoiser, le respecter et savoir patienter pour pouvoir le d\u00e9guster.<br> Mais quand tout est parfaitement g\u00e9r\u00e9, en voici le r\u00e9sum\u00e9 !<br> Comme un concentr\u00e9 de \u00ab\u00a0l&rsquo; Aventure a\u00e9rienne\u00a0\u00bb !<br> Au d\u00e9but, il y a eu \u00ab\u00a0Les Jambes\u00a0\u00bb, ensuite, il y a eu \u00ab\u00a0Les Ailes\u00a0\u00bb, puis \u00ab\u00a0Le Vol Motoris\u00e9\u00a0\u00bb !<br> Pour la suite, l&rsquo;essentiel est toujours d&rsquo;y croire et de participer !<\/p>\n\n\n\n<figure class=\"wp-block-image\"><img fetchpriority=\"high\" decoding=\"async\" width=\"960\" height=\"638\" src=\"http:\/\/aeroclub-abbeville.fr\/wp-content\/uploads\/2019\/05\/56157837_418679182031253_9052386661496782848_n.jpg\" alt=\"\" class=\"wp-image-1903\" srcset=\"http:\/\/aeroclub-abbeville.fr\/wp-content\/uploads\/2019\/05\/56157837_418679182031253_9052386661496782848_n.jpg 960w, http:\/\/aeroclub-abbeville.fr\/wp-content\/uploads\/2019\/05\/56157837_418679182031253_9052386661496782848_n-480x319.jpg 480w, http:\/\/aeroclub-abbeville.fr\/wp-content\/uploads\/2019\/05\/56157837_418679182031253_9052386661496782848_n-768x510.jpg 768w, http:\/\/aeroclub-abbeville.fr\/wp-content\/uploads\/2019\/05\/56157837_418679182031253_9052386661496782848_n-624x415.jpg 624w\" sizes=\"(max-width: 960px) 100vw, 960px\" \/><figcaption>cr\u00e9dit photo: Vincent Detaille<\/figcaption><\/figure>\n\n\n\n<p>Pour ces f\u00eates du mois de Mai, voici donc quelques actualit\u00e9s !<\/p>\n\n\n\n<figure class=\"wp-block-image\"><img decoding=\"async\" width=\"960\" height=\"640\" src=\"http:\/\/aeroclub-abbeville.fr\/wp-content\/uploads\/2019\/05\/42919987_335526230346549_3670866354132484096_n.jpg\" alt=\"\" class=\"wp-image-1904\" srcset=\"http:\/\/aeroclub-abbeville.fr\/wp-content\/uploads\/2019\/05\/42919987_335526230346549_3670866354132484096_n.jpg 960w, http:\/\/aeroclub-abbeville.fr\/wp-content\/uploads\/2019\/05\/42919987_335526230346549_3670866354132484096_n-480x320.jpg 480w, http:\/\/aeroclub-abbeville.fr\/wp-content\/uploads\/2019\/05\/42919987_335526230346549_3670866354132484096_n-768x512.jpg 768w, http:\/\/aeroclub-abbeville.fr\/wp-content\/uploads\/2019\/05\/42919987_335526230346549_3670866354132484096_n-624x416.jpg 624w\" sizes=\"(max-width: 960px) 100vw, 960px\" \/><\/figure>\n\n\n\n<p> Nos \u00a0\u00bb Super-V\u00e9livoles \u00a0\u00bb Olivier et Simon Caudrelier, participeront au Championnat de France de Vol en Planeur \u00e0 Buno Bonneveaux du 5 au 11 Mai. Nous leur souhaitons bonne chance !<\/p>\n\n\n\n<figure class=\"wp-block-image\"><img decoding=\"async\" width=\"960\" height=\"720\" src=\"http:\/\/aeroclub-abbeville.fr\/wp-content\/uploads\/2019\/05\/45348744_348708159028356_1879569240252481536_n.jpg\" alt=\"\" class=\"wp-image-1914\" srcset=\"http:\/\/aeroclub-abbeville.fr\/wp-content\/uploads\/2019\/05\/45348744_348708159028356_1879569240252481536_n.jpg 960w, http:\/\/aeroclub-abbeville.fr\/wp-content\/uploads\/2019\/05\/45348744_348708159028356_1879569240252481536_n-480x360.jpg 480w, http:\/\/aeroclub-abbeville.fr\/wp-content\/uploads\/2019\/05\/45348744_348708159028356_1879569240252481536_n-768x576.jpg 768w, http:\/\/aeroclub-abbeville.fr\/wp-content\/uploads\/2019\/05\/45348744_348708159028356_1879569240252481536_n-624x468.jpg 624w\" sizes=\"(max-width: 960px) 100vw, 960px\" \/><\/figure>\n\n\n\n<p>D&rsquo;ores et d\u00e9j\u00e0, la \u00a0\u00bb Glider-Team \u00a0\u00bb d&rsquo;Abbeville est pr\u00eate \u00e0 montrer ses multiples talents pour le Championnat r\u00e9gional des Hauts de France \u00e0 Soissons du 30 Mai au 10 juin prochain. <br>Ils nous mettront encore beaucoup de spirales et d&rsquo;\u00e9toiles dans les yeux ! N&rsquo;en doutons pas !<\/p>\n\n\n\n<p>Bons Vols \u00e0 tous et laissez vous glisser sur les Ailes de la Baie !<\/p>\n\n\n\n<figure class=\"wp-block-image\"><img loading=\"lazy\" decoding=\"async\" width=\"1024\" height=\"512\" src=\"http:\/\/aeroclub-abbeville.fr\/wp-content\/uploads\/2019\/05\/IMG_20190325_163155-1024x512.jpg\" alt=\"\" class=\"wp-image-1915\" srcset=\"http:\/\/aeroclub-abbeville.fr\/wp-content\/uploads\/2019\/05\/IMG_20190325_163155-1024x512.jpg 1024w, http:\/\/aeroclub-abbeville.fr\/wp-content\/uploads\/2019\/05\/IMG_20190325_163155-480x240.jpg 480w, http:\/\/aeroclub-abbeville.fr\/wp-content\/uploads\/2019\/05\/IMG_20190325_163155-768x384.jpg 768w, http:\/\/aeroclub-abbeville.fr\/wp-content\/uploads\/2019\/05\/IMG_20190325_163155-624x312.jpg 624w\" sizes=\"(max-width: 1024px) 100vw, 1024px\" \/><figcaption> Cr\u00e9dit photo : Fr\u00e9d\u00e9ric Peignot<\/figcaption><\/figure>\n\n\n\n<p>Fran\u00e7oise Sockeel<\/p>\n\n\n\n<p><\/p>\n\n\n\n<p><\/p>\n\n\n\n<p><\/p>\n","protected":false},"excerpt":{"rendered":"<p>3 Mai 2019 Malgr\u00e9 une m\u00e9t\u00e9o un peu tourment\u00e9e, le Vol de nos Oiseaux de la Baie a recommenc\u00e9 ! Planeur, Vol moteur, ULM, tout le monde a assur\u00e9 sa sortie de printemps ! Pourtant le Ciel, c&rsquo;est comme les Grandes Mar\u00e9es, il faut s&rsquo;y adapter, l&rsquo;apprivoiser, le respecter et savoir patienter pour pouvoir le [&hellip;]<\/p>\n","protected":false},"author":211,"featured_media":0,"comment_status":"closed","ping_status":"closed","sticky":false,"template":"","format":"standard","meta":{"inline_featured_image":false,"footnotes":""},"categories":[20,3,4,13,19],"tags":[],"class_list":["post-1911","post","type-post","status-publish","format-standard","hentry","category-actualites","category-club","category-competitions","category-planeur","category-vol-a-voile"],"_links":{"self":[{"href":"http:\/\/aeroclub-abbeville.fr\/index.php?rest_route=\/wp\/v2\/posts\/1911","targetHints":{"allow":["GET"]}}],"collection":[{"href":"http:\/\/aeroclub-abbeville.fr\/index.php?rest_route=\/wp\/v2\/posts"}],"about":[{"href":"http:\/\/aeroclub-abbeville.fr\/index.php?rest_route=\/wp\/v2\/types\/post"}],"author":[{"embeddable":true,"href":"http:\/\/aeroclub-abbeville.fr\/index.php?rest_route=\/wp\/v2\/users\/211"}],"replies":[{"embeddable":true,"href":"http:\/\/aeroclub-abbeville.fr\/index.php?rest_route=%2Fwp%2Fv2%2Fcomments&post=1911"}],"version-history":[{"count":6,"href":"http:\/\/aeroclub-abbeville.fr\/index.php?rest_route=\/wp\/v2\/posts\/1911\/revisions"}],"predecessor-version":[{"id":1996,"href":"http:\/\/aeroclub-abbeville.fr\/index.php?rest_route=\/wp\/v2\/posts\/1911\/revisions\/1996"}],"wp:attachment":[{"href":"http:\/\/aeroclub-abbeville.fr\/index.php?rest_route=%2Fwp%2Fv2%2Fmedia&parent=1911"}],"wp:term":[{"taxonomy":"category","embeddable":true,"href":"http:\/\/aeroclub-abbeville.fr\/index.php?rest_route=%2Fwp%2Fv2%2Fcategories&post=1911"},{"taxonomy":"post_tag","embeddable":true,"href":"http:\/\/aeroclub-abbeville.fr\/index.php?rest_route=%2Fwp%2Fv2%2Ftags&post=1911"}],"curies":[{"name":"wp","href":"https:\/\/api.w.org\/{rel}","templated":true}]}}