{"id":1932,"date":"2019-05-05T07:59:11","date_gmt":"2019-05-05T06:59:11","guid":{"rendered":"http:\/\/aeroclub-abbeville.fr\/?p=1932"},"modified":"2019-05-12T09:19:56","modified_gmt":"2019-05-12T08:19:56","slug":"le-club-de-planeur-dabbeville-est-present-au-championnat-de-france","status":"publish","type":"post","link":"http:\/\/aeroclub-abbeville.fr\/?p=1932","title":{"rendered":"Le club de Planeur d\u2019Abbeville est pr\u00e9sent aux Championnats de France !"},"content":{"rendered":"\n<p>5 Mai 2019<\/p>\n\n\n\n<div class=\"wp-block-image\"><figure class=\"aligncenter\"><img fetchpriority=\"high\" decoding=\"async\" width=\"339\" height=\"480\" src=\"http:\/\/aeroclub-abbeville.fr\/wp-content\/uploads\/2019\/05\/DEEABDD8-5C29-4BB5-B0D3-31066AF9F227-339x480.jpeg\" alt=\"\" class=\"wp-image-1947\" srcset=\"http:\/\/aeroclub-abbeville.fr\/wp-content\/uploads\/2019\/05\/DEEABDD8-5C29-4BB5-B0D3-31066AF9F227-339x480.jpeg 339w, http:\/\/aeroclub-abbeville.fr\/wp-content\/uploads\/2019\/05\/DEEABDD8-5C29-4BB5-B0D3-31066AF9F227-768x1086.jpeg 768w, http:\/\/aeroclub-abbeville.fr\/wp-content\/uploads\/2019\/05\/DEEABDD8-5C29-4BB5-B0D3-31066AF9F227-724x1024.jpeg 724w, http:\/\/aeroclub-abbeville.fr\/wp-content\/uploads\/2019\/05\/DEEABDD8-5C29-4BB5-B0D3-31066AF9F227-624x883.jpeg 624w, http:\/\/aeroclub-abbeville.fr\/wp-content\/uploads\/2019\/05\/DEEABDD8-5C29-4BB5-B0D3-31066AF9F227.jpeg 1448w\" sizes=\"(max-width: 339px) 100vw, 339px\" \/><\/figure><\/div>\n\n\n\n<p><a href=\"https:\/\/www.soaringspot.com\/fr\/cdf-15m-biplaces-20m-2019-buno\">Lien pour suivre la comp\u00e9tition<\/a><\/p>\n\n\n\n<p>Toute cette semaine, deux v\u00e9livoles repr\u00e9senteront le club d\u2019Abbeville  aux championnats de France \u00e0 Buno Bonneveaux.  <\/p>\n\n\n\n<figure class=\"wp-block-image\"><img decoding=\"async\" width=\"960\" height=\"720\" src=\"http:\/\/aeroclub-abbeville.fr\/wp-content\/uploads\/2019\/05\/2482AE83-C9AD-4556-9746-62C30F347F85.jpeg\" alt=\"\" class=\"wp-image-1936\" srcset=\"http:\/\/aeroclub-abbeville.fr\/wp-content\/uploads\/2019\/05\/2482AE83-C9AD-4556-9746-62C30F347F85.jpeg 960w, http:\/\/aeroclub-abbeville.fr\/wp-content\/uploads\/2019\/05\/2482AE83-C9AD-4556-9746-62C30F347F85-480x360.jpeg 480w, http:\/\/aeroclub-abbeville.fr\/wp-content\/uploads\/2019\/05\/2482AE83-C9AD-4556-9746-62C30F347F85-768x576.jpeg 768w, http:\/\/aeroclub-abbeville.fr\/wp-content\/uploads\/2019\/05\/2482AE83-C9AD-4556-9746-62C30F347F85-624x468.jpeg 624w\" sizes=\"(max-width: 960px) 100vw, 960px\" \/><\/figure>\n\n\n\n<p style=\"text-align:center\">Olivier et Simon Caudrelier prendront l\u2019air en \u00ab Duodiscus&nbsp;\u00bb ! <\/p>\n\n\n\n<p style=\"text-align:center\">L\u2019association talentueuse de la fougue et de l\u2019exp\u00e9rience !<\/p>\n\n\n\n<div class=\"wp-block-image\"><figure class=\"aligncenter is-resized\"><img decoding=\"async\" src=\"http:\/\/aeroclub-abbeville.fr\/wp-content\/uploads\/2019\/05\/CA81D92E-97CB-42A9-BBB6-B4B294335647.jpeg\" alt=\"\" class=\"wp-image-1935\" width=\"405\" height=\"720\" srcset=\"http:\/\/aeroclub-abbeville.fr\/wp-content\/uploads\/2019\/05\/CA81D92E-97CB-42A9-BBB6-B4B294335647.jpeg 540w, http:\/\/aeroclub-abbeville.fr\/wp-content\/uploads\/2019\/05\/CA81D92E-97CB-42A9-BBB6-B4B294335647-270x480.jpeg 270w\" sizes=\"(max-width: 405px) 100vw, 405px\" \/><figcaption>Cr\u00e9dit photos : Suzanne Caudrelier<\/figcaption><\/figure><\/div>\n\n\n\n<p>Bonne chance \u00e0 vous deux !                                                                              <br>Que la force soit avec vous !<\/p>\n\n\n\n<p>Fran\u00e7oise Sockeel <\/p>\n\n\n\n<p><\/p>\n","protected":false},"excerpt":{"rendered":"<p>5 Mai 2019 Lien pour suivre la comp\u00e9tition Toute cette semaine, deux v\u00e9livoles repr\u00e9senteront le club d\u2019Abbeville aux championnats de France \u00e0 Buno Bonneveaux. Olivier et Simon Caudrelier prendront l\u2019air en \u00ab Duodiscus&nbsp;\u00bb ! L\u2019association talentueuse de la fougue et de l\u2019exp\u00e9rience ! Bonne chance \u00e0 vous deux ! Que la force soit avec vous [&hellip;]<\/p>\n","protected":false},"author":211,"featured_media":0,"comment_status":"closed","ping_status":"closed","sticky":false,"template":"","format":"standard","meta":{"inline_featured_image":false,"footnotes":""},"categories":[20,3,4,13,19],"tags":[],"class_list":["post-1932","post","type-post","status-publish","format-standard","hentry","category-actualites","category-club","category-competitions","category-planeur","category-vol-a-voile"],"_links":{"self":[{"href":"http:\/\/aeroclub-abbeville.fr\/index.php?rest_route=\/wp\/v2\/posts\/1932","targetHints":{"allow":["GET"]}}],"collection":[{"href":"http:\/\/aeroclub-abbeville.fr\/index.php?rest_route=\/wp\/v2\/posts"}],"about":[{"href":"http:\/\/aeroclub-abbeville.fr\/index.php?rest_route=\/wp\/v2\/types\/post"}],"author":[{"embeddable":true,"href":"http:\/\/aeroclub-abbeville.fr\/index.php?rest_route=\/wp\/v2\/users\/211"}],"replies":[{"embeddable":true,"href":"http:\/\/aeroclub-abbeville.fr\/index.php?rest_route=%2Fwp%2Fv2%2Fcomments&post=1932"}],"version-history":[{"count":14,"href":"http:\/\/aeroclub-abbeville.fr\/index.php?rest_route=\/wp\/v2\/posts\/1932\/revisions"}],"predecessor-version":[{"id":2005,"href":"http:\/\/aeroclub-abbeville.fr\/index.php?rest_route=\/wp\/v2\/posts\/1932\/revisions\/2005"}],"wp:attachment":[{"href":"http:\/\/aeroclub-abbeville.fr\/index.php?rest_route=%2Fwp%2Fv2%2Fmedia&parent=1932"}],"wp:term":[{"taxonomy":"category","embeddable":true,"href":"http:\/\/aeroclub-abbeville.fr\/index.php?rest_route=%2Fwp%2Fv2%2Fcategories&post=1932"},{"taxonomy":"post_tag","embeddable":true,"href":"http:\/\/aeroclub-abbeville.fr\/index.php?rest_route=%2Fwp%2Fv2%2Ftags&post=1932"}],"curies":[{"name":"wp","href":"https:\/\/api.w.org\/{rel}","templated":true}]}}