{"id":1957,"date":"2019-05-08T10:56:26","date_gmt":"2019-05-08T09:56:26","guid":{"rendered":"http:\/\/aeroclub-abbeville.fr\/?p=1957"},"modified":"2019-05-11T13:30:18","modified_gmt":"2019-05-11T12:30:18","slug":"un-coup-doeil-sur-les-championnats-de-france","status":"publish","type":"post","link":"http:\/\/aeroclub-abbeville.fr\/?p=1957","title":{"rendered":"Un coup d\u2019oeil sur les Championnats de France de Vol en Planeur !"},"content":{"rendered":"\n<p>7 Mai 2019<\/p>\n\n\n\n<p><\/p>\n\n\n\n<p>Voici quelques nouvelles de nos deux Abbevillois, au quatri\u00e8me jour de leur challenge \u00e0 Buno !<\/p>\n\n\n\n<div class=\"wp-block-image\"><figure class=\"aligncenter is-resized\"><img fetchpriority=\"high\" decoding=\"async\" src=\"http:\/\/aeroclub-abbeville.fr\/wp-content\/uploads\/2019\/05\/DE82C9F4-19B1-46AC-8C98-47DAEF6A8D66.jpeg\" alt=\"\" class=\"wp-image-1959\" width=\"480\" height=\"359\" srcset=\"http:\/\/aeroclub-abbeville.fr\/wp-content\/uploads\/2019\/05\/DE82C9F4-19B1-46AC-8C98-47DAEF6A8D66.jpeg 960w, http:\/\/aeroclub-abbeville.fr\/wp-content\/uploads\/2019\/05\/DE82C9F4-19B1-46AC-8C98-47DAEF6A8D66-480x359.jpeg 480w, http:\/\/aeroclub-abbeville.fr\/wp-content\/uploads\/2019\/05\/DE82C9F4-19B1-46AC-8C98-47DAEF6A8D66-768x574.jpeg 768w, http:\/\/aeroclub-abbeville.fr\/wp-content\/uploads\/2019\/05\/DE82C9F4-19B1-46AC-8C98-47DAEF6A8D66-624x467.jpeg 624w\" sizes=\"(max-width: 480px) 100vw, 480px\" \/><figcaption>Tous bien rang\u00e9s , pr\u00eats \u00e0 prendre l\u2019air !<br><br><br><\/figcaption><\/figure><\/div>\n\n\n\n<p>En premi\u00e8re \u00e9preuve, dimanche 5 Mai, un d\u00e9part \u00e0 11h45 pour un 357 km, le Duodiscus est pr\u00eat ! <\/p>\n\n\n\n<div class=\"wp-block-image\"><figure class=\"aligncenter is-resized\"><img decoding=\"async\" src=\"http:\/\/aeroclub-abbeville.fr\/wp-content\/uploads\/2019\/05\/68573C43-F86A-480A-A24D-BD3D2B8EE019.jpeg\" alt=\"\" class=\"wp-image-1960\" width=\"360\" height=\"480\" srcset=\"http:\/\/aeroclub-abbeville.fr\/wp-content\/uploads\/2019\/05\/68573C43-F86A-480A-A24D-BD3D2B8EE019.jpeg 720w, http:\/\/aeroclub-abbeville.fr\/wp-content\/uploads\/2019\/05\/68573C43-F86A-480A-A24D-BD3D2B8EE019-360x480.jpeg 360w, http:\/\/aeroclub-abbeville.fr\/wp-content\/uploads\/2019\/05\/68573C43-F86A-480A-A24D-BD3D2B8EE019-624x832.jpeg 624w\" sizes=\"(max-width: 360px) 100vw, 360px\" \/><figcaption>Tout comme les pilotes ! <br><\/figcaption><\/figure><\/div>\n\n\n\n<p>Au deuxi\u00e8me jour, sous les cumulus, c\u2019est parti pour l\u2019\u00e9preuve des 498 km ! L\u2019ouverture des portes est \u00e0 13h ! Force et Honneur !<\/p>\n\n\n\n<div class=\"wp-block-image\"><figure class=\"aligncenter is-resized\"><img decoding=\"async\" src=\"http:\/\/aeroclub-abbeville.fr\/wp-content\/uploads\/2019\/05\/EA18AE6F-D483-40FA-8B13-DFB4F32BB9E3.jpeg\" alt=\"\" class=\"wp-image-1961\" width=\"480\" height=\"360\" srcset=\"http:\/\/aeroclub-abbeville.fr\/wp-content\/uploads\/2019\/05\/EA18AE6F-D483-40FA-8B13-DFB4F32BB9E3.jpeg 960w, http:\/\/aeroclub-abbeville.fr\/wp-content\/uploads\/2019\/05\/EA18AE6F-D483-40FA-8B13-DFB4F32BB9E3-480x360.jpeg 480w, http:\/\/aeroclub-abbeville.fr\/wp-content\/uploads\/2019\/05\/EA18AE6F-D483-40FA-8B13-DFB4F32BB9E3-768x576.jpeg 768w, http:\/\/aeroclub-abbeville.fr\/wp-content\/uploads\/2019\/05\/EA18AE6F-D483-40FA-8B13-DFB4F32BB9E3-624x468.jpeg 624w\" sizes=\"(max-width: 480px) 100vw, 480px\" \/><figcaption>Pr\u00e9-Vol rigoureuse !<br><\/figcaption><\/figure><\/div>\n\n\n\n<p>Pour le troisi\u00e8me jour, apr\u00e8s une gel\u00e9e blanche, c\u2019est du Thermique pur ! Un 211km se pr\u00e9pare ! Bonne chance \u00e0 vous deux, \u00ab&nbsp; La Glider Team&nbsp;\u00bb d\u2019Abbeville !<\/p>\n\n\n\n<div class=\"wp-block-image\"><figure class=\"aligncenter is-resized\"><img loading=\"lazy\" decoding=\"async\" src=\"http:\/\/aeroclub-abbeville.fr\/wp-content\/uploads\/2019\/05\/04365E28-1768-43A0-BA9C-AB6AA6CCF60F.jpeg\" alt=\"\" class=\"wp-image-1962\" width=\"375\" height=\"281\" srcset=\"http:\/\/aeroclub-abbeville.fr\/wp-content\/uploads\/2019\/05\/04365E28-1768-43A0-BA9C-AB6AA6CCF60F.jpeg 750w, http:\/\/aeroclub-abbeville.fr\/wp-content\/uploads\/2019\/05\/04365E28-1768-43A0-BA9C-AB6AA6CCF60F-480x360.jpeg 480w, http:\/\/aeroclub-abbeville.fr\/wp-content\/uploads\/2019\/05\/04365E28-1768-43A0-BA9C-AB6AA6CCF60F-624x468.jpeg 624w\" sizes=\"(max-width: 375px) 100vw, 375px\" \/><figcaption>Il fait un peu \u00ab&nbsp;Frett&nbsp;\u00bb comme on dit au Qu\u00e9bec !<br><\/figcaption><\/figure><\/div>\n\n\n\n<p>\u00c7a y est ! C\u2019est une belle remont\u00e9e pour nos pilotes ! <\/p>\n\n\n\n<p>Une quatri\u00e8me place \u00e0 l\u2019\u00e9preuve du jour, avec une moyenne de 84 km\/h. Et une 9 \u00e8me place au classement g\u00e9n\u00e9ral ! F\u00e9licitations \u00e0 nos champions ! <\/p>\n\n\n\n<div class=\"wp-block-image\"><figure class=\"aligncenter is-resized\"><img loading=\"lazy\" decoding=\"async\" src=\"http:\/\/aeroclub-abbeville.fr\/wp-content\/uploads\/2019\/05\/36EE0160-7772-4E85-BE5D-4DADDA6A681E.jpeg\" alt=\"\" class=\"wp-image-1963\" width=\"405\" height=\"720\" srcset=\"http:\/\/aeroclub-abbeville.fr\/wp-content\/uploads\/2019\/05\/36EE0160-7772-4E85-BE5D-4DADDA6A681E.jpeg 540w, http:\/\/aeroclub-abbeville.fr\/wp-content\/uploads\/2019\/05\/36EE0160-7772-4E85-BE5D-4DADDA6A681E-270x480.jpeg 270w\" sizes=\"(max-width: 405px) 100vw, 405px\" \/><\/figure><\/div>\n\n\n\n<div class=\"wp-block-image\"><figure class=\"aligncenter is-resized\"><img loading=\"lazy\" decoding=\"async\" src=\"http:\/\/aeroclub-abbeville.fr\/wp-content\/uploads\/2019\/05\/AB3EC397-D940-42C7-8B43-E0C44EDA0C40.jpeg\" alt=\"\" class=\"wp-image-1966\" width=\"405\" height=\"720\" srcset=\"http:\/\/aeroclub-abbeville.fr\/wp-content\/uploads\/2019\/05\/AB3EC397-D940-42C7-8B43-E0C44EDA0C40.jpeg 540w, http:\/\/aeroclub-abbeville.fr\/wp-content\/uploads\/2019\/05\/AB3EC397-D940-42C7-8B43-E0C44EDA0C40-270x480.jpeg 270w\" sizes=\"(max-width: 405px) 100vw, 405px\" \/><\/figure><\/div>\n\n\n\n<p style=\"text-align:center\">\u00c0 tr\u00e8s bient\u00f4t pour la suite des \u00e9v\u00e9nements ! <\/p>\n\n\n\n<p style=\"text-align:center\">Reportage sur place et cr\u00e9dits photos de Suzanne Caudrelier et FFVP<\/p>\n\n\n\n<p style=\"text-align:center\">Fran\u00e7oise Sockeel<\/p>\n\n\n\n<div class=\"wp-block-image\"><figure class=\"aligncenter is-resized\"><img loading=\"lazy\" decoding=\"async\" src=\"http:\/\/aeroclub-abbeville.fr\/wp-content\/uploads\/2019\/05\/EF156622-5742-416E-B348-D5A29A843D32.jpeg\" alt=\"\" class=\"wp-image-1967\" width=\"320\" height=\"228\" srcset=\"http:\/\/aeroclub-abbeville.fr\/wp-content\/uploads\/2019\/05\/EF156622-5742-416E-B348-D5A29A843D32.jpeg 640w, http:\/\/aeroclub-abbeville.fr\/wp-content\/uploads\/2019\/05\/EF156622-5742-416E-B348-D5A29A843D32-480x342.jpeg 480w, http:\/\/aeroclub-abbeville.fr\/wp-content\/uploads\/2019\/05\/EF156622-5742-416E-B348-D5A29A843D32-624x445.jpeg 624w\" sizes=\"(max-width: 320px) 100vw, 320px\" \/><\/figure><\/div>\n","protected":false},"excerpt":{"rendered":"<p>7 Mai 2019 Voici quelques nouvelles de nos deux Abbevillois, au quatri\u00e8me jour de leur challenge \u00e0 Buno ! En premi\u00e8re \u00e9preuve, dimanche 5 Mai, un d\u00e9part \u00e0 11h45 pour un 357 km, le Duodiscus est pr\u00eat ! Au deuxi\u00e8me jour, sous les cumulus, c\u2019est parti pour l\u2019\u00e9preuve des 498 km ! L\u2019ouverture des portes [&hellip;]<\/p>\n","protected":false},"author":211,"featured_media":0,"comment_status":"closed","ping_status":"closed","sticky":false,"template":"","format":"standard","meta":{"inline_featured_image":false,"footnotes":""},"categories":[20,3,4,13,19],"tags":[],"class_list":["post-1957","post","type-post","status-publish","format-standard","hentry","category-actualites","category-club","category-competitions","category-planeur","category-vol-a-voile"],"_links":{"self":[{"href":"http:\/\/aeroclub-abbeville.fr\/index.php?rest_route=\/wp\/v2\/posts\/1957","targetHints":{"allow":["GET"]}}],"collection":[{"href":"http:\/\/aeroclub-abbeville.fr\/index.php?rest_route=\/wp\/v2\/posts"}],"about":[{"href":"http:\/\/aeroclub-abbeville.fr\/index.php?rest_route=\/wp\/v2\/types\/post"}],"author":[{"embeddable":true,"href":"http:\/\/aeroclub-abbeville.fr\/index.php?rest_route=\/wp\/v2\/users\/211"}],"replies":[{"embeddable":true,"href":"http:\/\/aeroclub-abbeville.fr\/index.php?rest_route=%2Fwp%2Fv2%2Fcomments&post=1957"}],"version-history":[{"count":8,"href":"http:\/\/aeroclub-abbeville.fr\/index.php?rest_route=\/wp\/v2\/posts\/1957\/revisions"}],"predecessor-version":[{"id":1994,"href":"http:\/\/aeroclub-abbeville.fr\/index.php?rest_route=\/wp\/v2\/posts\/1957\/revisions\/1994"}],"wp:attachment":[{"href":"http:\/\/aeroclub-abbeville.fr\/index.php?rest_route=%2Fwp%2Fv2%2Fmedia&parent=1957"}],"wp:term":[{"taxonomy":"category","embeddable":true,"href":"http:\/\/aeroclub-abbeville.fr\/index.php?rest_route=%2Fwp%2Fv2%2Fcategories&post=1957"},{"taxonomy":"post_tag","embeddable":true,"href":"http:\/\/aeroclub-abbeville.fr\/index.php?rest_route=%2Fwp%2Fv2%2Ftags&post=1957"}],"curies":[{"name":"wp","href":"https:\/\/api.w.org\/{rel}","templated":true}]}}