{"id":1975,"date":"2019-05-09T17:39:34","date_gmt":"2019-05-09T16:39:34","guid":{"rendered":"http:\/\/aeroclub-abbeville.fr\/?p=1975"},"modified":"2019-05-11T13:28:24","modified_gmt":"2019-05-11T12:28:24","slug":"tempete-et-coups-de-vent-les-planeurs-sont-a-larret","status":"publish","type":"post","link":"http:\/\/aeroclub-abbeville.fr\/?p=1975","title":{"rendered":"Temp\u00eate et coups de vent, les Planeurs sont \u00e0 l\u2019arr\u00eat !"},"content":{"rendered":"\n<p>8 Mai 2019<\/p>\n\n\n\n<p style=\"text-align:center\">Pour la f\u00eate du 8 mai, les Championnats de France de Planeurs ont fait une pause. On attend la m\u00e9t\u00e9o ! Les Planeurs sont ballast\u00e9s, les pompotes en place ! <\/p>\n\n\n\n<div class=\"wp-block-image\"><figure class=\"aligncenter is-resized\"><img fetchpriority=\"high\" decoding=\"async\" src=\"http:\/\/aeroclub-abbeville.fr\/wp-content\/uploads\/2019\/05\/2BB60DA3-14F9-45A1-BA60-358DAB14AEF2-1024x768.jpeg\" alt=\"\" class=\"wp-image-1976\" width=\"512\" height=\"384\" srcset=\"http:\/\/aeroclub-abbeville.fr\/wp-content\/uploads\/2019\/05\/2BB60DA3-14F9-45A1-BA60-358DAB14AEF2-1024x768.jpeg 1024w, http:\/\/aeroclub-abbeville.fr\/wp-content\/uploads\/2019\/05\/2BB60DA3-14F9-45A1-BA60-358DAB14AEF2-480x360.jpeg 480w, http:\/\/aeroclub-abbeville.fr\/wp-content\/uploads\/2019\/05\/2BB60DA3-14F9-45A1-BA60-358DAB14AEF2-768x576.jpeg 768w, http:\/\/aeroclub-abbeville.fr\/wp-content\/uploads\/2019\/05\/2BB60DA3-14F9-45A1-BA60-358DAB14AEF2-624x468.jpeg 624w, http:\/\/aeroclub-abbeville.fr\/wp-content\/uploads\/2019\/05\/2BB60DA3-14F9-45A1-BA60-358DAB14AEF2.jpeg 1440w\" sizes=\"(max-width: 512px) 100vw, 512px\" \/><figcaption>C\u2019est bien gris tout \u00e7a !<br><\/figcaption><\/figure><\/div>\n\n\n\n<p style=\"text-align:center\">Finalement \u00e0 14h, l\u2019\u00e9preuve est annul\u00e9e ! Le ciel se d\u00e9gage puis laisse place aux orages ! \u00c7a ira mieux demain ! <\/p>\n\n\n\n<div class=\"wp-block-image\"><figure class=\"aligncenter is-resized\"><img decoding=\"async\" src=\"http:\/\/aeroclub-abbeville.fr\/wp-content\/uploads\/2019\/05\/AA7F983B-8D67-471B-A6FD-B2A853297EB3.jpeg\" alt=\"\" class=\"wp-image-1978\" width=\"480\" height=\"360\" srcset=\"http:\/\/aeroclub-abbeville.fr\/wp-content\/uploads\/2019\/05\/AA7F983B-8D67-471B-A6FD-B2A853297EB3.jpeg 960w, http:\/\/aeroclub-abbeville.fr\/wp-content\/uploads\/2019\/05\/AA7F983B-8D67-471B-A6FD-B2A853297EB3-480x360.jpeg 480w, http:\/\/aeroclub-abbeville.fr\/wp-content\/uploads\/2019\/05\/AA7F983B-8D67-471B-A6FD-B2A853297EB3-768x576.jpeg 768w, http:\/\/aeroclub-abbeville.fr\/wp-content\/uploads\/2019\/05\/AA7F983B-8D67-471B-A6FD-B2A853297EB3-624x468.jpeg 624w\" sizes=\"(max-width: 480px) 100vw, 480px\" \/><figcaption>Pourtant, on y croyait !<\/figcaption><\/figure><\/div>\n\n\n\n<div class=\"wp-block-image\"><figure class=\"aligncenter is-resized\"><img decoding=\"async\" src=\"http:\/\/aeroclub-abbeville.fr\/wp-content\/uploads\/2019\/05\/A7DDB77B-CFE8-4348-A569-243C6DCA6874.jpeg\" alt=\"\" class=\"wp-image-1979\" width=\"480\" height=\"360\" srcset=\"http:\/\/aeroclub-abbeville.fr\/wp-content\/uploads\/2019\/05\/A7DDB77B-CFE8-4348-A569-243C6DCA6874.jpeg 960w, http:\/\/aeroclub-abbeville.fr\/wp-content\/uploads\/2019\/05\/A7DDB77B-CFE8-4348-A569-243C6DCA6874-480x360.jpeg 480w, http:\/\/aeroclub-abbeville.fr\/wp-content\/uploads\/2019\/05\/A7DDB77B-CFE8-4348-A569-243C6DCA6874-768x576.jpeg 768w, http:\/\/aeroclub-abbeville.fr\/wp-content\/uploads\/2019\/05\/A7DDB77B-CFE8-4348-A569-243C6DCA6874-624x468.jpeg 624w\" sizes=\"(max-width: 480px) 100vw, 480px\" \/><figcaption><br><\/figcaption><\/figure><\/div>\n\n\n\n<p style=\"text-align:center\">Et nos amis \u00e9taient pr\u00eats !<\/p>\n\n\n\n<div class=\"wp-block-image\"><figure class=\"aligncenter is-resized\"><img loading=\"lazy\" decoding=\"async\" src=\"http:\/\/aeroclub-abbeville.fr\/wp-content\/uploads\/2019\/05\/7FEB60C3-03D1-4DCA-B938-B32D0E3E2DE6.jpeg\" alt=\"\" class=\"wp-image-1980\" width=\"360\" height=\"240\" srcset=\"http:\/\/aeroclub-abbeville.fr\/wp-content\/uploads\/2019\/05\/7FEB60C3-03D1-4DCA-B938-B32D0E3E2DE6.jpeg 720w, http:\/\/aeroclub-abbeville.fr\/wp-content\/uploads\/2019\/05\/7FEB60C3-03D1-4DCA-B938-B32D0E3E2DE6-480x320.jpeg 480w, http:\/\/aeroclub-abbeville.fr\/wp-content\/uploads\/2019\/05\/7FEB60C3-03D1-4DCA-B938-B32D0E3E2DE6-624x416.jpeg 624w\" sizes=\"(max-width: 360px) 100vw, 360px\" \/><figcaption>Bon, d\u2019accord, on verra \u00e7a plus tard !<\/figcaption><\/figure><\/div>\n\n\n\n<p style=\"text-align:center\">Pour Simon et Olivier Caudrelier, ce n\u2019est que partie remise ! <\/p>\n\n\n\n<p style=\"text-align:center\">Cr\u00e9dits photos : Magali Russier Corcy et Sabine Caudrelier <\/p>\n\n\n\n<p style=\"text-align:center\">Fran\u00e7oise Sockeel <\/p>\n","protected":false},"excerpt":{"rendered":"<p>8 Mai 2019 Pour la f\u00eate du 8 mai, les Championnats de France de Planeurs ont fait une pause. On attend la m\u00e9t\u00e9o ! Les Planeurs sont ballast\u00e9s, les pompotes en place ! Finalement \u00e0 14h, l\u2019\u00e9preuve est annul\u00e9e ! Le ciel se d\u00e9gage puis laisse place aux orages ! \u00c7a ira mieux demain ! [&hellip;]<\/p>\n","protected":false},"author":211,"featured_media":0,"comment_status":"closed","ping_status":"closed","sticky":false,"template":"","format":"standard","meta":{"inline_featured_image":false,"footnotes":""},"categories":[20,3,4,13,19],"tags":[],"class_list":["post-1975","post","type-post","status-publish","format-standard","hentry","category-actualites","category-club","category-competitions","category-planeur","category-vol-a-voile"],"_links":{"self":[{"href":"http:\/\/aeroclub-abbeville.fr\/index.php?rest_route=\/wp\/v2\/posts\/1975","targetHints":{"allow":["GET"]}}],"collection":[{"href":"http:\/\/aeroclub-abbeville.fr\/index.php?rest_route=\/wp\/v2\/posts"}],"about":[{"href":"http:\/\/aeroclub-abbeville.fr\/index.php?rest_route=\/wp\/v2\/types\/post"}],"author":[{"embeddable":true,"href":"http:\/\/aeroclub-abbeville.fr\/index.php?rest_route=\/wp\/v2\/users\/211"}],"replies":[{"embeddable":true,"href":"http:\/\/aeroclub-abbeville.fr\/index.php?rest_route=%2Fwp%2Fv2%2Fcomments&post=1975"}],"version-history":[{"count":5,"href":"http:\/\/aeroclub-abbeville.fr\/index.php?rest_route=\/wp\/v2\/posts\/1975\/revisions"}],"predecessor-version":[{"id":1993,"href":"http:\/\/aeroclub-abbeville.fr\/index.php?rest_route=\/wp\/v2\/posts\/1975\/revisions\/1993"}],"wp:attachment":[{"href":"http:\/\/aeroclub-abbeville.fr\/index.php?rest_route=%2Fwp%2Fv2%2Fmedia&parent=1975"}],"wp:term":[{"taxonomy":"category","embeddable":true,"href":"http:\/\/aeroclub-abbeville.fr\/index.php?rest_route=%2Fwp%2Fv2%2Fcategories&post=1975"},{"taxonomy":"post_tag","embeddable":true,"href":"http:\/\/aeroclub-abbeville.fr\/index.php?rest_route=%2Fwp%2Fv2%2Ftags&post=1975"}],"curies":[{"name":"wp","href":"https:\/\/api.w.org\/{rel}","templated":true}]}}