{"id":1986,"date":"2019-05-11T13:26:50","date_gmt":"2019-05-11T12:26:50","guid":{"rendered":"http:\/\/aeroclub-abbeville.fr\/?p=1986"},"modified":"2019-05-11T13:50:37","modified_gmt":"2019-05-11T12:50:37","slug":"les-championnats-de-france-de-vol-en-planeurs-sont-termines","status":"publish","type":"post","link":"http:\/\/aeroclub-abbeville.fr\/?p=1986","title":{"rendered":"Les Championnats de France de Vol en Planeurs sont termin\u00e9s !"},"content":{"rendered":"\n<p>11 Mai 2019<\/p>\n\n\n\n<p>Suite \u00e0 une m\u00e9t\u00e9o pluvieuse aujourd\u2019hui, l\u2019\u00e9preuve du jour, la derni\u00e8re des Championnats \u00e0 Buno-Bonneveaux, en Val d\u2019Essonne, a \u00e9t\u00e9 annul\u00e9e.<\/p>\n\n\n\n<div class=\"wp-block-image\"><figure class=\"aligncenter is-resized\"><img fetchpriority=\"high\" decoding=\"async\" src=\"http:\/\/aeroclub-abbeville.fr\/wp-content\/uploads\/2019\/05\/2C6A0116-C904-443F-BA61-28AA5DB399BF.jpeg\" alt=\"\" class=\"wp-image-1987\" width=\"480\" height=\"360\" srcset=\"http:\/\/aeroclub-abbeville.fr\/wp-content\/uploads\/2019\/05\/2C6A0116-C904-443F-BA61-28AA5DB399BF.jpeg 960w, http:\/\/aeroclub-abbeville.fr\/wp-content\/uploads\/2019\/05\/2C6A0116-C904-443F-BA61-28AA5DB399BF-480x360.jpeg 480w, http:\/\/aeroclub-abbeville.fr\/wp-content\/uploads\/2019\/05\/2C6A0116-C904-443F-BA61-28AA5DB399BF-768x576.jpeg 768w, http:\/\/aeroclub-abbeville.fr\/wp-content\/uploads\/2019\/05\/2C6A0116-C904-443F-BA61-28AA5DB399BF-624x468.jpeg 624w\" sizes=\"(max-width: 480px) 100vw, 480px\" \/><\/figure><\/div>\n\n\n\n<p style=\"text-align:center\">La remise des prix a \u00e9t\u00e9 avanc\u00e9e \u00e0 12h30.<\/p>\n\n\n\n<div class=\"wp-block-image\"><figure class=\"aligncenter is-resized\"><img decoding=\"async\" src=\"http:\/\/aeroclub-abbeville.fr\/wp-content\/uploads\/2019\/05\/E04C5921-2384-41A0-9C44-90E3701029CA.jpeg\" alt=\"\" class=\"wp-image-1988\" width=\"720\" height=\"350\" srcset=\"http:\/\/aeroclub-abbeville.fr\/wp-content\/uploads\/2019\/05\/E04C5921-2384-41A0-9C44-90E3701029CA.jpeg 960w, http:\/\/aeroclub-abbeville.fr\/wp-content\/uploads\/2019\/05\/E04C5921-2384-41A0-9C44-90E3701029CA-480x233.jpeg 480w, http:\/\/aeroclub-abbeville.fr\/wp-content\/uploads\/2019\/05\/E04C5921-2384-41A0-9C44-90E3701029CA-768x373.jpeg 768w, http:\/\/aeroclub-abbeville.fr\/wp-content\/uploads\/2019\/05\/E04C5921-2384-41A0-9C44-90E3701029CA-624x303.jpeg 624w\" sizes=\"(max-width: 720px) 100vw, 720px\" \/><\/figure><\/div>\n\n\n\n<p>Sur le podium : Premier : Adrien Henry,  Second : Louis Bouderlique, Troisi\u00e8me : Christian Mallick . Bravo les Champions !<\/p>\n\n\n\n<div class=\"wp-block-image\"><figure class=\"aligncenter is-resized\"><img decoding=\"async\" src=\"http:\/\/aeroclub-abbeville.fr\/wp-content\/uploads\/2019\/05\/935B0E68-49DD-4E0B-A2CB-9D2F2AC87A51.jpeg\" alt=\"\" class=\"wp-image-1989\" width=\"540\" height=\"360\" srcset=\"http:\/\/aeroclub-abbeville.fr\/wp-content\/uploads\/2019\/05\/935B0E68-49DD-4E0B-A2CB-9D2F2AC87A51.jpeg 720w, http:\/\/aeroclub-abbeville.fr\/wp-content\/uploads\/2019\/05\/935B0E68-49DD-4E0B-A2CB-9D2F2AC87A51-480x320.jpeg 480w, http:\/\/aeroclub-abbeville.fr\/wp-content\/uploads\/2019\/05\/935B0E68-49DD-4E0B-A2CB-9D2F2AC87A51-624x416.jpeg 624w\" sizes=\"(max-width: 540px) 100vw, 540px\" \/><figcaption>En Duo !<br><\/figcaption><\/figure><\/div>\n\n\n\n<p>Nos deux v\u00e9livoles d\u2019Abbeville, Olivier et Simon Caudrelier obtiennent la 13 \u00e8me place de ces championnats ! F\u00e9licitations !<\/p>\n\n\n\n<div class=\"wp-block-image\"><figure class=\"aligncenter is-resized\"><img loading=\"lazy\" decoding=\"async\" src=\"http:\/\/aeroclub-abbeville.fr\/wp-content\/uploads\/2019\/05\/EB59AF30-2C98-4C2F-AE53-885E6E52E1A1-1024x683.jpeg\" alt=\"\" class=\"wp-image-1990\" width=\"512\" height=\"342\" srcset=\"http:\/\/aeroclub-abbeville.fr\/wp-content\/uploads\/2019\/05\/EB59AF30-2C98-4C2F-AE53-885E6E52E1A1-1024x683.jpeg 1024w, http:\/\/aeroclub-abbeville.fr\/wp-content\/uploads\/2019\/05\/EB59AF30-2C98-4C2F-AE53-885E6E52E1A1-480x320.jpeg 480w, http:\/\/aeroclub-abbeville.fr\/wp-content\/uploads\/2019\/05\/EB59AF30-2C98-4C2F-AE53-885E6E52E1A1-768x512.jpeg 768w, http:\/\/aeroclub-abbeville.fr\/wp-content\/uploads\/2019\/05\/EB59AF30-2C98-4C2F-AE53-885E6E52E1A1-624x416.jpeg 624w, http:\/\/aeroclub-abbeville.fr\/wp-content\/uploads\/2019\/05\/EB59AF30-2C98-4C2F-AE53-885E6E52E1A1.jpeg 1500w\" sizes=\"(max-width: 512px) 100vw, 512px\" \/><figcaption>Et pourtant , certains candidats s\u2019\u00e9taient invit\u00e9s \u00e0 la derni\u00e8re minute !<br> Ils semblaient m\u00eame difficiles \u00e0 battre !<br><\/figcaption><\/figure><\/div>\n\n\n\n<p style=\"text-align:center\">Merci \u00e0 tous les partenaires de ces m\u00e9morables journ\u00e9es ! <\/p>\n\n\n\n<p style=\"text-align:center\">Cr\u00e9dits photos : AAVE, Sabine Caudrelier, Laurent Boissard .<\/p>\n\n\n\n<p style=\"text-align:center\">Fran\u00e7oise Sockeel<\/p>\n","protected":false},"excerpt":{"rendered":"<p>11 Mai 2019 Suite \u00e0 une m\u00e9t\u00e9o pluvieuse aujourd\u2019hui, l\u2019\u00e9preuve du jour, la derni\u00e8re des Championnats \u00e0 Buno-Bonneveaux, en Val d\u2019Essonne, a \u00e9t\u00e9 annul\u00e9e. La remise des prix a \u00e9t\u00e9 avanc\u00e9e \u00e0 12h30. Sur le podium : Premier : Adrien Henry, Second : Louis Bouderlique, Troisi\u00e8me : Christian Mallick . Bravo les Champions ! Nos [&hellip;]<\/p>\n","protected":false},"author":211,"featured_media":0,"comment_status":"closed","ping_status":"closed","sticky":false,"template":"","format":"standard","meta":{"inline_featured_image":false,"footnotes":""},"categories":[20,3,4,13,19],"tags":[],"class_list":["post-1986","post","type-post","status-publish","format-standard","hentry","category-actualites","category-club","category-competitions","category-planeur","category-vol-a-voile"],"_links":{"self":[{"href":"http:\/\/aeroclub-abbeville.fr\/index.php?rest_route=\/wp\/v2\/posts\/1986","targetHints":{"allow":["GET"]}}],"collection":[{"href":"http:\/\/aeroclub-abbeville.fr\/index.php?rest_route=\/wp\/v2\/posts"}],"about":[{"href":"http:\/\/aeroclub-abbeville.fr\/index.php?rest_route=\/wp\/v2\/types\/post"}],"author":[{"embeddable":true,"href":"http:\/\/aeroclub-abbeville.fr\/index.php?rest_route=\/wp\/v2\/users\/211"}],"replies":[{"embeddable":true,"href":"http:\/\/aeroclub-abbeville.fr\/index.php?rest_route=%2Fwp%2Fv2%2Fcomments&post=1986"}],"version-history":[{"count":6,"href":"http:\/\/aeroclub-abbeville.fr\/index.php?rest_route=\/wp\/v2\/posts\/1986\/revisions"}],"predecessor-version":[{"id":2002,"href":"http:\/\/aeroclub-abbeville.fr\/index.php?rest_route=\/wp\/v2\/posts\/1986\/revisions\/2002"}],"wp:attachment":[{"href":"http:\/\/aeroclub-abbeville.fr\/index.php?rest_route=%2Fwp%2Fv2%2Fmedia&parent=1986"}],"wp:term":[{"taxonomy":"category","embeddable":true,"href":"http:\/\/aeroclub-abbeville.fr\/index.php?rest_route=%2Fwp%2Fv2%2Fcategories&post=1986"},{"taxonomy":"post_tag","embeddable":true,"href":"http:\/\/aeroclub-abbeville.fr\/index.php?rest_route=%2Fwp%2Fv2%2Ftags&post=1986"}],"curies":[{"name":"wp","href":"https:\/\/api.w.org\/{rel}","templated":true}]}}