{"id":2006,"date":"2019-05-13T14:51:23","date_gmt":"2019-05-13T13:51:23","guid":{"rendered":"http:\/\/aeroclub-abbeville.fr\/?p=2006"},"modified":"2019-05-13T21:55:20","modified_gmt":"2019-05-13T20:55:20","slug":"les-surprises-de-la-baie","status":"publish","type":"post","link":"http:\/\/aeroclub-abbeville.fr\/?p=2006","title":{"rendered":"Les surprises de la Baie !"},"content":{"rendered":"\n<p>13 Mai 2019<\/p>\n\n\n\n<p>Par un beau dimanche de Mai, dans un ciel bleu nuage et port\u00e9s par un vent un peu frais, quelques oiseaux exotiques ont survol\u00e9 la Baie pour venir nous saluer !<\/p>\n\n\n\n<div class=\"wp-block-image\"><figure class=\"aligncenter is-resized\"><img fetchpriority=\"high\" decoding=\"async\" src=\"http:\/\/aeroclub-abbeville.fr\/wp-content\/uploads\/2019\/05\/51933087-AEF0-491F-A98B-2D031FC80311.jpeg\" alt=\"\" class=\"wp-image-2007\" width=\"480\" height=\"319\" srcset=\"http:\/\/aeroclub-abbeville.fr\/wp-content\/uploads\/2019\/05\/51933087-AEF0-491F-A98B-2D031FC80311.jpeg 960w, http:\/\/aeroclub-abbeville.fr\/wp-content\/uploads\/2019\/05\/51933087-AEF0-491F-A98B-2D031FC80311-480x319.jpeg 480w, http:\/\/aeroclub-abbeville.fr\/wp-content\/uploads\/2019\/05\/51933087-AEF0-491F-A98B-2D031FC80311-768x510.jpeg 768w, http:\/\/aeroclub-abbeville.fr\/wp-content\/uploads\/2019\/05\/51933087-AEF0-491F-A98B-2D031FC80311-624x415.jpeg 624w\" sizes=\"(max-width: 480px) 100vw, 480px\" \/><\/figure><\/div>\n\n\n\n<div class=\"wp-block-image\"><figure class=\"aligncenter is-resized\"><img decoding=\"async\" src=\"http:\/\/aeroclub-abbeville.fr\/wp-content\/uploads\/2019\/05\/0ECAD88E-94EA-473E-B858-61BF8CB658CE.jpeg\" alt=\"\" class=\"wp-image-2008\" width=\"480\" height=\"319\" srcset=\"http:\/\/aeroclub-abbeville.fr\/wp-content\/uploads\/2019\/05\/0ECAD88E-94EA-473E-B858-61BF8CB658CE.jpeg 960w, http:\/\/aeroclub-abbeville.fr\/wp-content\/uploads\/2019\/05\/0ECAD88E-94EA-473E-B858-61BF8CB658CE-480x319.jpeg 480w, http:\/\/aeroclub-abbeville.fr\/wp-content\/uploads\/2019\/05\/0ECAD88E-94EA-473E-B858-61BF8CB658CE-768x510.jpeg 768w, http:\/\/aeroclub-abbeville.fr\/wp-content\/uploads\/2019\/05\/0ECAD88E-94EA-473E-B858-61BF8CB658CE-624x415.jpeg 624w\" sizes=\"(max-width: 480px) 100vw, 480px\" \/><figcaption>Un Fouga Magister \u00e0 tr\u00e8s basse altitude !<br><\/figcaption><\/figure><\/div>\n\n\n\n<div class=\"wp-block-image\"><figure class=\"aligncenter is-resized\"><img decoding=\"async\" src=\"http:\/\/aeroclub-abbeville.fr\/wp-content\/uploads\/2019\/05\/AEE48521-A01D-48D8-9220-0E105C9D9AFB-1024x681.jpeg\" alt=\"\" class=\"wp-image-2009\" width=\"512\" height=\"341\" srcset=\"http:\/\/aeroclub-abbeville.fr\/wp-content\/uploads\/2019\/05\/AEE48521-A01D-48D8-9220-0E105C9D9AFB-1024x681.jpeg 1024w, http:\/\/aeroclub-abbeville.fr\/wp-content\/uploads\/2019\/05\/AEE48521-A01D-48D8-9220-0E105C9D9AFB-480x319.jpeg 480w, http:\/\/aeroclub-abbeville.fr\/wp-content\/uploads\/2019\/05\/AEE48521-A01D-48D8-9220-0E105C9D9AFB-768x511.jpeg 768w, http:\/\/aeroclub-abbeville.fr\/wp-content\/uploads\/2019\/05\/AEE48521-A01D-48D8-9220-0E105C9D9AFB-624x415.jpeg 624w, http:\/\/aeroclub-abbeville.fr\/wp-content\/uploads\/2019\/05\/AEE48521-A01D-48D8-9220-0E105C9D9AFB.jpeg 1692w\" sizes=\"(max-width: 512px) 100vw, 512px\" \/><\/figure><\/div>\n\n\n\n<div class=\"wp-block-image\"><figure class=\"aligncenter is-resized\"><img loading=\"lazy\" decoding=\"async\" src=\"http:\/\/aeroclub-abbeville.fr\/wp-content\/uploads\/2019\/05\/270DE316-772E-4812-9471-0CD230C3D7F2.jpeg\" alt=\"\" class=\"wp-image-2010\" width=\"480\" height=\"320\" srcset=\"http:\/\/aeroclub-abbeville.fr\/wp-content\/uploads\/2019\/05\/270DE316-772E-4812-9471-0CD230C3D7F2.jpeg 960w, http:\/\/aeroclub-abbeville.fr\/wp-content\/uploads\/2019\/05\/270DE316-772E-4812-9471-0CD230C3D7F2-480x320.jpeg 480w, http:\/\/aeroclub-abbeville.fr\/wp-content\/uploads\/2019\/05\/270DE316-772E-4812-9471-0CD230C3D7F2-768x512.jpeg 768w, http:\/\/aeroclub-abbeville.fr\/wp-content\/uploads\/2019\/05\/270DE316-772E-4812-9471-0CD230C3D7F2-624x416.jpeg 624w\" sizes=\"(max-width: 480px) 100vw, 480px\" \/><figcaption>L\u2019effet \u00ab&nbsp;Libellule !&nbsp;\u00bb<\/figcaption><\/figure><\/div>\n\n\n\n<div class=\"wp-block-image\"><figure class=\"aligncenter is-resized\"><img loading=\"lazy\" decoding=\"async\" src=\"http:\/\/aeroclub-abbeville.fr\/wp-content\/uploads\/2019\/05\/18695318-3AFD-4FFB-AD97-73AD190D6494.jpeg\" alt=\"\" class=\"wp-image-2011\" width=\"480\" height=\"319\" srcset=\"http:\/\/aeroclub-abbeville.fr\/wp-content\/uploads\/2019\/05\/18695318-3AFD-4FFB-AD97-73AD190D6494.jpeg 960w, http:\/\/aeroclub-abbeville.fr\/wp-content\/uploads\/2019\/05\/18695318-3AFD-4FFB-AD97-73AD190D6494-480x319.jpeg 480w, http:\/\/aeroclub-abbeville.fr\/wp-content\/uploads\/2019\/05\/18695318-3AFD-4FFB-AD97-73AD190D6494-768x510.jpeg 768w, http:\/\/aeroclub-abbeville.fr\/wp-content\/uploads\/2019\/05\/18695318-3AFD-4FFB-AD97-73AD190D6494-624x415.jpeg 624w\" sizes=\"(max-width: 480px) 100vw, 480px\" \/><figcaption>\u00c7a c\u2019est rien que pour l\u2019avion !<br><\/figcaption><\/figure><\/div>\n\n\n\n<p style=\"text-align:center\">Et pendant que notre ami William nous d\u00e9tendait avec humour apr\u00e8s les vols, d\u2019autres se transmettaient ses histoires ! Encore une belle journ\u00e9e ensoleill\u00e9e sur les Ailes de la Baie !<\/p>\n\n\n\n<div class=\"wp-block-image\"><figure class=\"aligncenter is-resized\"><img loading=\"lazy\" decoding=\"async\" src=\"http:\/\/aeroclub-abbeville.fr\/wp-content\/uploads\/2019\/05\/7051822F-0213-4D1A-9C78-2C0C1434879D.jpeg\" alt=\"\" class=\"wp-image-2012\" width=\"445\" height=\"497\" srcset=\"http:\/\/aeroclub-abbeville.fr\/wp-content\/uploads\/2019\/05\/7051822F-0213-4D1A-9C78-2C0C1434879D.jpeg 593w, http:\/\/aeroclub-abbeville.fr\/wp-content\/uploads\/2019\/05\/7051822F-0213-4D1A-9C78-2C0C1434879D-429x480.jpeg 429w\" sizes=\"(max-width: 445px) 100vw, 445px\" \/><figcaption>Credit photo : Humour a\u00e9rien <br><\/figcaption><\/figure><\/div>\n\n\n\n<p style=\"text-align:center\">Cr\u00e9dits photos : Vincent Detaille <\/p>\n\n\n\n<p style=\"text-align:center\"> Fran\u00e7oise Sockeel <\/p>\n","protected":false},"excerpt":{"rendered":"<p>13 Mai 2019 Par un beau dimanche de Mai, dans un ciel bleu nuage et port\u00e9s par un vent un peu frais, quelques oiseaux exotiques ont survol\u00e9 la Baie pour venir nous saluer ! Et pendant que notre ami William nous d\u00e9tendait avec humour apr\u00e8s les vols, d\u2019autres se transmettaient ses histoires ! Encore une [&hellip;]<\/p>\n","protected":false},"author":211,"featured_media":0,"comment_status":"closed","ping_status":"closed","sticky":false,"template":"","format":"standard","meta":{"inline_featured_image":false,"footnotes":""},"categories":[20,2,3],"tags":[],"class_list":["post-2006","post","type-post","status-publish","format-standard","hentry","category-actualites","category-avion","category-club"],"_links":{"self":[{"href":"http:\/\/aeroclub-abbeville.fr\/index.php?rest_route=\/wp\/v2\/posts\/2006","targetHints":{"allow":["GET"]}}],"collection":[{"href":"http:\/\/aeroclub-abbeville.fr\/index.php?rest_route=\/wp\/v2\/posts"}],"about":[{"href":"http:\/\/aeroclub-abbeville.fr\/index.php?rest_route=\/wp\/v2\/types\/post"}],"author":[{"embeddable":true,"href":"http:\/\/aeroclub-abbeville.fr\/index.php?rest_route=\/wp\/v2\/users\/211"}],"replies":[{"embeddable":true,"href":"http:\/\/aeroclub-abbeville.fr\/index.php?rest_route=%2Fwp%2Fv2%2Fcomments&post=2006"}],"version-history":[{"count":6,"href":"http:\/\/aeroclub-abbeville.fr\/index.php?rest_route=\/wp\/v2\/posts\/2006\/revisions"}],"predecessor-version":[{"id":2027,"href":"http:\/\/aeroclub-abbeville.fr\/index.php?rest_route=\/wp\/v2\/posts\/2006\/revisions\/2027"}],"wp:attachment":[{"href":"http:\/\/aeroclub-abbeville.fr\/index.php?rest_route=%2Fwp%2Fv2%2Fmedia&parent=2006"}],"wp:term":[{"taxonomy":"category","embeddable":true,"href":"http:\/\/aeroclub-abbeville.fr\/index.php?rest_route=%2Fwp%2Fv2%2Fcategories&post=2006"},{"taxonomy":"post_tag","embeddable":true,"href":"http:\/\/aeroclub-abbeville.fr\/index.php?rest_route=%2Fwp%2Fv2%2Ftags&post=2006"}],"curies":[{"name":"wp","href":"https:\/\/api.w.org\/{rel}","templated":true}]}}