{"id":2030,"date":"2019-05-14T11:21:38","date_gmt":"2019-05-14T10:21:38","guid":{"rendered":"http:\/\/aeroclub-abbeville.fr\/?p=2030"},"modified":"2019-05-14T21:14:01","modified_gmt":"2019-05-14T20:14:01","slug":"un-dimanche-en-baie-de-somme","status":"publish","type":"post","link":"http:\/\/aeroclub-abbeville.fr\/?p=2030","title":{"rendered":"Un dimanche en Baie de Somme !"},"content":{"rendered":"\n<p>12 Mai 2019<\/p>\n\n\n\n<p style=\"text-align:center\"> Eh ! Les Amis !<br>Pendant la fin de semaine,&nbsp;<br>Pendant les vacances,<br>Pendant la retraite,<br>Pourquoi vous dire : \u00ab J\u2019m\u2019ennuie, j\u2019sais pas quoi faire !!!! \u00bb<br>R\u00eavez, osez, venez nous retrouver,<br>Sur \u00ab aeroclub-abbeville.fr \u00bb et<br>Laissez vous glisser sur les \u00ab Ailes de la Baie ! \u00bb<\/p>\n\n\n\n<p style=\"text-align:center\">Voici un avant go\u00fbt de ce qui vous attend, si vous en prenez le temps  !<\/p>\n\n\n\n<div class=\"wp-block-image\"><figure class=\"aligncenter is-resized\"><img fetchpriority=\"high\" decoding=\"async\" src=\"http:\/\/aeroclub-abbeville.fr\/wp-content\/uploads\/2015\/11\/DSC_0695.jpg\" alt=\"\" class=\"wp-image-1305\" width=\"600\" height=\"400\" srcset=\"http:\/\/aeroclub-abbeville.fr\/wp-content\/uploads\/2015\/11\/DSC_0695.jpg 800w, http:\/\/aeroclub-abbeville.fr\/wp-content\/uploads\/2015\/11\/DSC_0695-480x319.jpg 480w, http:\/\/aeroclub-abbeville.fr\/wp-content\/uploads\/2015\/11\/DSC_0695-624x415.jpg 624w\" sizes=\"(max-width: 600px) 100vw, 600px\" \/><figcaption>Tous pr\u00eats \u00e0 prendre l&rsquo;air !<\/figcaption><\/figure><\/div>\n\n\n\n<p style=\"text-align:center\">Et, comme tout le monde \u00e9tait l\u00e0, en un coup d&rsquo;oeil, on vous propose une soixantaine de photos sur l&rsquo;activit\u00e9 de l&rsquo;a\u00e9rodrome d&rsquo;Abbeville en ce dimanche apr\u00e8s-midi !<br>l&rsquo;album complet est visible en cliquant sur le lien ou la photo, ci dessous.<\/p>\n\n\n\n<p style=\"text-align:center\">Merci \u00e0 Vincent Detaille pour ce reportage sans faille !<\/p>\n\n\n\n<p style=\"text-align:center\" class=\"has-text-color has-medium-font-size has-vivid-cyan-blue-color\"><a href=\"https:\/\/flic.kr\/s\/aHsmDt3Ap3\">https:\/\/flic.kr\/s\/aHsmDt3Ap3<\/a><\/p>\n\n\n\n<div class=\"wp-block-image\"><figure class=\"aligncenter is-resized\"><a href=\"https:\/\/flic.kr\/s\/aHsmDt3Ap3\"><img decoding=\"async\" src=\"http:\/\/aeroclub-abbeville.fr\/wp-content\/uploads\/2019\/05\/270DE316-772E-4812-9471-0CD230C3D7F2.jpeg\" alt=\"\" class=\"wp-image-2010\" width=\"480\" height=\"320\" srcset=\"http:\/\/aeroclub-abbeville.fr\/wp-content\/uploads\/2019\/05\/270DE316-772E-4812-9471-0CD230C3D7F2.jpeg 960w, http:\/\/aeroclub-abbeville.fr\/wp-content\/uploads\/2019\/05\/270DE316-772E-4812-9471-0CD230C3D7F2-480x320.jpeg 480w, http:\/\/aeroclub-abbeville.fr\/wp-content\/uploads\/2019\/05\/270DE316-772E-4812-9471-0CD230C3D7F2-768x512.jpeg 768w, http:\/\/aeroclub-abbeville.fr\/wp-content\/uploads\/2019\/05\/270DE316-772E-4812-9471-0CD230C3D7F2-624x416.jpeg 624w\" sizes=\"(max-width: 480px) 100vw, 480px\" \/><\/a><figcaption>Beechcraft Bonanza<\/figcaption><\/figure><\/div>\n\n\n\n<div class=\"wp-block-image\"><figure class=\"aligncenter is-resized\"><img decoding=\"async\" src=\"http:\/\/aeroclub-abbeville.fr\/wp-content\/uploads\/2019\/05\/55704804_416146098951228_2231396545775796224_n.jpg\" alt=\"\" class=\"wp-image-2032\" width=\"480\" height=\"360\" srcset=\"http:\/\/aeroclub-abbeville.fr\/wp-content\/uploads\/2019\/05\/55704804_416146098951228_2231396545775796224_n.jpg 960w, http:\/\/aeroclub-abbeville.fr\/wp-content\/uploads\/2019\/05\/55704804_416146098951228_2231396545775796224_n-480x360.jpg 480w, http:\/\/aeroclub-abbeville.fr\/wp-content\/uploads\/2019\/05\/55704804_416146098951228_2231396545775796224_n-768x576.jpg 768w, http:\/\/aeroclub-abbeville.fr\/wp-content\/uploads\/2019\/05\/55704804_416146098951228_2231396545775796224_n-624x468.jpg 624w\" sizes=\"(max-width: 480px) 100vw, 480px\" \/><figcaption>Et \u00e7a, c&rsquo;est chez Nous !!!<br><br><br><\/figcaption><\/figure><\/div>\n\n\n\n<p style=\"text-align:center\"> A bient\u00f4t \u00e0 l&rsquo;a\u00e9roclub d&rsquo;Abbeville Baie de Somme !<\/p>\n\n\n\n<p style=\"text-align:center\">Fran\u00e7oise Sockeel<\/p>\n","protected":false},"excerpt":{"rendered":"<p>12 Mai 2019 Eh ! Les Amis !Pendant la fin de semaine,&nbsp;Pendant les vacances,Pendant la retraite,Pourquoi vous dire : \u00ab J\u2019m\u2019ennuie, j\u2019sais pas quoi faire !!!! \u00bbR\u00eavez, osez, venez nous retrouver,Sur \u00ab aeroclub-abbeville.fr \u00bb etLaissez vous glisser sur les \u00ab Ailes de la Baie ! \u00bb Voici un avant go\u00fbt de ce qui vous attend, [&hellip;]<\/p>\n","protected":false},"author":211,"featured_media":0,"comment_status":"closed","ping_status":"closed","sticky":false,"template":"","format":"standard","meta":{"inline_featured_image":false,"footnotes":""},"categories":[20,2,3,13,17,19],"tags":[],"class_list":["post-2030","post","type-post","status-publish","format-standard","hentry","category-actualites","category-avion","category-club","category-planeur","category-ulm","category-vol-a-voile"],"_links":{"self":[{"href":"http:\/\/aeroclub-abbeville.fr\/index.php?rest_route=\/wp\/v2\/posts\/2030","targetHints":{"allow":["GET"]}}],"collection":[{"href":"http:\/\/aeroclub-abbeville.fr\/index.php?rest_route=\/wp\/v2\/posts"}],"about":[{"href":"http:\/\/aeroclub-abbeville.fr\/index.php?rest_route=\/wp\/v2\/types\/post"}],"author":[{"embeddable":true,"href":"http:\/\/aeroclub-abbeville.fr\/index.php?rest_route=\/wp\/v2\/users\/211"}],"replies":[{"embeddable":true,"href":"http:\/\/aeroclub-abbeville.fr\/index.php?rest_route=%2Fwp%2Fv2%2Fcomments&post=2030"}],"version-history":[{"count":13,"href":"http:\/\/aeroclub-abbeville.fr\/index.php?rest_route=\/wp\/v2\/posts\/2030\/revisions"}],"predecessor-version":[{"id":2046,"href":"http:\/\/aeroclub-abbeville.fr\/index.php?rest_route=\/wp\/v2\/posts\/2030\/revisions\/2046"}],"wp:attachment":[{"href":"http:\/\/aeroclub-abbeville.fr\/index.php?rest_route=%2Fwp%2Fv2%2Fmedia&parent=2030"}],"wp:term":[{"taxonomy":"category","embeddable":true,"href":"http:\/\/aeroclub-abbeville.fr\/index.php?rest_route=%2Fwp%2Fv2%2Fcategories&post=2030"},{"taxonomy":"post_tag","embeddable":true,"href":"http:\/\/aeroclub-abbeville.fr\/index.php?rest_route=%2Fwp%2Fv2%2Ftags&post=2030"}],"curies":[{"name":"wp","href":"https:\/\/api.w.org\/{rel}","templated":true}]}}