{"id":2060,"date":"2019-05-26T16:54:26","date_gmt":"2019-05-26T15:54:26","guid":{"rendered":"http:\/\/aeroclub-abbeville.fr\/?p=2060"},"modified":"2019-05-27T08:36:15","modified_gmt":"2019-05-27T07:36:15","slug":"championnat-des-hauts-de-france-de-vol-en-planeur","status":"publish","type":"post","link":"http:\/\/aeroclub-abbeville.fr\/?p=2060","title":{"rendered":"Dans quelques jours, d\u00e9butera le Championnat des Hauts de France de Vol en Planeur !"},"content":{"rendered":"\n<p>26 Mai 2019<\/p>\n\n\n\n<div class=\"wp-block-image\"><figure class=\"aligncenter\"><img fetchpriority=\"high\" decoding=\"async\" width=\"472\" height=\"334\" src=\"http:\/\/aeroclub-abbeville.fr\/wp-content\/uploads\/2019\/05\/FB12C129-2B38-4ACE-8722-B9A594DCB87D.jpeg\" alt=\"\" class=\"wp-image-2061\"\/><\/figure><\/div>\n\n\n\n\n\n<p style=\"text-align: center;\">En route vers Soissons, les Abbevillois sont l\u00e0 !<\/p>\n\n\n\n<div class=\"wp-block-image\"><figure class=\"aligncenter is-resized\"><img decoding=\"async\" src=\"http:\/\/aeroclub-abbeville.fr\/wp-content\/uploads\/2019\/05\/FB54DBA7-4D62-41CF-90EE-ADA0376593D7.jpeg\" alt=\"\" class=\"wp-image-2079\" width=\"480\" height=\"360\" srcset=\"http:\/\/aeroclub-abbeville.fr\/wp-content\/uploads\/2019\/05\/FB54DBA7-4D62-41CF-90EE-ADA0376593D7.jpeg 960w, http:\/\/aeroclub-abbeville.fr\/wp-content\/uploads\/2019\/05\/FB54DBA7-4D62-41CF-90EE-ADA0376593D7-480x360.jpeg 480w, http:\/\/aeroclub-abbeville.fr\/wp-content\/uploads\/2019\/05\/FB54DBA7-4D62-41CF-90EE-ADA0376593D7-768x576.jpeg 768w, http:\/\/aeroclub-abbeville.fr\/wp-content\/uploads\/2019\/05\/FB54DBA7-4D62-41CF-90EE-ADA0376593D7-624x468.jpeg 624w\" sizes=\"(max-width: 480px) 100vw, 480px\" \/><figcaption>Cr\u00e9dit photo : Suzanne Caudrelier<\/figcaption><\/figure><\/div>\n\n\n\n<p style=\"text-align: left;\" data-tadv-p=\"keep\">J-4 pour le Championnat R\u00e9gional des Hauts de France \u00e0 Soissons !<br>Les meilleurs pilotes de la R\u00e9gion viendront se mesurer en vol, au d\u00e9part de notre terrain, pendant 7 jours.<br>16 participants inscrits \u00e0 ce jour :<br>&#8211; Abbeville viendra en force avec 5 planeurs,<br>&#8211; 4 participants venant de Lille avec en plus 2 planeurs \u00ab\u00a0hors comp\u00e9tition\u00a0\u00bb,<br>&#8211; 3 planeurs de Soissons seront engag\u00e9s,<br>&#8211; 2 planeurs de Compi\u00e8gne,<br>&#8211; Saint-Quentin et Maubeuge nous rejoindront avec chacun 1 planeur. <br>La m\u00e9t\u00e9o semble \u00eatre avec nous, un bel \u00e9v\u00e9nement en perspective donc !<\/p>\n<p>&nbsp;<\/p>\n\n\n\n<div class=\"wp-block-image\"><figure class=\"aligncenter is-resized\"><img decoding=\"async\" src=\"http:\/\/aeroclub-abbeville.fr\/wp-content\/uploads\/2019\/05\/D3EAF4CF-910C-4588-8E13-8D476F5E9DE1.jpeg\" alt=\"\" class=\"wp-image-2064\" width=\"425\" height=\"425\" srcset=\"http:\/\/aeroclub-abbeville.fr\/wp-content\/uploads\/2019\/05\/D3EAF4CF-910C-4588-8E13-8D476F5E9DE1.jpeg 567w, http:\/\/aeroclub-abbeville.fr\/wp-content\/uploads\/2019\/05\/D3EAF4CF-910C-4588-8E13-8D476F5E9DE1-150x150.jpeg 150w, http:\/\/aeroclub-abbeville.fr\/wp-content\/uploads\/2019\/05\/D3EAF4CF-910C-4588-8E13-8D476F5E9DE1-480x480.jpeg 480w\" sizes=\"(max-width: 425px) 100vw, 425px\" \/><figcaption>Avec Suzanne et Olivier, Ils sont tous aux taquets !<\/figcaption><\/figure><\/div>\n\n\n\n<p style=\"text-align: center;\" data-tadv-p=\"keep\">Une \u00e9nigme historique enfin r\u00e9v\u00e9l\u00e9e !<\/p>\n<p>C\u2019est pas eux qui ont cass\u00e9 le Vase de Soissons, mais on r\u00eave qu\u2019ils \u00ab Cassent la Baraque ! \u00bb, lors de ces prochains jours !&nbsp;<\/p>\n<p style=\"text-align: center;\" data-tadv-p=\"keep\">Bonne chance \u00ab Abbeville I can Fly \u00bb !<\/p>\n<p>&nbsp;<\/p>\n\n\n\n<div class=\"wp-block-image\"><figure class=\"aligncenter is-resized\"><img loading=\"lazy\" decoding=\"async\" src=\"http:\/\/aeroclub-abbeville.fr\/wp-content\/uploads\/2019\/05\/C14CAAF1-292F-4040-BD53-E5ECD882DF28.jpeg\" alt=\"\" class=\"wp-image-2066\" width=\"480\" height=\"360\" srcset=\"http:\/\/aeroclub-abbeville.fr\/wp-content\/uploads\/2019\/05\/C14CAAF1-292F-4040-BD53-E5ECD882DF28.jpeg 960w, http:\/\/aeroclub-abbeville.fr\/wp-content\/uploads\/2019\/05\/C14CAAF1-292F-4040-BD53-E5ECD882DF28-480x360.jpeg 480w, http:\/\/aeroclub-abbeville.fr\/wp-content\/uploads\/2019\/05\/C14CAAF1-292F-4040-BD53-E5ECD882DF28-768x576.jpeg 768w, http:\/\/aeroclub-abbeville.fr\/wp-content\/uploads\/2019\/05\/C14CAAF1-292F-4040-BD53-E5ECD882DF28-624x468.jpeg 624w\" sizes=\"(max-width: 480px) 100vw, 480px\" \/><figcaption>Il y a quelques temps, c\u2019\u00e9tait sous le soleil d\u2019Abbeville !<\/figcaption><\/figure><\/div>\n\n\n\n<p style=\"text-align:center\">\u00c0 bient\u00f4t, dans quelques jours, pour l\u2019ouverture du Championnat !<\/p>\n\n\n\n<p style=\"text-align:center\">Fran\u00e7oise Sockeel <\/p>\n","protected":false},"excerpt":{"rendered":"<p>\u00c0 bient\u00f4t, dans quelques jours, pour l\u2019ouverture du Championnat ! Fran\u00e7oise Sockeel<\/p>\n","protected":false},"author":211,"featured_media":0,"comment_status":"closed","ping_status":"closed","sticky":false,"template":"","format":"standard","meta":{"inline_featured_image":false,"footnotes":""},"categories":[20,3,4,13,19],"tags":[],"class_list":["post-2060","post","type-post","status-publish","format-standard","hentry","category-actualites","category-club","category-competitions","category-planeur","category-vol-a-voile"],"_links":{"self":[{"href":"http:\/\/aeroclub-abbeville.fr\/index.php?rest_route=\/wp\/v2\/posts\/2060","targetHints":{"allow":["GET"]}}],"collection":[{"href":"http:\/\/aeroclub-abbeville.fr\/index.php?rest_route=\/wp\/v2\/posts"}],"about":[{"href":"http:\/\/aeroclub-abbeville.fr\/index.php?rest_route=\/wp\/v2\/types\/post"}],"author":[{"embeddable":true,"href":"http:\/\/aeroclub-abbeville.fr\/index.php?rest_route=\/wp\/v2\/users\/211"}],"replies":[{"embeddable":true,"href":"http:\/\/aeroclub-abbeville.fr\/index.php?rest_route=%2Fwp%2Fv2%2Fcomments&post=2060"}],"version-history":[{"count":9,"href":"http:\/\/aeroclub-abbeville.fr\/index.php?rest_route=\/wp\/v2\/posts\/2060\/revisions"}],"predecessor-version":[{"id":2082,"href":"http:\/\/aeroclub-abbeville.fr\/index.php?rest_route=\/wp\/v2\/posts\/2060\/revisions\/2082"}],"wp:attachment":[{"href":"http:\/\/aeroclub-abbeville.fr\/index.php?rest_route=%2Fwp%2Fv2%2Fmedia&parent=2060"}],"wp:term":[{"taxonomy":"category","embeddable":true,"href":"http:\/\/aeroclub-abbeville.fr\/index.php?rest_route=%2Fwp%2Fv2%2Fcategories&post=2060"},{"taxonomy":"post_tag","embeddable":true,"href":"http:\/\/aeroclub-abbeville.fr\/index.php?rest_route=%2Fwp%2Fv2%2Ftags&post=2060"}],"curies":[{"name":"wp","href":"https:\/\/api.w.org\/{rel}","templated":true}]}}