{"id":2072,"date":"2019-05-27T14:26:02","date_gmt":"2019-05-27T13:26:02","guid":{"rendered":"http:\/\/aeroclub-abbeville.fr\/?p=2072"},"modified":"2019-05-27T14:45:43","modified_gmt":"2019-05-27T13:45:43","slug":"un-beau-partage-de-laerodrome","status":"publish","type":"post","link":"http:\/\/aeroclub-abbeville.fr\/?p=2072","title":{"rendered":"Un beau partage de l\u2019A\u00e9rodrome !"},"content":{"rendered":"\n<p>26 Mai 2019<\/p>\n<p class=\"m_1046107689021394903default-style\" style=\"text-align: center;\"><span data-originalfontsize=\"10pt\" data-originalcomputedfontsize=\"13.333333015441895\">A partir de mercredi 29 Mai, les Chipmunk et Bulldogs nous rendront visite comme ils le font chaque ann\u00e9e, pour leurs vols en formation et voltige, avec comme d&rsquo;habitude le formidable vol en patrouille compl\u00e8te le samedi soir.<\/span><\/p>\n<p class=\"m_1046107689021394903default-style\" style=\"text-align: center;\"><a href=\"http:\/\/www.bullchipmeet.eu\/\"><span data-originalfontsize=\"10pt\" data-originalcomputedfontsize=\"13.333333015441895\"> http:\/\/www.bullchipmeet.eu\/<\/span><\/a><\/p>\n\n\n\n<p style=\"text-align:center\">Il y aura donc beaucoup d\u2019activit\u00e9s sur la plateforme. <\/p>\n\n\n\n<p style=\"text-align:center\">Pensez \u00e0 v\u00e9rifier le Notam. <\/p>\n\n\n\n<figure class=\"wp-block-image\"><img fetchpriority=\"high\" decoding=\"async\" width=\"650\" height=\"216\" src=\"http:\/\/aeroclub-abbeville.fr\/wp-content\/uploads\/2019\/05\/BEE5B74C-CBCE-4494-8C74-9F8EF64D1B43.jpeg\" alt=\"\" class=\"wp-image-2085\" srcset=\"http:\/\/aeroclub-abbeville.fr\/wp-content\/uploads\/2019\/05\/BEE5B74C-CBCE-4494-8C74-9F8EF64D1B43.jpeg 650w, http:\/\/aeroclub-abbeville.fr\/wp-content\/uploads\/2019\/05\/BEE5B74C-CBCE-4494-8C74-9F8EF64D1B43-480x160.jpeg 480w, http:\/\/aeroclub-abbeville.fr\/wp-content\/uploads\/2019\/05\/BEE5B74C-CBCE-4494-8C74-9F8EF64D1B43-624x207.jpeg 624w\" sizes=\"(max-width: 650px) 100vw, 650px\" \/><figcaption>Souvenirs d Abbeville <\/figcaption><\/figure>\n\n\n\n<div class=\"wp-block-image\"><figure class=\"aligncenter is-resized\"><img decoding=\"async\" src=\"http:\/\/aeroclub-abbeville.fr\/wp-content\/uploads\/2019\/05\/6F49B237-F5DB-47CB-B1AD-FC95FD3912E4-1024x576.jpeg\" alt=\"\" class=\"wp-image-2086\" width=\"512\" height=\"288\" srcset=\"http:\/\/aeroclub-abbeville.fr\/wp-content\/uploads\/2019\/05\/6F49B237-F5DB-47CB-B1AD-FC95FD3912E4.jpeg 1024w, http:\/\/aeroclub-abbeville.fr\/wp-content\/uploads\/2019\/05\/6F49B237-F5DB-47CB-B1AD-FC95FD3912E4-480x270.jpeg 480w, http:\/\/aeroclub-abbeville.fr\/wp-content\/uploads\/2019\/05\/6F49B237-F5DB-47CB-B1AD-FC95FD3912E4-768x432.jpeg 768w, http:\/\/aeroclub-abbeville.fr\/wp-content\/uploads\/2019\/05\/6F49B237-F5DB-47CB-B1AD-FC95FD3912E4-624x351.jpeg 624w\" sizes=\"(max-width: 512px) 100vw, 512px\" \/><figcaption>Une double envol\u00e9e !<\/figcaption><\/figure><\/div>\n\n\n\n<div class=\"wp-block-image\"><figure class=\"aligncenter is-resized\"><img decoding=\"async\" src=\"http:\/\/aeroclub-abbeville.fr\/wp-content\/uploads\/2019\/05\/7F820D14-1112-4BC4-9B57-0173295C05CB.jpeg\" alt=\"\" class=\"wp-image-2091\" width=\"407\" height=\"344\" srcset=\"http:\/\/aeroclub-abbeville.fr\/wp-content\/uploads\/2019\/05\/7F820D14-1112-4BC4-9B57-0173295C05CB.jpeg 542w, http:\/\/aeroclub-abbeville.fr\/wp-content\/uploads\/2019\/05\/7F820D14-1112-4BC4-9B57-0173295C05CB-480x406.jpeg 480w\" sizes=\"(max-width: 407px) 100vw, 407px\" \/><figcaption>Une belle patrouille dans le ciel de la Baie !<\/figcaption><\/figure><\/div>\n\n\n\n<p style=\"text-align:center\">\u00c0 bient\u00f4t pour d\u2019autres rencontres !<\/p>\n\n\n\n<p style=\"text-align:center\">Fran\u00e7oise Sockeel<\/p>\n","protected":false},"excerpt":{"rendered":"<p>Il y aura donc beaucoup d\u2019activit\u00e9s sur la plateforme. Pensez \u00e0 v\u00e9rifier le Notam. \u00c0 bient\u00f4t pour d\u2019autres rencontres ! Fran\u00e7oise Sockeel<\/p>\n","protected":false},"author":211,"featured_media":0,"comment_status":"closed","ping_status":"closed","sticky":false,"template":"","format":"standard","meta":{"inline_featured_image":false,"footnotes":""},"categories":[20,2,11],"tags":[],"class_list":["post-2072","post","type-post","status-publish","format-standard","hentry","category-actualites","category-avion","category-manifestations"],"_links":{"self":[{"href":"http:\/\/aeroclub-abbeville.fr\/index.php?rest_route=\/wp\/v2\/posts\/2072","targetHints":{"allow":["GET"]}}],"collection":[{"href":"http:\/\/aeroclub-abbeville.fr\/index.php?rest_route=\/wp\/v2\/posts"}],"about":[{"href":"http:\/\/aeroclub-abbeville.fr\/index.php?rest_route=\/wp\/v2\/types\/post"}],"author":[{"embeddable":true,"href":"http:\/\/aeroclub-abbeville.fr\/index.php?rest_route=\/wp\/v2\/users\/211"}],"replies":[{"embeddable":true,"href":"http:\/\/aeroclub-abbeville.fr\/index.php?rest_route=%2Fwp%2Fv2%2Fcomments&post=2072"}],"version-history":[{"count":10,"href":"http:\/\/aeroclub-abbeville.fr\/index.php?rest_route=\/wp\/v2\/posts\/2072\/revisions"}],"predecessor-version":[{"id":2094,"href":"http:\/\/aeroclub-abbeville.fr\/index.php?rest_route=\/wp\/v2\/posts\/2072\/revisions\/2094"}],"wp:attachment":[{"href":"http:\/\/aeroclub-abbeville.fr\/index.php?rest_route=%2Fwp%2Fv2%2Fmedia&parent=2072"}],"wp:term":[{"taxonomy":"category","embeddable":true,"href":"http:\/\/aeroclub-abbeville.fr\/index.php?rest_route=%2Fwp%2Fv2%2Fcategories&post=2072"},{"taxonomy":"post_tag","embeddable":true,"href":"http:\/\/aeroclub-abbeville.fr\/index.php?rest_route=%2Fwp%2Fv2%2Ftags&post=2072"}],"curies":[{"name":"wp","href":"https:\/\/api.w.org\/{rel}","templated":true}]}}