{"id":2099,"date":"2019-05-30T14:06:56","date_gmt":"2019-05-30T13:06:56","guid":{"rendered":"http:\/\/aeroclub-abbeville.fr\/?p=2099"},"modified":"2019-05-30T17:28:47","modified_gmt":"2019-05-30T16:28:47","slug":"championnat-regional-des-hauts-de-france","status":"publish","type":"post","link":"http:\/\/aeroclub-abbeville.fr\/?p=2099","title":{"rendered":"Championnat des Hauts de France de Vol en Planeur !"},"content":{"rendered":"\n<h2 style=\"text-align: center;\" data-tadv-p=\"keep\"><strong>\u00ab Abbeville i can fly \u00bb<\/strong><\/h2>\n<p style=\"text-align: center;\" data-tadv-p=\"keep\">On y va, On y croit !<\/p>\n<p>&nbsp;<\/p>\n\n\n\n<p>30 Mai 2019<\/p>\n\n\n\n<p style=\"text-align: center;\" data-tadv-p=\"keep\">Ce Premier jour du championnat \u00e0 Soissons a \u00e9t\u00e9 annul\u00e9 pour cause de m\u00e9t\u00e9o peu cl\u00e9mente.<\/p>\n<p style=\"text-align: center;\" data-tadv-p=\"keep\">On \u00e9tait d\u00e9cid\u00e9, on y est arriv\u00e9 ! Malgr\u00e9 les al\u00e9as, Halte l\u00e0 ! Les Abbevillois sont l\u00e0 !&nbsp;<\/p>\n<p>&nbsp;<\/p>\n\n\n\n<div class=\"wp-block-image\"><figure class=\"aligncenter is-resized\"><img fetchpriority=\"high\" decoding=\"async\" src=\"http:\/\/aeroclub-abbeville.fr\/wp-content\/uploads\/2019\/05\/1E264D23-83A4-495F-985D-1240010A5337-1024x577.jpeg\" alt=\"\" class=\"wp-image-2116\" width=\"512\" height=\"289\" srcset=\"http:\/\/aeroclub-abbeville.fr\/wp-content\/uploads\/2019\/05\/1E264D23-83A4-495F-985D-1240010A5337-1024x577.jpeg 1024w, http:\/\/aeroclub-abbeville.fr\/wp-content\/uploads\/2019\/05\/1E264D23-83A4-495F-985D-1240010A5337-480x270.jpeg 480w, http:\/\/aeroclub-abbeville.fr\/wp-content\/uploads\/2019\/05\/1E264D23-83A4-495F-985D-1240010A5337-768x432.jpeg 768w, http:\/\/aeroclub-abbeville.fr\/wp-content\/uploads\/2019\/05\/1E264D23-83A4-495F-985D-1240010A5337-624x351.jpeg 624w, http:\/\/aeroclub-abbeville.fr\/wp-content\/uploads\/2019\/05\/1E264D23-83A4-495F-985D-1240010A5337.jpeg 2048w\" sizes=\"(max-width: 512px) 100vw, 512px\" \/><figcaption>Alexandre arrive, attendez le !<\/figcaption><\/figure><\/div>\n\n\n\n\n\n<div class=\"wp-block-image\"><figure class=\"aligncenter is-resized\"><img decoding=\"async\" src=\"http:\/\/aeroclub-abbeville.fr\/wp-content\/uploads\/2019\/05\/0E631399-E268-47E5-A554-44BEAE8E925E-1024x768.jpeg\" alt=\"\" class=\"wp-image-2102\" width=\"512\" height=\"384\" srcset=\"http:\/\/aeroclub-abbeville.fr\/wp-content\/uploads\/2019\/05\/0E631399-E268-47E5-A554-44BEAE8E925E-1024x768.jpeg 1024w, http:\/\/aeroclub-abbeville.fr\/wp-content\/uploads\/2019\/05\/0E631399-E268-47E5-A554-44BEAE8E925E-480x360.jpeg 480w, http:\/\/aeroclub-abbeville.fr\/wp-content\/uploads\/2019\/05\/0E631399-E268-47E5-A554-44BEAE8E925E-768x576.jpeg 768w, http:\/\/aeroclub-abbeville.fr\/wp-content\/uploads\/2019\/05\/0E631399-E268-47E5-A554-44BEAE8E925E-624x468.jpeg 624w, http:\/\/aeroclub-abbeville.fr\/wp-content\/uploads\/2019\/05\/0E631399-E268-47E5-A554-44BEAE8E925E.jpeg 2048w\" sizes=\"(max-width: 512px) 100vw, 512px\" \/><figcaption>Pour Alexandre et Thomas Fi\u00e9rain, \u00c7a y est ! C\u2019est Reparti !<\/figcaption><\/figure><\/div>\n\n\n\n<div class=\"wp-block-image\"><figure class=\"aligncenter is-resized\"><img decoding=\"async\" src=\"http:\/\/aeroclub-abbeville.fr\/wp-content\/uploads\/2019\/05\/3AAEDC23-FE07-4662-9360-305692026CDD.jpeg\" alt=\"\" class=\"wp-image-2130\" width=\"480\" height=\"360\" srcset=\"http:\/\/aeroclub-abbeville.fr\/wp-content\/uploads\/2019\/05\/3AAEDC23-FE07-4662-9360-305692026CDD.jpeg 960w, http:\/\/aeroclub-abbeville.fr\/wp-content\/uploads\/2019\/05\/3AAEDC23-FE07-4662-9360-305692026CDD-480x360.jpeg 480w, http:\/\/aeroclub-abbeville.fr\/wp-content\/uploads\/2019\/05\/3AAEDC23-FE07-4662-9360-305692026CDD-768x576.jpeg 768w, http:\/\/aeroclub-abbeville.fr\/wp-content\/uploads\/2019\/05\/3AAEDC23-FE07-4662-9360-305692026CDD-624x468.jpeg 624w\" sizes=\"(max-width: 480px) 100vw, 480px\" \/><figcaption>C\u2019est bien gris tout \u00e7a !<\/figcaption><\/figure><\/div>\n\n\n\n<div class=\"wp-block-image\"><figure class=\"aligncenter is-resized\"><img loading=\"lazy\" decoding=\"async\" src=\"http:\/\/aeroclub-abbeville.fr\/wp-content\/uploads\/2019\/05\/47684D5D-7EDF-4DD8-B5CD-AD3524048F7C.jpeg\" alt=\"\" class=\"wp-image-2131\" width=\"480\" height=\"360\" srcset=\"http:\/\/aeroclub-abbeville.fr\/wp-content\/uploads\/2019\/05\/47684D5D-7EDF-4DD8-B5CD-AD3524048F7C.jpeg 960w, http:\/\/aeroclub-abbeville.fr\/wp-content\/uploads\/2019\/05\/47684D5D-7EDF-4DD8-B5CD-AD3524048F7C-480x360.jpeg 480w, http:\/\/aeroclub-abbeville.fr\/wp-content\/uploads\/2019\/05\/47684D5D-7EDF-4DD8-B5CD-AD3524048F7C-768x576.jpeg 768w, http:\/\/aeroclub-abbeville.fr\/wp-content\/uploads\/2019\/05\/47684D5D-7EDF-4DD8-B5CD-AD3524048F7C-624x468.jpeg 624w\" sizes=\"(max-width: 480px) 100vw, 480px\" \/><figcaption>\u00c7a ira mieux demain ! <\/figcaption><\/figure><\/div>\n\n\n\n<div class=\"wp-block-image\"><figure class=\"aligncenter is-resized\"><img loading=\"lazy\" decoding=\"async\" src=\"http:\/\/aeroclub-abbeville.fr\/wp-content\/uploads\/2019\/05\/D1D9C99B-2434-4F00-920A-4EBFA101E06C.jpeg\" alt=\"\" class=\"wp-image-2137\" width=\"360\" height=\"480\" srcset=\"http:\/\/aeroclub-abbeville.fr\/wp-content\/uploads\/2019\/05\/D1D9C99B-2434-4F00-920A-4EBFA101E06C.jpeg 720w, http:\/\/aeroclub-abbeville.fr\/wp-content\/uploads\/2019\/05\/D1D9C99B-2434-4F00-920A-4EBFA101E06C-360x480.jpeg 360w, http:\/\/aeroclub-abbeville.fr\/wp-content\/uploads\/2019\/05\/D1D9C99B-2434-4F00-920A-4EBFA101E06C-624x832.jpeg 624w\" sizes=\"(max-width: 360px) 100vw, 360px\" \/><figcaption>On vous attend, les amis ! \u00c0 bient\u00f4t !<\/figcaption><\/figure><\/div>\n\n\n\n<p>Le 23 mai 1848<\/p>\n\n\n\n<p style=\"text-align:center\">Naissance d&rsquo;Otto Lilienthal, un pionnier allemand de l&rsquo;a\u00e9ronautique.<br>\nOtto Lilienthal effectua entre 1891 et 1896 deux mille vols plan\u00e9s attest\u00e9s depuis une colline artificielle \u00e0 proximit\u00e9 de Berlin. Ces machines \u00e9taient plus proches des deltaplanes pendulaires de notre \u00e9poque que du planeur de performance.<\/p>\n\n\n\n<div class=\"wp-block-image\"><figure class=\"aligncenter is-resized\"><img loading=\"lazy\" decoding=\"async\" src=\"http:\/\/aeroclub-abbeville.fr\/wp-content\/uploads\/2019\/05\/2BF5F72A-14DD-49DF-800F-AE025A2DAA23.jpeg\" alt=\"\" class=\"wp-image-2105\" width=\"480\" height=\"359\" srcset=\"http:\/\/aeroclub-abbeville.fr\/wp-content\/uploads\/2019\/05\/2BF5F72A-14DD-49DF-800F-AE025A2DAA23.jpeg 640w, http:\/\/aeroclub-abbeville.fr\/wp-content\/uploads\/2019\/05\/2BF5F72A-14DD-49DF-800F-AE025A2DAA23-480x359.jpeg 480w, http:\/\/aeroclub-abbeville.fr\/wp-content\/uploads\/2019\/05\/2BF5F72A-14DD-49DF-800F-AE025A2DAA23-624x467.jpeg 624w\" sizes=\"(max-width: 480px) 100vw, 480px\" \/><figcaption>On parie sur sa place dans le championnat ?<\/figcaption><\/figure><\/div>\n\n\n\n<p><\/p>\n\n\n\n<div class=\"wp-block-image\"><figure class=\"aligncenter is-resized\"><img loading=\"lazy\" decoding=\"async\" src=\"http:\/\/aeroclub-abbeville.fr\/wp-content\/uploads\/2019\/05\/F0C4A2C5-664C-4B63-B05A-3E1258043C92-1024x670.jpeg\" alt=\"\" class=\"wp-image-2112\" width=\"512\" height=\"335\" srcset=\"http:\/\/aeroclub-abbeville.fr\/wp-content\/uploads\/2019\/05\/F0C4A2C5-664C-4B63-B05A-3E1258043C92-1024x670.jpeg 1024w, http:\/\/aeroclub-abbeville.fr\/wp-content\/uploads\/2019\/05\/F0C4A2C5-664C-4B63-B05A-3E1258043C92-480x314.jpeg 480w, http:\/\/aeroclub-abbeville.fr\/wp-content\/uploads\/2019\/05\/F0C4A2C5-664C-4B63-B05A-3E1258043C92-768x502.jpeg 768w, http:\/\/aeroclub-abbeville.fr\/wp-content\/uploads\/2019\/05\/F0C4A2C5-664C-4B63-B05A-3E1258043C92-624x408.jpeg 624w, http:\/\/aeroclub-abbeville.fr\/wp-content\/uploads\/2019\/05\/F0C4A2C5-664C-4B63-B05A-3E1258043C92.jpeg 1280w\" sizes=\"(max-width: 512px) 100vw, 512px\" \/><figcaption>Parce que nous, on a \u00c7a !!!!<\/figcaption><\/figure><\/div>\n\n\n\n<p style=\"text-align:center\">Que la Force soit avec eux ! <\/p>\n\n\n\n<p style=\"text-align:center\">Cr\u00e9dits photos : Vincent Detaille, Planeur Abbeville i can fly,  Histoire d\u2019Aviation<\/p>\n\n\n\n<p style=\"text-align:center\">Fran\u00e7oise Sockeel <\/p>\n","protected":false},"excerpt":{"rendered":"<p>30 Mai 2019 Le 23 mai 1848 Naissance d&rsquo;Otto Lilienthal, un pionnier allemand de l&rsquo;a\u00e9ronautique. Otto Lilienthal effectua entre 1891 et 1896 deux mille vols plan\u00e9s attest\u00e9s depuis une colline artificielle \u00e0 proximit\u00e9 de Berlin. Ces machines \u00e9taient plus proches des deltaplanes pendulaires de notre \u00e9poque que du planeur de performance. Que la Force soit [&hellip;]<\/p>\n","protected":false},"author":211,"featured_media":0,"comment_status":"closed","ping_status":"closed","sticky":false,"template":"","format":"standard","meta":{"inline_featured_image":false,"footnotes":""},"categories":[20,3,4,13,19],"tags":[],"class_list":["post-2099","post","type-post","status-publish","format-standard","hentry","category-actualites","category-club","category-competitions","category-planeur","category-vol-a-voile"],"_links":{"self":[{"href":"http:\/\/aeroclub-abbeville.fr\/index.php?rest_route=\/wp\/v2\/posts\/2099","targetHints":{"allow":["GET"]}}],"collection":[{"href":"http:\/\/aeroclub-abbeville.fr\/index.php?rest_route=\/wp\/v2\/posts"}],"about":[{"href":"http:\/\/aeroclub-abbeville.fr\/index.php?rest_route=\/wp\/v2\/types\/post"}],"author":[{"embeddable":true,"href":"http:\/\/aeroclub-abbeville.fr\/index.php?rest_route=\/wp\/v2\/users\/211"}],"replies":[{"embeddable":true,"href":"http:\/\/aeroclub-abbeville.fr\/index.php?rest_route=%2Fwp%2Fv2%2Fcomments&post=2099"}],"version-history":[{"count":22,"href":"http:\/\/aeroclub-abbeville.fr\/index.php?rest_route=\/wp\/v2\/posts\/2099\/revisions"}],"predecessor-version":[{"id":2139,"href":"http:\/\/aeroclub-abbeville.fr\/index.php?rest_route=\/wp\/v2\/posts\/2099\/revisions\/2139"}],"wp:attachment":[{"href":"http:\/\/aeroclub-abbeville.fr\/index.php?rest_route=%2Fwp%2Fv2%2Fmedia&parent=2099"}],"wp:term":[{"taxonomy":"category","embeddable":true,"href":"http:\/\/aeroclub-abbeville.fr\/index.php?rest_route=%2Fwp%2Fv2%2Fcategories&post=2099"},{"taxonomy":"post_tag","embeddable":true,"href":"http:\/\/aeroclub-abbeville.fr\/index.php?rest_route=%2Fwp%2Fv2%2Ftags&post=2099"}],"curies":[{"name":"wp","href":"https:\/\/api.w.org\/{rel}","templated":true}]}}