{"id":2140,"date":"2019-06-03T21:26:08","date_gmt":"2019-06-03T20:26:08","guid":{"rendered":"http:\/\/aeroclub-abbeville.fr\/?p=2140"},"modified":"2019-06-03T21:46:39","modified_gmt":"2019-06-03T20:46:39","slug":"a-soissons-les-planeurs-d-abbeville-peuvent-se-mettre-a-chanter-we-are-the-champions-my-friends","status":"publish","type":"post","link":"http:\/\/aeroclub-abbeville.fr\/?p=2140","title":{"rendered":"\u00c0 Soissons les Planeurs d\u2019 Abbeville peuvent se mettre \u00e0 chanter : \u00ab\u00a0we are the Champions, my friends !\u00a0\u00bb"},"content":{"rendered":"\n<p>1er Juin 2019<\/p>\n\n\n\n<p style=\"text-align:center\">Bilan de la premi\u00e8re journ\u00e9e de vol. <br> Les Abbevillois sont en t\u00eate. <br> Premi\u00e8re place pour Olivier suivi de Guillaume. <\/p>\n\n\n\n<div class=\"wp-block-image\"><figure class=\"aligncenter is-resized\"><img fetchpriority=\"high\" decoding=\"async\" src=\"http:\/\/aeroclub-abbeville.fr\/wp-content\/uploads\/2019\/06\/059388B6-7B45-4B42-86F9-8FD50B32B3B3.jpeg\" alt=\"\" class=\"wp-image-2143\" width=\"270\" height=\"480\" srcset=\"http:\/\/aeroclub-abbeville.fr\/wp-content\/uploads\/2019\/06\/059388B6-7B45-4B42-86F9-8FD50B32B3B3.jpeg 540w, http:\/\/aeroclub-abbeville.fr\/wp-content\/uploads\/2019\/06\/059388B6-7B45-4B42-86F9-8FD50B32B3B3-270x480.jpeg 270w\" sizes=\"(max-width: 270px) 100vw, 270px\" \/><\/figure><\/div>\n\n\n\n<p style=\"text-align:center\">5\u00e8me et 6\u00e8me place pour Thibault et Alexandre . <\/p>\n\n\n\n<div class=\"wp-block-image\"><figure class=\"aligncenter is-resized\"><img decoding=\"async\" src=\"http:\/\/aeroclub-abbeville.fr\/wp-content\/uploads\/2019\/06\/914D66F3-BEF2-4D93-9759-7B286ADCA6DF.jpeg\" alt=\"\" class=\"wp-image-2151\" width=\"480\" height=\"320\" srcset=\"http:\/\/aeroclub-abbeville.fr\/wp-content\/uploads\/2019\/06\/914D66F3-BEF2-4D93-9759-7B286ADCA6DF.jpeg 960w, http:\/\/aeroclub-abbeville.fr\/wp-content\/uploads\/2019\/06\/914D66F3-BEF2-4D93-9759-7B286ADCA6DF-480x320.jpeg 480w, http:\/\/aeroclub-abbeville.fr\/wp-content\/uploads\/2019\/06\/914D66F3-BEF2-4D93-9759-7B286ADCA6DF-768x512.jpeg 768w, http:\/\/aeroclub-abbeville.fr\/wp-content\/uploads\/2019\/06\/914D66F3-BEF2-4D93-9759-7B286ADCA6DF-624x416.jpeg 624w\" sizes=\"(max-width: 480px) 100vw, 480px\" \/><figcaption>Enfin un repos bien m\u00e9rit\u00e9 !<\/figcaption><\/figure><\/div>\n\n\n\n<p style=\"text-align:center\">Le duo fini 3eme en partant de la fin !<br> Vive Abbeville et vivement demain !<\/p>\n\n\n\n<div class=\"wp-block-image\"><figure class=\"aligncenter is-resized\"><img decoding=\"async\" src=\"http:\/\/aeroclub-abbeville.fr\/wp-content\/uploads\/2019\/06\/9987CFD6-E6B1-43AD-B229-B5A6250C54B4.jpeg\" alt=\"\" class=\"wp-image-2141\" width=\"480\" height=\"360\" srcset=\"http:\/\/aeroclub-abbeville.fr\/wp-content\/uploads\/2019\/06\/9987CFD6-E6B1-43AD-B229-B5A6250C54B4.jpeg 960w, http:\/\/aeroclub-abbeville.fr\/wp-content\/uploads\/2019\/06\/9987CFD6-E6B1-43AD-B229-B5A6250C54B4-480x360.jpeg 480w, http:\/\/aeroclub-abbeville.fr\/wp-content\/uploads\/2019\/06\/9987CFD6-E6B1-43AD-B229-B5A6250C54B4-768x576.jpeg 768w, http:\/\/aeroclub-abbeville.fr\/wp-content\/uploads\/2019\/06\/9987CFD6-E6B1-43AD-B229-B5A6250C54B4-624x468.jpeg 624w\" sizes=\"(max-width: 480px) 100vw, 480px\" \/><figcaption>C\u2019est si beau l\u00e0-haut !<\/figcaption><\/figure><\/div>\n\n\n\n<p style=\"text-align: center;\" data-tadv-p=\"keep\">\u00c0 bient\u00f4t pour de nouvelles aventures !<\/p>\n<p style=\"text-align: center;\" data-tadv-p=\"keep\">Fran\u00e7oise Sockeel\u00a0<\/p>\n","protected":false},"excerpt":{"rendered":"<p>1er Juin 2019 Bilan de la premi\u00e8re journ\u00e9e de vol. Les Abbevillois sont en t\u00eate. Premi\u00e8re place pour Olivier suivi de Guillaume. 5\u00e8me et 6\u00e8me place pour Thibault et Alexandre . Le duo fini 3eme en partant de la fin ! Vive Abbeville et vivement demain !<\/p>\n","protected":false},"author":211,"featured_media":0,"comment_status":"closed","ping_status":"closed","sticky":false,"template":"","format":"standard","meta":{"inline_featured_image":false,"footnotes":""},"categories":[20,3,4,13,19],"tags":[],"class_list":["post-2140","post","type-post","status-publish","format-standard","hentry","category-actualites","category-club","category-competitions","category-planeur","category-vol-a-voile"],"_links":{"self":[{"href":"http:\/\/aeroclub-abbeville.fr\/index.php?rest_route=\/wp\/v2\/posts\/2140","targetHints":{"allow":["GET"]}}],"collection":[{"href":"http:\/\/aeroclub-abbeville.fr\/index.php?rest_route=\/wp\/v2\/posts"}],"about":[{"href":"http:\/\/aeroclub-abbeville.fr\/index.php?rest_route=\/wp\/v2\/types\/post"}],"author":[{"embeddable":true,"href":"http:\/\/aeroclub-abbeville.fr\/index.php?rest_route=\/wp\/v2\/users\/211"}],"replies":[{"embeddable":true,"href":"http:\/\/aeroclub-abbeville.fr\/index.php?rest_route=%2Fwp%2Fv2%2Fcomments&post=2140"}],"version-history":[{"count":6,"href":"http:\/\/aeroclub-abbeville.fr\/index.php?rest_route=\/wp\/v2\/posts\/2140\/revisions"}],"predecessor-version":[{"id":2161,"href":"http:\/\/aeroclub-abbeville.fr\/index.php?rest_route=\/wp\/v2\/posts\/2140\/revisions\/2161"}],"wp:attachment":[{"href":"http:\/\/aeroclub-abbeville.fr\/index.php?rest_route=%2Fwp%2Fv2%2Fmedia&parent=2140"}],"wp:term":[{"taxonomy":"category","embeddable":true,"href":"http:\/\/aeroclub-abbeville.fr\/index.php?rest_route=%2Fwp%2Fv2%2Fcategories&post=2140"},{"taxonomy":"post_tag","embeddable":true,"href":"http:\/\/aeroclub-abbeville.fr\/index.php?rest_route=%2Fwp%2Fv2%2Ftags&post=2140"}],"curies":[{"name":"wp","href":"https:\/\/api.w.org\/{rel}","templated":true}]}}