{"id":2155,"date":"2019-06-03T21:44:42","date_gmt":"2019-06-03T20:44:42","guid":{"rendered":"http:\/\/aeroclub-abbeville.fr\/?p=2155"},"modified":"2019-06-04T08:48:15","modified_gmt":"2019-06-04T07:48:15","slug":"ah-que-la-campagne-est-belle-en-cette-saison","status":"publish","type":"post","link":"http:\/\/aeroclub-abbeville.fr\/?p=2155","title":{"rendered":"Ah ! Que la Campagne est belle, en cette saison !"},"content":{"rendered":"\n<p>2 Juin 2019<\/p>\n\n\n\n<div class=\"wp-block-image\"><figure class=\"aligncenter is-resized\"><img fetchpriority=\"high\" decoding=\"async\" src=\"http:\/\/aeroclub-abbeville.fr\/wp-content\/uploads\/2019\/06\/8B7B7CB2-D993-4A56-A38B-3863EBA4D0ED-1024x768.jpeg\" alt=\"\" class=\"wp-image-2156\" width=\"512\" height=\"384\" srcset=\"http:\/\/aeroclub-abbeville.fr\/wp-content\/uploads\/2019\/06\/8B7B7CB2-D993-4A56-A38B-3863EBA4D0ED-1024x768.jpeg 1024w, http:\/\/aeroclub-abbeville.fr\/wp-content\/uploads\/2019\/06\/8B7B7CB2-D993-4A56-A38B-3863EBA4D0ED-480x360.jpeg 480w, http:\/\/aeroclub-abbeville.fr\/wp-content\/uploads\/2019\/06\/8B7B7CB2-D993-4A56-A38B-3863EBA4D0ED-768x576.jpeg 768w, http:\/\/aeroclub-abbeville.fr\/wp-content\/uploads\/2019\/06\/8B7B7CB2-D993-4A56-A38B-3863EBA4D0ED-624x468.jpeg 624w, http:\/\/aeroclub-abbeville.fr\/wp-content\/uploads\/2019\/06\/8B7B7CB2-D993-4A56-A38B-3863EBA4D0ED.jpeg 1152w\" sizes=\"(max-width: 512px) 100vw, 512px\" \/><\/figure><\/div>\n\n\n\n<p style=\"text-align:center\">Et, 1 vache, puis 2, puis 3 et 4\u2026 bref ! aujourd&rsquo;hui, tout le monde est au tas! <br> Nos Abbevillois ont d\u00e9couvert les champs lors du championnat des hauts de France de Vol en Planeur \u00e0  Soissons &#8211; ASVS<\/p>\n\n\n\n<div class=\"wp-block-image\"><figure class=\"aligncenter is-resized\"><img decoding=\"async\" src=\"http:\/\/aeroclub-abbeville.fr\/wp-content\/uploads\/2019\/06\/49A26687-ACE7-47EE-BD62-FAF0632EB2CB.jpeg\" alt=\"\" class=\"wp-image-2158\" width=\"480\" height=\"270\" srcset=\"http:\/\/aeroclub-abbeville.fr\/wp-content\/uploads\/2019\/06\/49A26687-ACE7-47EE-BD62-FAF0632EB2CB.jpeg 960w, http:\/\/aeroclub-abbeville.fr\/wp-content\/uploads\/2019\/06\/49A26687-ACE7-47EE-BD62-FAF0632EB2CB-480x270.jpeg 480w, http:\/\/aeroclub-abbeville.fr\/wp-content\/uploads\/2019\/06\/49A26687-ACE7-47EE-BD62-FAF0632EB2CB-768x432.jpeg 768w, http:\/\/aeroclub-abbeville.fr\/wp-content\/uploads\/2019\/06\/49A26687-ACE7-47EE-BD62-FAF0632EB2CB-624x351.jpeg 624w\" sizes=\"(max-width: 480px) 100vw, 480px\" \/><figcaption>Au moins, on se sent moins seul, \u00e0 deux ! <\/figcaption><\/figure><\/div>\n\n\n\n<p style=\"text-align:center\">\u00c7a ira mieux demain ! <\/p>\n\n\n\n<div class=\"wp-block-image\"><figure class=\"aligncenter is-resized\"><img decoding=\"async\" src=\"http:\/\/aeroclub-abbeville.fr\/wp-content\/uploads\/2019\/06\/BDB342CC-9227-4E1A-BBE9-1CBB978DE6CB.jpeg\" alt=\"\" class=\"wp-image-2178\" width=\"422\" height=\"563\" srcset=\"http:\/\/aeroclub-abbeville.fr\/wp-content\/uploads\/2019\/06\/BDB342CC-9227-4E1A-BBE9-1CBB978DE6CB.jpeg 562w, http:\/\/aeroclub-abbeville.fr\/wp-content\/uploads\/2019\/06\/BDB342CC-9227-4E1A-BBE9-1CBB978DE6CB-360x480.jpeg 360w\" sizes=\"(max-width: 422px) 100vw, 422px\" \/><figcaption>Enfin un kebab-remonte-moral ! <\/figcaption><\/figure><\/div>\n\n\n\n<p style=\"text-align:center\">\u00c0 bient\u00f4t pour d\u2019autres nouvelles ! <\/p>\n\n\n\n<p style=\"text-align:center\">On y va, on y croit ! <\/p>\n\n\n\n<p style=\"text-align:center\">Merci \u00e0 tous les v\u00e9livoles de \u00ab\u00a0 Abbeville i can fly\u00a0\u00bb pour les cr\u00e9dits photos ! <\/p>\n\n\n\n<p style=\"text-align:center\">Fran\u00e7oise Sockeel <\/p>\n","protected":false},"excerpt":{"rendered":"<p>2 Juin 2019 Et, 1 vache, puis 2, puis 3 et 4\u2026 bref ! aujourd&rsquo;hui, tout le monde est au tas! Nos Abbevillois ont d\u00e9couvert les champs lors du championnat des hauts de France de Vol en Planeur \u00e0 Soissons &#8211; ASVS \u00c7a ira mieux demain ! \u00c0 bient\u00f4t pour d\u2019autres nouvelles ! On y [&hellip;]<\/p>\n","protected":false},"author":211,"featured_media":0,"comment_status":"closed","ping_status":"closed","sticky":false,"template":"","format":"standard","meta":{"inline_featured_image":false,"footnotes":""},"categories":[20,3,4,13,19],"tags":[],"class_list":["post-2155","post","type-post","status-publish","format-standard","hentry","category-actualites","category-club","category-competitions","category-planeur","category-vol-a-voile"],"_links":{"self":[{"href":"http:\/\/aeroclub-abbeville.fr\/index.php?rest_route=\/wp\/v2\/posts\/2155","targetHints":{"allow":["GET"]}}],"collection":[{"href":"http:\/\/aeroclub-abbeville.fr\/index.php?rest_route=\/wp\/v2\/posts"}],"about":[{"href":"http:\/\/aeroclub-abbeville.fr\/index.php?rest_route=\/wp\/v2\/types\/post"}],"author":[{"embeddable":true,"href":"http:\/\/aeroclub-abbeville.fr\/index.php?rest_route=\/wp\/v2\/users\/211"}],"replies":[{"embeddable":true,"href":"http:\/\/aeroclub-abbeville.fr\/index.php?rest_route=%2Fwp%2Fv2%2Fcomments&post=2155"}],"version-history":[{"count":5,"href":"http:\/\/aeroclub-abbeville.fr\/index.php?rest_route=\/wp\/v2\/posts\/2155\/revisions"}],"predecessor-version":[{"id":2181,"href":"http:\/\/aeroclub-abbeville.fr\/index.php?rest_route=\/wp\/v2\/posts\/2155\/revisions\/2181"}],"wp:attachment":[{"href":"http:\/\/aeroclub-abbeville.fr\/index.php?rest_route=%2Fwp%2Fv2%2Fmedia&parent=2155"}],"wp:term":[{"taxonomy":"category","embeddable":true,"href":"http:\/\/aeroclub-abbeville.fr\/index.php?rest_route=%2Fwp%2Fv2%2Fcategories&post=2155"},{"taxonomy":"post_tag","embeddable":true,"href":"http:\/\/aeroclub-abbeville.fr\/index.php?rest_route=%2Fwp%2Fv2%2Ftags&post=2155"}],"curies":[{"name":"wp","href":"https:\/\/api.w.org\/{rel}","templated":true}]}}