{"id":2162,"date":"2019-06-03T22:46:12","date_gmt":"2019-06-03T21:46:12","guid":{"rendered":"http:\/\/aeroclub-abbeville.fr\/?p=2162"},"modified":"2019-06-04T09:00:06","modified_gmt":"2019-06-04T08:00:06","slug":"oyez-oyez-venez-tous-et-soyez-prets-pour-une-soiree-en-baie","status":"publish","type":"post","link":"http:\/\/aeroclub-abbeville.fr\/?p=2162","title":{"rendered":"Oyez ! Oyez ! Venez tous et Soyez pr\u00eats pour une Soir\u00e9e en Baie !!!"},"content":{"rendered":"\n<p>3 Juin 2019<\/p>\n\n\n\n<p style=\"text-align:center\"><strong>A\u00e9roclub d&rsquo;Abbeville-Buigny-Baie de Somme<\/strong><\/p>\n\n\n\n<p style=\"text-align:center\">Et son Pr\u00e9sident, <strong>Jean-Pierre LIGNIER<\/strong> vous proposent une Super-Soir\u00e9e en Baie de Somme&nbsp;!<\/p>\n\n\n\n<p style=\"text-align:center\">R\u00e9servation indispensable par Courriel : <\/p>\n\n\n\n<p style=\"text-align:center\">info@aeroclub-abbeville.fr<br><\/p>\n\n\n\n<p style=\"text-align:center\">Retenez bien cette date :<\/p>\n\n\n\n<p style=\"text-align:center\">Samedi 29 juin \u00e0 19h<br><\/p>\n\n\n\n<div class=\"wp-block-image\"><figure class=\"aligncenter is-resized\"><img fetchpriority=\"high\" decoding=\"async\" src=\"http:\/\/aeroclub-abbeville.fr\/wp-content\/uploads\/2019\/06\/58813669-8434-4A7E-8B27-BEB7BFD0C4A1-1024x367.jpeg\" alt=\"\" class=\"wp-image-2172\" width=\"512\" height=\"184\" srcset=\"http:\/\/aeroclub-abbeville.fr\/wp-content\/uploads\/2019\/06\/58813669-8434-4A7E-8B27-BEB7BFD0C4A1-1024x367.jpeg 1024w, http:\/\/aeroclub-abbeville.fr\/wp-content\/uploads\/2019\/06\/58813669-8434-4A7E-8B27-BEB7BFD0C4A1-480x172.jpeg 480w, http:\/\/aeroclub-abbeville.fr\/wp-content\/uploads\/2019\/06\/58813669-8434-4A7E-8B27-BEB7BFD0C4A1-768x275.jpeg 768w, http:\/\/aeroclub-abbeville.fr\/wp-content\/uploads\/2019\/06\/58813669-8434-4A7E-8B27-BEB7BFD0C4A1-624x223.jpeg 624w, http:\/\/aeroclub-abbeville.fr\/wp-content\/uploads\/2019\/06\/58813669-8434-4A7E-8B27-BEB7BFD0C4A1.jpeg 1600w\" sizes=\"(max-width: 512px) 100vw, 512px\" \/><\/figure><\/div>\n\n\n\n<p style=\"text-align:center\">Sortie en mer sur le bateau CHARCOT II \u00e0 Saint Val\u00e9ry sur Somme, pour assister au coucher de Soleil sur la baie (dur\u00e9e de la sortie 1h30 env), suivie d&rsquo;un repas entre nous sur le bateau. <\/p>\n\n\n\n<div class=\"wp-block-image\"><figure class=\"aligncenter is-resized\"><img decoding=\"async\" src=\"http:\/\/aeroclub-abbeville.fr\/wp-content\/uploads\/2019\/06\/A93C8459-5527-40FE-A975-5E5E74510EF4.jpeg\" alt=\"\" class=\"wp-image-2171\" width=\"450\" height=\"338\" srcset=\"http:\/\/aeroclub-abbeville.fr\/wp-content\/uploads\/2019\/06\/A93C8459-5527-40FE-A975-5E5E74510EF4.jpeg 600w, http:\/\/aeroclub-abbeville.fr\/wp-content\/uploads\/2019\/06\/A93C8459-5527-40FE-A975-5E5E74510EF4-480x360.jpeg 480w\" sizes=\"(max-width: 450px) 100vw, 450px\" \/><\/figure><\/div>\n\n\n\n<p style=\"text-align:center\">Au menu : <\/p>\n\n\n\n<ul class=\"wp-block-list\"><li>Ap\u00e9ritif<\/li><li>Moules-frites<\/li><li>Fromages<\/li><li>Dessert<\/li><li>Boissons comprises<\/li><\/ul>\n\n\n\n<p style=\"text-align:center\">Tarif pour la sortie compl\u00e8te ( Bateau et Repas ) 40\u20ac \/ Pers<\/p>\n\n\n\n<p style=\"text-align:center\">Merci de vous inscrire avant le Mercredi 26 Juin 2019, Dernier d\u00e9lai.<\/p>\n\n\n\n<div class=\"wp-block-image\"><figure class=\"aligncenter is-resized\"><img decoding=\"async\" src=\"http:\/\/aeroclub-abbeville.fr\/wp-content\/uploads\/2019\/06\/0217647E-D036-47B5-94D5-42C270AFA163-1024x682.jpeg\" alt=\"\" class=\"wp-image-2173\" width=\"256\" height=\"171\" srcset=\"http:\/\/aeroclub-abbeville.fr\/wp-content\/uploads\/2019\/06\/0217647E-D036-47B5-94D5-42C270AFA163-1024x682.jpeg 1024w, http:\/\/aeroclub-abbeville.fr\/wp-content\/uploads\/2019\/06\/0217647E-D036-47B5-94D5-42C270AFA163-480x320.jpeg 480w, http:\/\/aeroclub-abbeville.fr\/wp-content\/uploads\/2019\/06\/0217647E-D036-47B5-94D5-42C270AFA163-768x511.jpeg 768w, http:\/\/aeroclub-abbeville.fr\/wp-content\/uploads\/2019\/06\/0217647E-D036-47B5-94D5-42C270AFA163-624x415.jpeg 624w, http:\/\/aeroclub-abbeville.fr\/wp-content\/uploads\/2019\/06\/0217647E-D036-47B5-94D5-42C270AFA163.jpeg 1068w\" sizes=\"(max-width: 256px) 100vw, 256px\" \/><\/figure><\/div>\n\n\n\n<p style=\"text-align:center\">Convivialit\u00e9 garantie. Venez nombreux !<\/p>\n\n\n\n<p style=\"text-align:center\">Et un grand merci \u00e0 William de nous avoir trouv\u00e9 cette belle opportunit\u00e9 ! <\/p>\n\n\n\n<p style=\"text-align:center\">Pour le Pr\u00e9sident : Fran\u00e7oise Sockeel <\/p>\n\n\n","protected":false},"excerpt":{"rendered":"<p>3 Juin 2019 A\u00e9roclub d&rsquo;Abbeville-Buigny-Baie de Somme Et son Pr\u00e9sident, Jean-Pierre LIGNIER vous proposent une Super-Soir\u00e9e en Baie de Somme&nbsp;! R\u00e9servation indispensable par Courriel : info@aeroclub-abbeville.fr Retenez bien cette date : Samedi 29 juin \u00e0 19h Sortie en mer sur le bateau CHARCOT II \u00e0 Saint Val\u00e9ry sur Somme, pour assister au coucher de Soleil [&hellip;]<\/p>\n","protected":false},"author":211,"featured_media":0,"comment_status":"closed","ping_status":"closed","sticky":false,"template":"","format":"standard","meta":{"inline_featured_image":false,"footnotes":""},"categories":[20,21,2,3,11,13,17,18,19],"tags":[],"class_list":["post-2162","post","type-post","status-publish","format-standard","hentry","category-actualites","category-arrosages-fetes","category-avion","category-club","category-manifestations","category-planeur","category-ulm","category-vie-du-club","category-vol-a-voile"],"_links":{"self":[{"href":"http:\/\/aeroclub-abbeville.fr\/index.php?rest_route=\/wp\/v2\/posts\/2162","targetHints":{"allow":["GET"]}}],"collection":[{"href":"http:\/\/aeroclub-abbeville.fr\/index.php?rest_route=\/wp\/v2\/posts"}],"about":[{"href":"http:\/\/aeroclub-abbeville.fr\/index.php?rest_route=\/wp\/v2\/types\/post"}],"author":[{"embeddable":true,"href":"http:\/\/aeroclub-abbeville.fr\/index.php?rest_route=\/wp\/v2\/users\/211"}],"replies":[{"embeddable":true,"href":"http:\/\/aeroclub-abbeville.fr\/index.php?rest_route=%2Fwp%2Fv2%2Fcomments&post=2162"}],"version-history":[{"count":11,"href":"http:\/\/aeroclub-abbeville.fr\/index.php?rest_route=\/wp\/v2\/posts\/2162\/revisions"}],"predecessor-version":[{"id":2185,"href":"http:\/\/aeroclub-abbeville.fr\/index.php?rest_route=\/wp\/v2\/posts\/2162\/revisions\/2185"}],"wp:attachment":[{"href":"http:\/\/aeroclub-abbeville.fr\/index.php?rest_route=%2Fwp%2Fv2%2Fmedia&parent=2162"}],"wp:term":[{"taxonomy":"category","embeddable":true,"href":"http:\/\/aeroclub-abbeville.fr\/index.php?rest_route=%2Fwp%2Fv2%2Fcategories&post=2162"},{"taxonomy":"post_tag","embeddable":true,"href":"http:\/\/aeroclub-abbeville.fr\/index.php?rest_route=%2Fwp%2Fv2%2Ftags&post=2162"}],"curies":[{"name":"wp","href":"https:\/\/api.w.org\/{rel}","templated":true}]}}