{"id":2188,"date":"2019-06-10T16:52:46","date_gmt":"2019-06-10T15:52:46","guid":{"rendered":"http:\/\/aeroclub-abbeville.fr\/?p=2188"},"modified":"2019-06-23T18:18:19","modified_gmt":"2019-06-23T17:18:19","slug":"a-soissons-au-championnat-les-abbevillois-sont-la","status":"publish","type":"post","link":"http:\/\/aeroclub-abbeville.fr\/?p=2188","title":{"rendered":"\u00c0 Soissons, au Championnat, les Abbevillois sont l\u00e0 !!!"},"content":{"rendered":"\n<p>10 Juin 2019<\/p>\n\n\n\n<p style=\"text-align:center\">Fin des championnats des hauts de France de Soissons 2019. <\/p>\n\n\n\n<div class=\"wp-block-image\"><figure class=\"aligncenter is-resized\"><img fetchpriority=\"high\" decoding=\"async\" src=\"http:\/\/aeroclub-abbeville.fr\/wp-content\/uploads\/2019\/06\/78BA3B28-57FB-4F0B-B92D-238B6BE574EE.jpeg\" alt=\"\" class=\"wp-image-2197\" width=\"480\" height=\"360\" srcset=\"http:\/\/aeroclub-abbeville.fr\/wp-content\/uploads\/2019\/06\/78BA3B28-57FB-4F0B-B92D-238B6BE574EE.jpeg 960w, http:\/\/aeroclub-abbeville.fr\/wp-content\/uploads\/2019\/06\/78BA3B28-57FB-4F0B-B92D-238B6BE574EE-480x360.jpeg 480w, http:\/\/aeroclub-abbeville.fr\/wp-content\/uploads\/2019\/06\/78BA3B28-57FB-4F0B-B92D-238B6BE574EE-768x576.jpeg 768w, http:\/\/aeroclub-abbeville.fr\/wp-content\/uploads\/2019\/06\/78BA3B28-57FB-4F0B-B92D-238B6BE574EE-624x468.jpeg 624w\" sizes=\"(max-width: 480px) 100vw, 480px\" \/><\/figure><\/div>\n\n\n\n<p style=\"text-align:center\"><br> Deux abbevillois sur le podium. &#x1f601;<br>  Guillaume Fi\u00e9rain est 2\u00e8me et Thibault Dugardin 3\u00e8me. <\/p>\n\n\n\n<p style=\"text-align:center\">Alexandre Fi\u00e9rain est en 5\u00e8me place, Mathieu Caudrelier en 10\u00e8me et 14\u00e8me pour Olivier Caudrelier.<\/p>\n\n\n\n<div class=\"wp-block-image\"><figure class=\"aligncenter is-resized\"><img decoding=\"async\" src=\"http:\/\/aeroclub-abbeville.fr\/wp-content\/uploads\/2019\/06\/DCB287E6-20F8-4EC8-A4D7-182374D5C943.jpeg\" alt=\"\" class=\"wp-image-2199\" width=\"480\" height=\"360\" srcset=\"http:\/\/aeroclub-abbeville.fr\/wp-content\/uploads\/2019\/06\/DCB287E6-20F8-4EC8-A4D7-182374D5C943.jpeg 960w, http:\/\/aeroclub-abbeville.fr\/wp-content\/uploads\/2019\/06\/DCB287E6-20F8-4EC8-A4D7-182374D5C943-480x360.jpeg 480w, http:\/\/aeroclub-abbeville.fr\/wp-content\/uploads\/2019\/06\/DCB287E6-20F8-4EC8-A4D7-182374D5C943-768x576.jpeg 768w, http:\/\/aeroclub-abbeville.fr\/wp-content\/uploads\/2019\/06\/DCB287E6-20F8-4EC8-A4D7-182374D5C943-624x468.jpeg 624w\" sizes=\"(max-width: 480px) 100vw, 480px\" \/><\/figure><\/div>\n\n\n\n<p style=\"text-align:center\">F\u00e9licitations \u00e0 tous.  <br>\nL&rsquo;an prochain direction Maubeuge <\/p>\n\n\n\n<div class=\"wp-block-image\"><figure class=\"aligncenter is-resized\"><img decoding=\"async\" src=\"http:\/\/aeroclub-abbeville.fr\/wp-content\/uploads\/2019\/06\/EE212309-4840-40CA-8336-71C89F20B0A4-1024x768.jpeg\" alt=\"\" class=\"wp-image-2195\" width=\"512\" height=\"384\" srcset=\"http:\/\/aeroclub-abbeville.fr\/wp-content\/uploads\/2019\/06\/EE212309-4840-40CA-8336-71C89F20B0A4-1024x768.jpeg 1024w, http:\/\/aeroclub-abbeville.fr\/wp-content\/uploads\/2019\/06\/EE212309-4840-40CA-8336-71C89F20B0A4-480x360.jpeg 480w, http:\/\/aeroclub-abbeville.fr\/wp-content\/uploads\/2019\/06\/EE212309-4840-40CA-8336-71C89F20B0A4-768x576.jpeg 768w, http:\/\/aeroclub-abbeville.fr\/wp-content\/uploads\/2019\/06\/EE212309-4840-40CA-8336-71C89F20B0A4-624x468.jpeg 624w, http:\/\/aeroclub-abbeville.fr\/wp-content\/uploads\/2019\/06\/EE212309-4840-40CA-8336-71C89F20B0A4.jpeg 1440w\" sizes=\"(max-width: 512px) 100vw, 512px\" \/><\/figure><\/div>\n\n\n\n<p style=\"text-align:center\">Merci \u00e0 l&rsquo;\u00e9quipe de Planeur Soissons &#8211; ASVS pour l&rsquo;organisation de ce championnat<\/p>\n\n\n\n<div class=\"wp-block-image\"><figure class=\"aligncenter is-resized\"><img loading=\"lazy\" decoding=\"async\" src=\"http:\/\/aeroclub-abbeville.fr\/wp-content\/uploads\/2019\/06\/1A740769-F05C-430A-8566-74E756B6F0A3.jpeg\" alt=\"\" class=\"wp-image-2196\" width=\"600\" height=\"451\"\/><\/figure><\/div>\n\n\n\n<p style=\"text-align:center\">Bravo les Champions !!!!!<\/p>\n\n\n\n<p style=\"text-align:center\">\u00c0 bient\u00f4t pour de nouvelles aventures !<\/p>\n\n\n\n<p style=\"text-align:center\">Fran\u00e7oise Sockeel <\/p>\n","protected":false},"excerpt":{"rendered":"<p>10 Juin 2019 Fin des championnats des hauts de France de Soissons 2019. Deux abbevillois sur le podium. &#x1f601; Guillaume Fi\u00e9rain est 2\u00e8me et Thibault Dugardin 3\u00e8me. Alexandre Fi\u00e9rain est en 5\u00e8me place, Mathieu Caudrelier en 10\u00e8me et 14\u00e8me pour Olivier Caudrelier. F\u00e9licitations \u00e0 tous. L&rsquo;an prochain direction Maubeuge Merci \u00e0 l&rsquo;\u00e9quipe de Planeur Soissons [&hellip;]<\/p>\n","protected":false},"author":211,"featured_media":0,"comment_status":"open","ping_status":"closed","sticky":false,"template":"","format":"standard","meta":{"inline_featured_image":false,"footnotes":""},"categories":[20,3,4,13,18,19],"tags":[],"class_list":["post-2188","post","type-post","status-publish","format-standard","hentry","category-actualites","category-club","category-competitions","category-planeur","category-vie-du-club","category-vol-a-voile"],"_links":{"self":[{"href":"http:\/\/aeroclub-abbeville.fr\/index.php?rest_route=\/wp\/v2\/posts\/2188","targetHints":{"allow":["GET"]}}],"collection":[{"href":"http:\/\/aeroclub-abbeville.fr\/index.php?rest_route=\/wp\/v2\/posts"}],"about":[{"href":"http:\/\/aeroclub-abbeville.fr\/index.php?rest_route=\/wp\/v2\/types\/post"}],"author":[{"embeddable":true,"href":"http:\/\/aeroclub-abbeville.fr\/index.php?rest_route=\/wp\/v2\/users\/211"}],"replies":[{"embeddable":true,"href":"http:\/\/aeroclub-abbeville.fr\/index.php?rest_route=%2Fwp%2Fv2%2Fcomments&post=2188"}],"version-history":[{"count":4,"href":"http:\/\/aeroclub-abbeville.fr\/index.php?rest_route=\/wp\/v2\/posts\/2188\/revisions"}],"predecessor-version":[{"id":2201,"href":"http:\/\/aeroclub-abbeville.fr\/index.php?rest_route=\/wp\/v2\/posts\/2188\/revisions\/2201"}],"wp:attachment":[{"href":"http:\/\/aeroclub-abbeville.fr\/index.php?rest_route=%2Fwp%2Fv2%2Fmedia&parent=2188"}],"wp:term":[{"taxonomy":"category","embeddable":true,"href":"http:\/\/aeroclub-abbeville.fr\/index.php?rest_route=%2Fwp%2Fv2%2Fcategories&post=2188"},{"taxonomy":"post_tag","embeddable":true,"href":"http:\/\/aeroclub-abbeville.fr\/index.php?rest_route=%2Fwp%2Fv2%2Ftags&post=2188"}],"curies":[{"name":"wp","href":"https:\/\/api.w.org\/{rel}","templated":true}]}}