{"id":2202,"date":"2019-06-10T17:23:42","date_gmt":"2019-06-10T16:23:42","guid":{"rendered":"http:\/\/aeroclub-abbeville.fr\/?p=2202"},"modified":"2019-06-23T18:17:11","modified_gmt":"2019-06-23T17:17:11","slug":"soyons-tous-la-le-stage-de-planeur-de-troyes-arrive-a-grands-pas","status":"publish","type":"post","link":"http:\/\/aeroclub-abbeville.fr\/?p=2202","title":{"rendered":"Soyons tous l\u00e0, le stage de Planeur de Troyes arrive \u00e0 grands pas !"},"content":{"rendered":"\n<p>10 Juin 2019<\/p>\n\n\n\n<div class=\"wp-block-image\"><figure class=\"aligncenter is-resized\"><img fetchpriority=\"high\" decoding=\"async\" src=\"http:\/\/aeroclub-abbeville.fr\/wp-content\/uploads\/2019\/06\/3FF923F0-9203-4009-93A5-B450DD5B8AE8-1024x1024.jpeg\" alt=\"\" class=\"wp-image-2203\" width=\"512\" height=\"512\" srcset=\"http:\/\/aeroclub-abbeville.fr\/wp-content\/uploads\/2019\/06\/3FF923F0-9203-4009-93A5-B450DD5B8AE8-1024x1024.jpeg 1024w, http:\/\/aeroclub-abbeville.fr\/wp-content\/uploads\/2019\/06\/3FF923F0-9203-4009-93A5-B450DD5B8AE8-150x150.jpeg 150w, http:\/\/aeroclub-abbeville.fr\/wp-content\/uploads\/2019\/06\/3FF923F0-9203-4009-93A5-B450DD5B8AE8-480x480.jpeg 480w, http:\/\/aeroclub-abbeville.fr\/wp-content\/uploads\/2019\/06\/3FF923F0-9203-4009-93A5-B450DD5B8AE8-768x768.jpeg 768w, http:\/\/aeroclub-abbeville.fr\/wp-content\/uploads\/2019\/06\/3FF923F0-9203-4009-93A5-B450DD5B8AE8-624x624.jpeg 624w, http:\/\/aeroclub-abbeville.fr\/wp-content\/uploads\/2019\/06\/3FF923F0-9203-4009-93A5-B450DD5B8AE8.jpeg 1152w\" sizes=\"(max-width: 512px) 100vw, 512px\" \/><\/figure><\/div>\n\n\n\n<p style=\"text-align:center\">Bonjour \u00e0 toutes et tous,<\/p>\n\n\n\n<p style=\"text-align:center\">L\u2019\u00e9t\u00e9 s\u2019annonce, certains r\u00eavent de l\u00e2ch\u00e9, ou de circuits en planeur\u2026<\/p>\n\n\n\n<div class=\"wp-block-image\"><figure class=\"aligncenter is-resized\"><img decoding=\"async\" src=\"http:\/\/aeroclub-abbeville.fr\/wp-content\/uploads\/2019\/06\/45C6E283-4FE5-44E4-8F8B-C111156A5DA9-1024x576.jpeg\" alt=\"\" class=\"wp-image-2207\" width=\"512\" height=\"288\" srcset=\"http:\/\/aeroclub-abbeville.fr\/wp-content\/uploads\/2019\/06\/45C6E283-4FE5-44E4-8F8B-C111156A5DA9-1024x576.jpeg 1024w, http:\/\/aeroclub-abbeville.fr\/wp-content\/uploads\/2019\/06\/45C6E283-4FE5-44E4-8F8B-C111156A5DA9-480x270.jpeg 480w, http:\/\/aeroclub-abbeville.fr\/wp-content\/uploads\/2019\/06\/45C6E283-4FE5-44E4-8F8B-C111156A5DA9-768x432.jpeg 768w, http:\/\/aeroclub-abbeville.fr\/wp-content\/uploads\/2019\/06\/45C6E283-4FE5-44E4-8F8B-C111156A5DA9-624x351.jpeg 624w, http:\/\/aeroclub-abbeville.fr\/wp-content\/uploads\/2019\/06\/45C6E283-4FE5-44E4-8F8B-C111156A5DA9.jpeg 2048w\" sizes=\"(max-width: 512px) 100vw, 512px\" \/><\/figure><\/div>\n\n\n\n<p style=\"text-align:center\">Le stage de vol en planeur \u00e0 Troyes aura lieu du samedi 13 au dimanche 28 juillet.&nbsp;<\/p>\n\n\n\n<p style=\"text-align:center\"><strong>La section Vol en Planeur se r\u00e9unira donc pour pr\u00e9parer le&nbsp;stage \u00e0 Troyes,&nbsp;<\/strong><\/p>\n\n\n\n<p style=\"text-align:center\">(questions-r\u00e9ponses, effectifs, organisation, convoyage, encadrement)<\/p>\n\n\n\n<p style=\"text-align:center\"><strong>samedi 15 juin 2019 \u00e0 18h et apr\u00e8s les vols<\/strong><\/p>\n\n\n\n<p style=\"text-align:center\">\u00e0 l\u2019a\u00e9roclub d\u2019Abbeville.<\/p>\n\n\n\n<div class=\"wp-block-image\"><figure class=\"aligncenter is-resized\"><img decoding=\"async\" src=\"http:\/\/aeroclub-abbeville.fr\/wp-content\/uploads\/2019\/06\/D83E28A1-0511-4D0B-A6DC-D34CBC3D8D61-1024x768.jpeg\" alt=\"\" class=\"wp-image-2206\" width=\"512\" height=\"384\" srcset=\"http:\/\/aeroclub-abbeville.fr\/wp-content\/uploads\/2019\/06\/D83E28A1-0511-4D0B-A6DC-D34CBC3D8D61-1024x768.jpeg 1024w, http:\/\/aeroclub-abbeville.fr\/wp-content\/uploads\/2019\/06\/D83E28A1-0511-4D0B-A6DC-D34CBC3D8D61-480x360.jpeg 480w, http:\/\/aeroclub-abbeville.fr\/wp-content\/uploads\/2019\/06\/D83E28A1-0511-4D0B-A6DC-D34CBC3D8D61-768x576.jpeg 768w, http:\/\/aeroclub-abbeville.fr\/wp-content\/uploads\/2019\/06\/D83E28A1-0511-4D0B-A6DC-D34CBC3D8D61-624x468.jpeg 624w, http:\/\/aeroclub-abbeville.fr\/wp-content\/uploads\/2019\/06\/D83E28A1-0511-4D0B-A6DC-D34CBC3D8D61.jpeg 2048w\" sizes=\"(max-width: 512px) 100vw, 512px\" \/><\/figure><\/div>\n\n\n\n<p style=\"text-align:center\">Une petite&nbsp;<strong>soir\u00e9e chipolatas-merguez-frites<\/strong>&nbsp;conviviale poursuivra \u00e0&nbsp;<strong>19h 30<\/strong> cette r\u00e9union. <\/p>\n\n\n\n<p style=\"text-align:center\">Vous pouvez apporter des boissons et des g\u00e2teaux \u00e0 partager.&nbsp;<\/p>\n\n\n\n<div class=\"wp-block-image\"><figure class=\"aligncenter is-resized\"><img loading=\"lazy\" decoding=\"async\" src=\"http:\/\/aeroclub-abbeville.fr\/wp-content\/uploads\/2019\/06\/50FE265A-1717-4241-B504-E03B0729C370.jpeg\" alt=\"\" class=\"wp-image-2208\" width=\"360\" height=\"480\"\/><\/figure><\/div>\n\n\n\n<p style=\"text-align:center\">Pr\u00e9cisez votre pr\u00e9sence ou absence \u00e0 ce repas sur le \u00ab&nbsp;doodle&nbsp;\u00bb en lien.<\/p>\n\n\n\n<p style=\"text-align:center\"><strong>R\u00e9ponse rapide indispensable&nbsp;(positive comme n\u00e9gative) de tous<\/strong>, pour cet \u00e9v\u00e8nement important de la saison, <\/p>\n\n\n\n<p style=\"text-align:center\">en suivant le lien ci-dessous&nbsp;:<\/p>\n\n\n\n<p style=\"text-align:center\"><a href=\"https:\/\/doodle.com\/poll\/8kccymeagqvixczx\">https:\/\/doodle.com\/poll\/8kccymeagqvixczx<\/a><\/p>\n\n\n\n<p style=\"text-align:center\">Cr\u00e9dit photos : Stage \u00e0 Troyes 2018 <\/p>\n\n\n\n<div class=\"wp-block-image\"><figure class=\"aligncenter is-resized\"><img loading=\"lazy\" decoding=\"async\" src=\"http:\/\/aeroclub-abbeville.fr\/wp-content\/uploads\/2019\/06\/EE8C923E-2C1B-4BC5-84DB-F051E5EB8C58-1024x768.jpeg\" alt=\"\" class=\"wp-image-2223\" width=\"512\" height=\"384\" srcset=\"http:\/\/aeroclub-abbeville.fr\/wp-content\/uploads\/2019\/06\/EE8C923E-2C1B-4BC5-84DB-F051E5EB8C58-1024x768.jpeg 1024w, http:\/\/aeroclub-abbeville.fr\/wp-content\/uploads\/2019\/06\/EE8C923E-2C1B-4BC5-84DB-F051E5EB8C58-480x360.jpeg 480w, http:\/\/aeroclub-abbeville.fr\/wp-content\/uploads\/2019\/06\/EE8C923E-2C1B-4BC5-84DB-F051E5EB8C58-768x576.jpeg 768w, http:\/\/aeroclub-abbeville.fr\/wp-content\/uploads\/2019\/06\/EE8C923E-2C1B-4BC5-84DB-F051E5EB8C58-624x468.jpeg 624w, http:\/\/aeroclub-abbeville.fr\/wp-content\/uploads\/2019\/06\/EE8C923E-2C1B-4BC5-84DB-F051E5EB8C58.jpeg 1728w\" sizes=\"(max-width: 512px) 100vw, 512px\" \/><\/figure><\/div>\n\n\n\n<p style=\"text-align:center\">Et c\u2019\u00e9tait  \u00ab&nbsp;Super bien !&nbsp;\u00bb<\/p>\n\n\n\n<p style=\"text-align:center\">On vous attend ! <\/p>\n\n\n\n<p style=\"text-align:center\">Amicalement <\/p>\n\n\n\n<p style=\"text-align:center\">Fran\u00e7oise Sockeel pour Le secr\u00e9taire : Louis Adams<\/p>\n","protected":false},"excerpt":{"rendered":"<p>10 Juin 2019 Bonjour \u00e0 toutes et tous, L\u2019\u00e9t\u00e9 s\u2019annonce, certains r\u00eavent de l\u00e2ch\u00e9, ou de circuits en planeur\u2026 Le stage de vol en planeur \u00e0 Troyes aura lieu du samedi 13 au dimanche 28 juillet.&nbsp; La section Vol en Planeur se r\u00e9unira donc pour pr\u00e9parer le&nbsp;stage \u00e0 Troyes,&nbsp; (questions-r\u00e9ponses, effectifs, organisation, convoyage, encadrement) samedi [&hellip;]<\/p>\n","protected":false},"author":211,"featured_media":0,"comment_status":"open","ping_status":"closed","sticky":false,"template":"","format":"standard","meta":{"inline_featured_image":false,"footnotes":""},"categories":[20,3,6,8,13,18,19,31],"tags":[],"class_list":["post-2202","post","type-post","status-publish","format-standard","hentry","category-actualites","category-club","category-formation","category-formation_planeur","category-planeur","category-vie-du-club","category-vol-a-voile","category-voyages"],"_links":{"self":[{"href":"http:\/\/aeroclub-abbeville.fr\/index.php?rest_route=\/wp\/v2\/posts\/2202","targetHints":{"allow":["GET"]}}],"collection":[{"href":"http:\/\/aeroclub-abbeville.fr\/index.php?rest_route=\/wp\/v2\/posts"}],"about":[{"href":"http:\/\/aeroclub-abbeville.fr\/index.php?rest_route=\/wp\/v2\/types\/post"}],"author":[{"embeddable":true,"href":"http:\/\/aeroclub-abbeville.fr\/index.php?rest_route=\/wp\/v2\/users\/211"}],"replies":[{"embeddable":true,"href":"http:\/\/aeroclub-abbeville.fr\/index.php?rest_route=%2Fwp%2Fv2%2Fcomments&post=2202"}],"version-history":[{"count":9,"href":"http:\/\/aeroclub-abbeville.fr\/index.php?rest_route=\/wp\/v2\/posts\/2202\/revisions"}],"predecessor-version":[{"id":2225,"href":"http:\/\/aeroclub-abbeville.fr\/index.php?rest_route=\/wp\/v2\/posts\/2202\/revisions\/2225"}],"wp:attachment":[{"href":"http:\/\/aeroclub-abbeville.fr\/index.php?rest_route=%2Fwp%2Fv2%2Fmedia&parent=2202"}],"wp:term":[{"taxonomy":"category","embeddable":true,"href":"http:\/\/aeroclub-abbeville.fr\/index.php?rest_route=%2Fwp%2Fv2%2Fcategories&post=2202"},{"taxonomy":"post_tag","embeddable":true,"href":"http:\/\/aeroclub-abbeville.fr\/index.php?rest_route=%2Fwp%2Fv2%2Ftags&post=2202"}],"curies":[{"name":"wp","href":"https:\/\/api.w.org\/{rel}","templated":true}]}}