{"id":2226,"date":"2019-06-11T13:43:24","date_gmt":"2019-06-11T12:43:24","guid":{"rendered":"http:\/\/aeroclub-abbeville.fr\/?p=2226"},"modified":"2019-06-23T18:16:50","modified_gmt":"2019-06-23T17:16:50","slug":"retour-sur-un-anniversaire-vintage-sur-laerodrome-d-abbeville","status":"publish","type":"post","link":"http:\/\/aeroclub-abbeville.fr\/?p=2226","title":{"rendered":"Retour sur un Anniversaire \u00ab\u00a0Vintage\u00a0\u00bb sur l\u2019a\u00e9rodrome d\u2019 Abbeville !"},"content":{"rendered":"\n<p>11 Juin 2019<\/p>\n\n\n\n<p style=\"text-align: center;\">Il y a quelques semaines, une vingtaine d\u2019avions \u00ab Chipmunks \u00bb et \u00ab Bulldogs \u00bb venaient, comme chaque ann\u00e9e en juin, f\u00eater leurs retrouvailles sur notre plateforme.&nbsp;<\/p>\n<p style=\"text-align: center;\">La \u00ab Bullchipmeet \u00bb \u00e9tait parmi nous pour faire admirer leur talent et leurs magnifiques engins !<\/p>\n\n\n\n<div class=\"wp-block-image\"><figure class=\"aligncenter is-resized\"><img fetchpriority=\"high\" decoding=\"async\" src=\"http:\/\/aeroclub-abbeville.fr\/wp-content\/uploads\/2019\/06\/18ED4C8B-DE77-4001-8FAA-CF5F4608D834-1024x683.jpeg\" alt=\"\" class=\"wp-image-2228\" width=\"512\" height=\"342\" srcset=\"http:\/\/aeroclub-abbeville.fr\/wp-content\/uploads\/2019\/06\/18ED4C8B-DE77-4001-8FAA-CF5F4608D834-1024x683.jpeg 1024w, http:\/\/aeroclub-abbeville.fr\/wp-content\/uploads\/2019\/06\/18ED4C8B-DE77-4001-8FAA-CF5F4608D834-480x320.jpeg 480w, http:\/\/aeroclub-abbeville.fr\/wp-content\/uploads\/2019\/06\/18ED4C8B-DE77-4001-8FAA-CF5F4608D834-768x512.jpeg 768w, http:\/\/aeroclub-abbeville.fr\/wp-content\/uploads\/2019\/06\/18ED4C8B-DE77-4001-8FAA-CF5F4608D834-624x416.jpeg 624w, http:\/\/aeroclub-abbeville.fr\/wp-content\/uploads\/2019\/06\/18ED4C8B-DE77-4001-8FAA-CF5F4608D834.jpeg 2048w\" sizes=\"(max-width: 512px) 100vw, 512px\" \/><\/figure><\/div>\n\n\n\n<p style=\"text-align:center\">Petit retour sur un bel oiseau !<\/p>\n\n\n\n<p style=\"text-align:center\">Cliquez sur le lien pour tout savoir sur les \u00ab&nbsp;Bulldogs&nbsp;\u00bb !<\/p>\n\n\n\n<p style=\"text-align:center\"><a href=\"https:\/\/www.aviationsmilitaires.net\/v2\/base\/view\/Model\/249.html\">https:\/\/www.aviationsmilitaires.net\/v2\/base\/view\/Model\/249.html<\/a><\/p>\n\n\n\n\n\n<div class=\"wp-block-image\"><figure class=\"aligncenter is-resized\"><img decoding=\"async\" src=\"http:\/\/aeroclub-abbeville.fr\/wp-content\/uploads\/2019\/06\/9135D45E-1045-454A-88BB-EBCE135B305A-1024x683.jpeg\" alt=\"\" class=\"wp-image-2229\" width=\"512\" height=\"342\" srcset=\"http:\/\/aeroclub-abbeville.fr\/wp-content\/uploads\/2019\/06\/9135D45E-1045-454A-88BB-EBCE135B305A-1024x683.jpeg 1024w, http:\/\/aeroclub-abbeville.fr\/wp-content\/uploads\/2019\/06\/9135D45E-1045-454A-88BB-EBCE135B305A-480x320.jpeg 480w, http:\/\/aeroclub-abbeville.fr\/wp-content\/uploads\/2019\/06\/9135D45E-1045-454A-88BB-EBCE135B305A-768x512.jpeg 768w, http:\/\/aeroclub-abbeville.fr\/wp-content\/uploads\/2019\/06\/9135D45E-1045-454A-88BB-EBCE135B305A-624x416.jpeg 624w, http:\/\/aeroclub-abbeville.fr\/wp-content\/uploads\/2019\/06\/9135D45E-1045-454A-88BB-EBCE135B305A.jpeg 2048w\" sizes=\"(max-width: 512px) 100vw, 512px\" \/><\/figure><\/div>\n\n\n\n<p style=\"text-align:center\">De belles rencontres sur Terre et dans le ciel !<\/p>\n\n\n\n<div class=\"wp-block-image\"><figure class=\"aligncenter is-resized\"><img decoding=\"async\" src=\"http:\/\/aeroclub-abbeville.fr\/wp-content\/uploads\/2019\/06\/87091459-C6AE-44C1-A2CE-B900C1806855-1024x683.jpeg\" alt=\"\" class=\"wp-image-2230\" width=\"512\" height=\"342\" srcset=\"http:\/\/aeroclub-abbeville.fr\/wp-content\/uploads\/2019\/06\/87091459-C6AE-44C1-A2CE-B900C1806855-1024x683.jpeg 1024w, http:\/\/aeroclub-abbeville.fr\/wp-content\/uploads\/2019\/06\/87091459-C6AE-44C1-A2CE-B900C1806855-480x320.jpeg 480w, http:\/\/aeroclub-abbeville.fr\/wp-content\/uploads\/2019\/06\/87091459-C6AE-44C1-A2CE-B900C1806855-768x512.jpeg 768w, http:\/\/aeroclub-abbeville.fr\/wp-content\/uploads\/2019\/06\/87091459-C6AE-44C1-A2CE-B900C1806855-624x416.jpeg 624w, http:\/\/aeroclub-abbeville.fr\/wp-content\/uploads\/2019\/06\/87091459-C6AE-44C1-A2CE-B900C1806855.jpeg 2048w\" sizes=\"(max-width: 512px) 100vw, 512px\" \/><\/figure><\/div>\n\n\n\n\n\n<div class=\"wp-block-image\"><figure class=\"aligncenter is-resized\"><img loading=\"lazy\" decoding=\"async\" src=\"http:\/\/aeroclub-abbeville.fr\/wp-content\/uploads\/2019\/06\/F2979505-7328-4255-AD16-532B155240A3.jpeg\" alt=\"\" class=\"wp-image-2232\" width=\"480\" height=\"320\" srcset=\"http:\/\/aeroclub-abbeville.fr\/wp-content\/uploads\/2019\/06\/F2979505-7328-4255-AD16-532B155240A3.jpeg 960w, http:\/\/aeroclub-abbeville.fr\/wp-content\/uploads\/2019\/06\/F2979505-7328-4255-AD16-532B155240A3-480x320.jpeg 480w, http:\/\/aeroclub-abbeville.fr\/wp-content\/uploads\/2019\/06\/F2979505-7328-4255-AD16-532B155240A3-768x512.jpeg 768w, http:\/\/aeroclub-abbeville.fr\/wp-content\/uploads\/2019\/06\/F2979505-7328-4255-AD16-532B155240A3-624x416.jpeg 624w\" sizes=\"(max-width: 480px) 100vw, 480px\" \/><\/figure><\/div>\n\n\n\n<figure class=\"wp-block-embed-wordpress aligncenter wp-block-embed is-type-wp-embed is-provider-avionslegendaires-net\"><div class=\"wp-block-embed__wrapper\">\n<blockquote class=\"wp-embedded-content\" data-secret=\"Sjo1UzZNur\"><a href=\"https:\/\/www.avionslegendaires.net\/avion-militaire\/de-havilland-canada-dhc-1-chipmunk\/\">De Havilland Canada DHC-1 Chipmunk<\/a><\/blockquote><iframe class=\"wp-embedded-content\" sandbox=\"allow-scripts\" security=\"restricted\" style=\"position: absolute; visibility: hidden;\" title=\"\u00ab\u00a0De Havilland Canada DHC-1 Chipmunk\u00a0\u00bb &#8212; avionslegendaires.net\" src=\"https:\/\/www.avionslegendaires.net\/avion-militaire\/de-havilland-canada-dhc-1-chipmunk\/embed\/#?secret=ghyzTrVwSI#?secret=Sjo1UzZNur\" data-secret=\"Sjo1UzZNur\" width=\"600\" height=\"338\" frameborder=\"0\" marginwidth=\"0\" marginheight=\"0\" scrolling=\"no\"><\/iframe>\n<\/div><\/figure>\n\n\n\n<div class=\"wp-block-image\"><figure class=\"aligncenter is-resized\"><img loading=\"lazy\" decoding=\"async\" src=\"http:\/\/aeroclub-abbeville.fr\/wp-content\/uploads\/2019\/06\/A2434B6F-B9BE-4265-8ADB-60B9BA564D04-1024x681.jpeg\" alt=\"\" class=\"wp-image-2235\" width=\"512\" height=\"341\" srcset=\"http:\/\/aeroclub-abbeville.fr\/wp-content\/uploads\/2019\/06\/A2434B6F-B9BE-4265-8ADB-60B9BA564D04-1024x681.jpeg 1024w, http:\/\/aeroclub-abbeville.fr\/wp-content\/uploads\/2019\/06\/A2434B6F-B9BE-4265-8ADB-60B9BA564D04-480x319.jpeg 480w, http:\/\/aeroclub-abbeville.fr\/wp-content\/uploads\/2019\/06\/A2434B6F-B9BE-4265-8ADB-60B9BA564D04-768x511.jpeg 768w, http:\/\/aeroclub-abbeville.fr\/wp-content\/uploads\/2019\/06\/A2434B6F-B9BE-4265-8ADB-60B9BA564D04-624x415.jpeg 624w, http:\/\/aeroclub-abbeville.fr\/wp-content\/uploads\/2019\/06\/A2434B6F-B9BE-4265-8ADB-60B9BA564D04.jpeg 1692w\" sizes=\"(max-width: 512px) 100vw, 512px\" \/><figcaption>Superbe T6 en vol ! <\/figcaption><\/figure><\/div>\n\n\n\n<div class=\"wp-block-image\"><figure class=\"aligncenter is-resized\"><img loading=\"lazy\" decoding=\"async\" src=\"http:\/\/aeroclub-abbeville.fr\/wp-content\/uploads\/2019\/06\/8D80C163-20A9-4DE1-A9FD-53446FB575BB-1024x681.jpeg\" alt=\"\" class=\"wp-image-2233\" width=\"512\" height=\"341\" srcset=\"http:\/\/aeroclub-abbeville.fr\/wp-content\/uploads\/2019\/06\/8D80C163-20A9-4DE1-A9FD-53446FB575BB-1024x681.jpeg 1024w, http:\/\/aeroclub-abbeville.fr\/wp-content\/uploads\/2019\/06\/8D80C163-20A9-4DE1-A9FD-53446FB575BB-480x319.jpeg 480w, http:\/\/aeroclub-abbeville.fr\/wp-content\/uploads\/2019\/06\/8D80C163-20A9-4DE1-A9FD-53446FB575BB-768x511.jpeg 768w, http:\/\/aeroclub-abbeville.fr\/wp-content\/uploads\/2019\/06\/8D80C163-20A9-4DE1-A9FD-53446FB575BB-624x415.jpeg 624w, http:\/\/aeroclub-abbeville.fr\/wp-content\/uploads\/2019\/06\/8D80C163-20A9-4DE1-A9FD-53446FB575BB.jpeg 1692w\" sizes=\"(max-width: 512px) 100vw, 512px\" \/><figcaption>La pr\u00e9sence d\u2019un Fouga-Magister donne encore plus d\u2019\u00e9clat \u00e0 cette rencontre !<\/figcaption><\/figure><\/div>\n\n\n\n<p style=\"text-align:center\">Merci \u00e0 tous les participants de ces belles journ\u00e9es !<\/p>\n\n\n\n<p style=\"text-align:center\">Cr\u00e9dit photos : Vincent Detaille <\/p>\n\n\n\n<p style=\"text-align:center\">\u00c0 l\u2019ann\u00e9e Prochaine !<\/p>\n\n\n\n<p style=\"text-align:center\">Fran\u00e7oise Sockeel<\/p>\n","protected":false},"excerpt":{"rendered":"<p>Petit retour sur un bel oiseau ! Cliquez sur le lien pour tout savoir sur les \u00ab&nbsp;Bulldogs&nbsp;\u00bb ! https:\/\/www.aviationsmilitaires.net\/v2\/base\/view\/Model\/249.html De belles rencontres sur Terre et dans le ciel ! Merci \u00e0 tous les participants de ces belles journ\u00e9es ! Cr\u00e9dit photos : Vincent Detaille \u00c0 l\u2019ann\u00e9e Prochaine ! Fran\u00e7oise Sockeel<\/p>\n","protected":false},"author":211,"featured_media":0,"comment_status":"open","ping_status":"closed","sticky":false,"template":"","format":"standard","meta":{"inline_featured_image":false,"footnotes":""},"categories":[20,2,26,11],"tags":[],"class_list":["post-2226","post","type-post","status-publish","format-standard","hentry","category-actualites","category-avion","category-histoire","category-manifestations"],"_links":{"self":[{"href":"http:\/\/aeroclub-abbeville.fr\/index.php?rest_route=\/wp\/v2\/posts\/2226","targetHints":{"allow":["GET"]}}],"collection":[{"href":"http:\/\/aeroclub-abbeville.fr\/index.php?rest_route=\/wp\/v2\/posts"}],"about":[{"href":"http:\/\/aeroclub-abbeville.fr\/index.php?rest_route=\/wp\/v2\/types\/post"}],"author":[{"embeddable":true,"href":"http:\/\/aeroclub-abbeville.fr\/index.php?rest_route=\/wp\/v2\/users\/211"}],"replies":[{"embeddable":true,"href":"http:\/\/aeroclub-abbeville.fr\/index.php?rest_route=%2Fwp%2Fv2%2Fcomments&post=2226"}],"version-history":[{"count":7,"href":"http:\/\/aeroclub-abbeville.fr\/index.php?rest_route=\/wp\/v2\/posts\/2226\/revisions"}],"predecessor-version":[{"id":2278,"href":"http:\/\/aeroclub-abbeville.fr\/index.php?rest_route=\/wp\/v2\/posts\/2226\/revisions\/2278"}],"wp:attachment":[{"href":"http:\/\/aeroclub-abbeville.fr\/index.php?rest_route=%2Fwp%2Fv2%2Fmedia&parent=2226"}],"wp:term":[{"taxonomy":"category","embeddable":true,"href":"http:\/\/aeroclub-abbeville.fr\/index.php?rest_route=%2Fwp%2Fv2%2Fcategories&post=2226"},{"taxonomy":"post_tag","embeddable":true,"href":"http:\/\/aeroclub-abbeville.fr\/index.php?rest_route=%2Fwp%2Fv2%2Ftags&post=2226"}],"curies":[{"name":"wp","href":"https:\/\/api.w.org\/{rel}","templated":true}]}}