{"id":2332,"date":"2019-07-01T13:29:49","date_gmt":"2019-07-01T12:29:49","guid":{"rendered":"http:\/\/aeroclub-abbeville.fr\/?p=2332"},"modified":"2019-07-01T13:29:49","modified_gmt":"2019-07-01T12:29:49","slug":"coucher-de-soleil-en-baie-de-somme","status":"publish","type":"post","link":"http:\/\/aeroclub-abbeville.fr\/?p=2332","title":{"rendered":"Coucher de soleil en Baie de Somme !"},"content":{"rendered":"\n<p>30 Juin 2019<\/p>\n\n\n\n<p style=\"text-align:center\"> L\u2019a\u00e9roclub d\u2019Abbeville a pris le large, hier !<\/p>\n\n\n\n<p style=\"text-align:center\"> En Bateau-Croisi\u00e8re \u00e0 Saint Val\u00e9ry sur Somme !<br> Fra\u00eecheur et Lumi\u00e8re !<\/p>\n\n\n\n<div class=\"wp-block-image\"><figure class=\"aligncenter is-resized\"><img fetchpriority=\"high\" decoding=\"async\" src=\"http:\/\/aeroclub-abbeville.fr\/wp-content\/uploads\/2019\/07\/AEE741FE-20B1-4E08-AF1F-E396AC833FCB.jpeg\" alt=\"\" class=\"wp-image-2343\" width=\"480\" height=\"360\"\/><figcaption>Dans le port de Saint Val\u00e9ry !<\/figcaption><\/figure><\/div>\n\n\n\n<p style=\"text-align:center\">Une quarantaine d\u2019adh\u00e9rents de l\u2019a\u00e9roclub d\u2019Abbeville, Vol en Planeur, Vol motoris\u00e9 et ULM, ont pu se rafra\u00eechir, lors de la sortie en mer, hier soir. La beaut\u00e9 des lieux et l\u2019amiti\u00e9 \u00e9taient au rendez-vous !<\/p>\n\n\n\n<ul class=\"wp-block-gallery aligncenter columns-2 is-cropped wp-block-gallery-1 is-layout-flex wp-block-gallery-is-layout-flex\"><li class=\"blocks-gallery-item\"><figure><img decoding=\"async\" width=\"960\" height=\"720\" src=\"http:\/\/aeroclub-abbeville.fr\/wp-content\/uploads\/2019\/06\/310D0158-F8AE-4043-A252-BE6C0E14F3F8.jpeg\" alt=\"\" data-id=\"2335\" class=\"wp-image-2335\" srcset=\"http:\/\/aeroclub-abbeville.fr\/wp-content\/uploads\/2019\/06\/310D0158-F8AE-4043-A252-BE6C0E14F3F8.jpeg 960w, http:\/\/aeroclub-abbeville.fr\/wp-content\/uploads\/2019\/06\/310D0158-F8AE-4043-A252-BE6C0E14F3F8-480x360.jpeg 480w, http:\/\/aeroclub-abbeville.fr\/wp-content\/uploads\/2019\/06\/310D0158-F8AE-4043-A252-BE6C0E14F3F8-768x576.jpeg 768w, http:\/\/aeroclub-abbeville.fr\/wp-content\/uploads\/2019\/06\/310D0158-F8AE-4043-A252-BE6C0E14F3F8-624x468.jpeg 624w\" sizes=\"(max-width: 960px) 100vw, 960px\" \/><\/figure><\/li><li class=\"blocks-gallery-item\"><figure><img decoding=\"async\" width=\"720\" height=\"960\" src=\"http:\/\/aeroclub-abbeville.fr\/wp-content\/uploads\/2019\/07\/DDFD147B-5FC9-4ED9-B14F-52D1120C896A.jpeg\" alt=\"\" data-id=\"2344\" data-link=\"http:\/\/aeroclub-abbeville.fr\/?attachment_id=2344\" class=\"wp-image-2344\" srcset=\"http:\/\/aeroclub-abbeville.fr\/wp-content\/uploads\/2019\/07\/DDFD147B-5FC9-4ED9-B14F-52D1120C896A.jpeg 720w, http:\/\/aeroclub-abbeville.fr\/wp-content\/uploads\/2019\/07\/DDFD147B-5FC9-4ED9-B14F-52D1120C896A-360x480.jpeg 360w, http:\/\/aeroclub-abbeville.fr\/wp-content\/uploads\/2019\/07\/DDFD147B-5FC9-4ED9-B14F-52D1120C896A-624x832.jpeg 624w\" sizes=\"(max-width: 720px) 100vw, 720px\" \/><\/figure><\/li><\/ul>\n\n\n\n<p style=\"text-align:center\">La Croisi\u00e8re de une heure trente, \u00e0 bord du \u00ab&nbsp;Commandant Charcot&nbsp;\u00bb nous a permis de prendre toute la mesure de la beaut\u00e9 de la Baie, de la Nature, dans le soleil couchant.<\/p>\n\n\n\n<div class=\"wp-block-image\"><figure class=\"aligncenter is-resized\"><img loading=\"lazy\" decoding=\"async\" src=\"http:\/\/aeroclub-abbeville.fr\/wp-content\/uploads\/2019\/07\/803A721C-02B8-4E4A-9AC5-1E912B828D44.jpeg\" alt=\"\" class=\"wp-image-2338\" width=\"480\" height=\"360\" srcset=\"http:\/\/aeroclub-abbeville.fr\/wp-content\/uploads\/2019\/07\/803A721C-02B8-4E4A-9AC5-1E912B828D44.jpeg 960w, http:\/\/aeroclub-abbeville.fr\/wp-content\/uploads\/2019\/07\/803A721C-02B8-4E4A-9AC5-1E912B828D44-480x360.jpeg 480w, http:\/\/aeroclub-abbeville.fr\/wp-content\/uploads\/2019\/07\/803A721C-02B8-4E4A-9AC5-1E912B828D44-768x576.jpeg 768w, http:\/\/aeroclub-abbeville.fr\/wp-content\/uploads\/2019\/07\/803A721C-02B8-4E4A-9AC5-1E912B828D44-624x468.jpeg 624w\" sizes=\"(max-width: 480px) 100vw, 480px\" \/><figcaption>Nous n\u2019avons pas vu le rayon vert !<\/figcaption><\/figure><\/div>\n\n\n\n<p style=\"text-align:center\">Le vent, la fra\u00eecheur de l\u2019oc\u00e9an, les lumi\u00e8res de la Baie, Multiples \u00e9clats des lumi\u00e8res du soir !<\/p>\n\n\n\n<div class=\"wp-block-image\"><figure class=\"aligncenter is-resized\"><img loading=\"lazy\" decoding=\"async\" src=\"http:\/\/aeroclub-abbeville.fr\/wp-content\/uploads\/2019\/07\/076ED15B-86C5-4469-A735-9009C86DC71A.jpeg\" alt=\"\" class=\"wp-image-2339\" width=\"360\" height=\"480\" srcset=\"http:\/\/aeroclub-abbeville.fr\/wp-content\/uploads\/2019\/07\/076ED15B-86C5-4469-A735-9009C86DC71A.jpeg 720w, http:\/\/aeroclub-abbeville.fr\/wp-content\/uploads\/2019\/07\/076ED15B-86C5-4469-A735-9009C86DC71A-360x480.jpeg 360w, http:\/\/aeroclub-abbeville.fr\/wp-content\/uploads\/2019\/07\/076ED15B-86C5-4469-A735-9009C86DC71A-624x832.jpeg 624w\" sizes=\"(max-width: 360px) 100vw, 360px\" \/><figcaption>Tout le monde rentre au port !<\/figcaption><\/figure><\/div>\n\n\n\n<p style=\"text-align:center\">Et la soir\u00e9e se finira par un repas bien sympathique, dans le bateau, aux all\u00e9chantes saveurs des \u00ab&nbsp;Moules-Frites-sp\u00e9ciales-William&nbsp;\u00bb!&nbsp; !<\/p>\n\n\n\n<div class=\"wp-block-image\"><figure class=\"aligncenter is-resized\"><img loading=\"lazy\" decoding=\"async\" src=\"http:\/\/aeroclub-abbeville.fr\/wp-content\/uploads\/2019\/07\/8DCC6F54-5FAD-4D74-9ECB-A3BCFF6D1934.jpeg\" alt=\"\" class=\"wp-image-2340\" width=\"480\" height=\"360\" srcset=\"http:\/\/aeroclub-abbeville.fr\/wp-content\/uploads\/2019\/07\/8DCC6F54-5FAD-4D74-9ECB-A3BCFF6D1934.jpeg 960w, http:\/\/aeroclub-abbeville.fr\/wp-content\/uploads\/2019\/07\/8DCC6F54-5FAD-4D74-9ECB-A3BCFF6D1934-480x360.jpeg 480w, http:\/\/aeroclub-abbeville.fr\/wp-content\/uploads\/2019\/07\/8DCC6F54-5FAD-4D74-9ECB-A3BCFF6D1934-768x576.jpeg 768w, http:\/\/aeroclub-abbeville.fr\/wp-content\/uploads\/2019\/07\/8DCC6F54-5FAD-4D74-9ECB-A3BCFF6D1934-624x468.jpeg 624w\" sizes=\"(max-width: 480px) 100vw, 480px\" \/><figcaption>Les moules, avant de les manger, d\u2019abord, on les p\u00eache !<\/figcaption><\/figure><\/div>\n\n\n\n<div class=\"wp-block-image\"><figure class=\"aligncenter is-resized\"><img loading=\"lazy\" decoding=\"async\" src=\"http:\/\/aeroclub-abbeville.fr\/wp-content\/uploads\/2019\/07\/10987333-1764-4B63-BCAE-1B9CA2BDBCD1.jpeg\" alt=\"\" class=\"wp-image-2341\" width=\"480\" height=\"360\" srcset=\"http:\/\/aeroclub-abbeville.fr\/wp-content\/uploads\/2019\/07\/10987333-1764-4B63-BCAE-1B9CA2BDBCD1.jpeg 960w, http:\/\/aeroclub-abbeville.fr\/wp-content\/uploads\/2019\/07\/10987333-1764-4B63-BCAE-1B9CA2BDBCD1-480x360.jpeg 480w, http:\/\/aeroclub-abbeville.fr\/wp-content\/uploads\/2019\/07\/10987333-1764-4B63-BCAE-1B9CA2BDBCD1-768x576.jpeg 768w, http:\/\/aeroclub-abbeville.fr\/wp-content\/uploads\/2019\/07\/10987333-1764-4B63-BCAE-1B9CA2BDBCD1-624x468.jpeg 624w\" sizes=\"(max-width: 480px) 100vw, 480px\" \/><figcaption>La logistique, tout un programme bien r\u00f4d\u00e9 !<\/figcaption><\/figure><\/div>\n\n\n\n<div class=\"wp-block-image\"><figure class=\"aligncenter is-resized\"><img loading=\"lazy\" decoding=\"async\" src=\"http:\/\/aeroclub-abbeville.fr\/wp-content\/uploads\/2019\/07\/245C98A9-A1A8-4EB1-8761-38CEABB96BF0.jpeg\" alt=\"\" class=\"wp-image-2347\" width=\"480\" height=\"360\" srcset=\"http:\/\/aeroclub-abbeville.fr\/wp-content\/uploads\/2019\/07\/245C98A9-A1A8-4EB1-8761-38CEABB96BF0.jpeg 960w, http:\/\/aeroclub-abbeville.fr\/wp-content\/uploads\/2019\/07\/245C98A9-A1A8-4EB1-8761-38CEABB96BF0-480x360.jpeg 480w, http:\/\/aeroclub-abbeville.fr\/wp-content\/uploads\/2019\/07\/245C98A9-A1A8-4EB1-8761-38CEABB96BF0-768x576.jpeg 768w, http:\/\/aeroclub-abbeville.fr\/wp-content\/uploads\/2019\/07\/245C98A9-A1A8-4EB1-8761-38CEABB96BF0-624x468.jpeg 624w\" sizes=\"(max-width: 480px) 100vw, 480px\" \/><figcaption>Demain est un autre jour !<\/figcaption><\/figure><\/div>\n\n\n\n<p style=\"text-align:center\">Belle semaine lumineuse et sereine !<br> Merci \u00e0 Marie H\u00e9l\u00e8ne Pruvost pour les photos !<\/p>\n\n\n\n<div class=\"wp-block-image\"><figure class=\"aligncenter is-resized\"><img loading=\"lazy\" decoding=\"async\" src=\"http:\/\/aeroclub-abbeville.fr\/wp-content\/uploads\/2019\/07\/41CD903C-9C47-412F-8902-B7B1173B92CC.jpeg\" alt=\"\" class=\"wp-image-2349\" width=\"360\" height=\"540\" srcset=\"http:\/\/aeroclub-abbeville.fr\/wp-content\/uploads\/2019\/07\/41CD903C-9C47-412F-8902-B7B1173B92CC.jpeg 480w, http:\/\/aeroclub-abbeville.fr\/wp-content\/uploads\/2019\/07\/41CD903C-9C47-412F-8902-B7B1173B92CC-320x480.jpeg 320w\" sizes=\"(max-width: 360px) 100vw, 360px\" \/><\/figure><\/div>\n\n\n\n<p style=\"text-align:center\">A bient\u00f4t pour de nouvelles aventures ! <\/p>\n\n\n\n<p style=\"text-align:center\">Fran\u00e7oise Sockeel <br> <\/p>\n","protected":false},"excerpt":{"rendered":"<p>30 Juin 2019 L\u2019a\u00e9roclub d\u2019Abbeville a pris le large, hier ! En Bateau-Croisi\u00e8re \u00e0 Saint Val\u00e9ry sur Somme ! Fra\u00eecheur et Lumi\u00e8re ! Une quarantaine d\u2019adh\u00e9rents de l\u2019a\u00e9roclub d\u2019Abbeville, Vol en Planeur, Vol motoris\u00e9 et ULM, ont pu se rafra\u00eechir, lors de la sortie en mer, hier soir. La beaut\u00e9 des lieux et l\u2019amiti\u00e9 \u00e9taient [&hellip;]<\/p>\n","protected":false},"author":211,"featured_media":0,"comment_status":"open","ping_status":"closed","sticky":false,"template":"","format":"standard","meta":{"inline_featured_image":false,"footnotes":""},"categories":[20,21,2,3,11,13,17,18,19,31],"tags":[],"class_list":["post-2332","post","type-post","status-publish","format-standard","hentry","category-actualites","category-arrosages-fetes","category-avion","category-club","category-manifestations","category-planeur","category-ulm","category-vie-du-club","category-vol-a-voile","category-voyages"],"_links":{"self":[{"href":"http:\/\/aeroclub-abbeville.fr\/index.php?rest_route=\/wp\/v2\/posts\/2332","targetHints":{"allow":["GET"]}}],"collection":[{"href":"http:\/\/aeroclub-abbeville.fr\/index.php?rest_route=\/wp\/v2\/posts"}],"about":[{"href":"http:\/\/aeroclub-abbeville.fr\/index.php?rest_route=\/wp\/v2\/types\/post"}],"author":[{"embeddable":true,"href":"http:\/\/aeroclub-abbeville.fr\/index.php?rest_route=\/wp\/v2\/users\/211"}],"replies":[{"embeddable":true,"href":"http:\/\/aeroclub-abbeville.fr\/index.php?rest_route=%2Fwp%2Fv2%2Fcomments&post=2332"}],"version-history":[{"count":8,"href":"http:\/\/aeroclub-abbeville.fr\/index.php?rest_route=\/wp\/v2\/posts\/2332\/revisions"}],"predecessor-version":[{"id":2352,"href":"http:\/\/aeroclub-abbeville.fr\/index.php?rest_route=\/wp\/v2\/posts\/2332\/revisions\/2352"}],"wp:attachment":[{"href":"http:\/\/aeroclub-abbeville.fr\/index.php?rest_route=%2Fwp%2Fv2%2Fmedia&parent=2332"}],"wp:term":[{"taxonomy":"category","embeddable":true,"href":"http:\/\/aeroclub-abbeville.fr\/index.php?rest_route=%2Fwp%2Fv2%2Fcategories&post=2332"},{"taxonomy":"post_tag","embeddable":true,"href":"http:\/\/aeroclub-abbeville.fr\/index.php?rest_route=%2Fwp%2Fv2%2Ftags&post=2332"}],"curies":[{"name":"wp","href":"https:\/\/api.w.org\/{rel}","templated":true}]}}