{"id":236,"date":"2013-05-01T22:49:24","date_gmt":"2013-05-01T21:49:24","guid":{"rendered":"http:\/\/web.aeroclub-abbeville.fr\/aeroclub\/?p=236"},"modified":"2013-05-01T22:49:24","modified_gmt":"2013-05-01T21:49:24","slug":"concours-inter-regional-vol-a-voile-2013-a-abbeville","status":"publish","type":"post","link":"http:\/\/aeroclub-abbeville.fr\/?p=236","title":{"rendered":"Concours Inter-R\u00e9gional Vol \u00e0 Voile 2013 \u00e0 Abbeville"},"content":{"rendered":"<h2><a id=\"le_concours_inter-regional\" name=\"le_concours_inter-regional\"><\/a>Le concours inter-r\u00e9gional<\/h2>\n<h2><a id=\"nord_-_picardie_2013\" name=\"nord_-_picardie_2013\"><\/a>Nord &#8211; Picardie 2013<\/h2>\n<div>\n<p>Le club d&rsquo;Abbeville accueillera les comp\u00e9titeurs du concours inter-r\u00e9gional du du 8 au 12 et du 18 au 20 mai 2013.<\/p>\n<ul>\n<li>\n<div><a title=\"planeur:inscription_2013\" href=\"http:\/\/www.wiki.aeroclub-abbeville.fr\/doku.php\/planeur:inscription_2013\"> La fiche d&rsquo;inscription<\/a><\/div>\n<\/li>\n<li>\n<div><a title=\"http:\/\/www.soaringspot.com\/acr2013\/\" href=\"http:\/\/www.soaringspot.com\/acr2013\/\" rel=\"nofollow\">Le site de gestion des scores<\/a><\/div>\n<\/li>\n<li>\n<div><a title=\"planeur:reglement_concours_2013_abbeville.pdf\" href=\"http:\/\/www.wiki.aeroclub-abbeville.fr\/lib\/exe\/fetch.php\/planeur:reglement_concours_2013_abbeville.pdf\">R\u00e9glement local 2013<\/a><\/div>\n<\/li>\n<li>\n<div><a title=\"planeur:np41-reglementcompetitions-edition2013-v100.pdf\" href=\"http:\/\/www.wiki.aeroclub-abbeville.fr\/lib\/exe\/fetch.php\/planeur:np41-reglementcompetitions-edition2013-v100.pdf\">REGLEMENT DES COMPETITIONS FEDERALES DE VOL A VOILE 2013<\/a><\/div>\n<\/li>\n<li>\n<div><a title=\"planeur:6-np41a-conversion_niveaux_de_vol.pdf\" href=\"http:\/\/www.wiki.aeroclub-abbeville.fr\/lib\/exe\/fetch.php\/planeur:6-np41a-conversion_niveaux_de_vol.pdf\">Conversion altitude niveaux de vol<\/a><\/div>\n<\/li>\n<li>\n<div><a title=\"http:\/\/s289271336.onlinehome.fr\/dossiers_ffvv\/files\/130327__AIRSPACE_France_1304e.txt\" href=\"http:\/\/s289271336.onlinehome.fr\/dossiers_ffvv\/files\/130327__AIRSPACE_France_1304e.txt\" rel=\"nofollow\"> Espaces a\u00e9riens 2013<\/a><\/div>\n<\/li>\n<li>\n<div><a title=\"planeur:partenaires\" href=\"http:\/\/www.wiki.aeroclub-abbeville.fr\/doku.php\/planeur:partenaires\"> Nos partenaires<\/a><\/div>\n<\/li>\n<\/ul>\n<p><!--more--><\/p>\n<hr \/>\n<div><strong> <a title=\"Concours Vol \u00e0 voile 2013 Nord - Picardie\" href=\"http:\/\/www.slideshare.net\/Fkub78\/concours-vol-voile-2013-nord-picardie\" target=\"_blank\">Concours Vol \u00e0 voile 2013 Nord &#8211; Picardie<\/a> <\/strong> from <strong><a href=\"http:\/\/www.slideshare.net\/Fkub78\" target=\"_blank\">Fkub78<\/a><\/strong><\/div>\n<hr \/>\n<\/div>\n<h2><a id=\"points_de_virage\" name=\"points_de_virage\"><\/a>Points de virage<\/h2>\n<div>\n<ul>\n<li>\n<div><a title=\"planeur:abbvll13.cup\" href=\"http:\/\/www.wiki.aeroclub-abbeville.fr\/lib\/exe\/fetch.php\/planeur:abbvll13.cup\">SeeYou\/SeeYouMobile\/Oudie<\/a><\/div>\n<\/li>\n<li>\n<div><a title=\"planeur:abbvll13.dat\" href=\"http:\/\/www.wiki.aeroclub-abbeville.fr\/lib\/exe\/fetch.php\/planeur:abbvll13.dat\">Cambridge <\/a><\/div>\n<\/li>\n<li>\n<div><a title=\"planeur:abvl3_tp.da4\" href=\"http:\/\/www.wiki.aeroclub-abbeville.fr\/lib\/exe\/fetch.php\/planeur:abvl3_tp.da4\">LX Nav<\/a><\/div>\n<\/li>\n<li>\n<div><a title=\"planeur:abbvll13.wpz\" href=\"http:\/\/www.wiki.aeroclub-abbeville.fr\/lib\/exe\/fetch.php\/planeur:abbvll13.wpz\">Zander <\/a><\/div>\n<\/li>\n<li>\n<div><a title=\"planeur:abbvll13.dbt\" href=\"http:\/\/www.wiki.aeroclub-abbeville.fr\/lib\/exe\/fetch.php\/planeur:abbvll13.dbt\">Wolkslogger <\/a><\/div>\n<\/li>\n<\/ul>\n<hr \/>\n<\/div>\n<h2><a id=\"logement\" name=\"logement\"><\/a>Logement<\/h2>\n<div>\n<p>Il y deux chambres \u00e0 deux lits disponibles pour un prix raisonnable. Contacter le 06 75 29 84 90. Premiers arriv\u00e9s, premiers servis.<\/p>\n<p>Sinon possibilit\u00e9 de camping sur le terrain. Vous pouvez \u00e9galement r\u00e9server au \u201cRelais de l&rsquo;Europe\u201d et demander une chambre avec vue sur la piste.<\/p>\n<hr \/>\n<\/div>\n<h2><a id=\"affiche\" name=\"affiche\"><\/a>Affiche<\/h2>\n<div>\n<p><a title=\"planeur:550255_10151384190323464_772870_n.jpg\" href=\"http:\/\/www.wiki.aeroclub-abbeville.fr\/lib\/exe\/detail.php\/planeur:550255_10151384190323464_772870_n.jpg?id=planeur%3Aconcours_2013\"><img decoding=\"async\" alt=\"\" src=\"http:\/\/www.wiki.aeroclub-abbeville.fr\/lib\/exe\/fetch.php\/planeur:550255_10151384190323464_772870_n.jpg?w=400\" width=\"400\" align=\"left\" \/><\/a><\/p>\n<hr \/>\n<\/div>\n<h1><a id=\"bande_annonce_concours_abbeville_2013\" name=\"bande_annonce_concours_abbeville_2013\"><\/a><\/h1>\n","protected":false},"excerpt":{"rendered":"<p>Le concours inter-r\u00e9gional Nord &#8211; Picardie 2013 Le club d&rsquo;Abbeville accueillera les comp\u00e9titeurs du concours inter-r\u00e9gional du du 8 au 12 et du 18 au 20 mai 2013. La fiche d&rsquo;inscription Le site de gestion des scores R\u00e9glement local 2013 REGLEMENT DES COMPETITIONS FEDERALES DE VOL A VOILE 2013 Conversion altitude niveaux de vol Espaces [&hellip;]<\/p>\n","protected":false},"author":67,"featured_media":0,"comment_status":"open","ping_status":"open","sticky":false,"template":"","format":"standard","meta":{"inline_featured_image":false,"footnotes":""},"categories":[3,4,11,13,19],"tags":[],"class_list":["post-236","post","type-post","status-publish","format-standard","hentry","category-club","category-competitions","category-manifestations","category-planeur","category-vol-a-voile"],"_links":{"self":[{"href":"http:\/\/aeroclub-abbeville.fr\/index.php?rest_route=\/wp\/v2\/posts\/236","targetHints":{"allow":["GET"]}}],"collection":[{"href":"http:\/\/aeroclub-abbeville.fr\/index.php?rest_route=\/wp\/v2\/posts"}],"about":[{"href":"http:\/\/aeroclub-abbeville.fr\/index.php?rest_route=\/wp\/v2\/types\/post"}],"author":[{"embeddable":true,"href":"http:\/\/aeroclub-abbeville.fr\/index.php?rest_route=\/wp\/v2\/users\/67"}],"replies":[{"embeddable":true,"href":"http:\/\/aeroclub-abbeville.fr\/index.php?rest_route=%2Fwp%2Fv2%2Fcomments&post=236"}],"version-history":[{"count":0,"href":"http:\/\/aeroclub-abbeville.fr\/index.php?rest_route=\/wp\/v2\/posts\/236\/revisions"}],"wp:attachment":[{"href":"http:\/\/aeroclub-abbeville.fr\/index.php?rest_route=%2Fwp%2Fv2%2Fmedia&parent=236"}],"wp:term":[{"taxonomy":"category","embeddable":true,"href":"http:\/\/aeroclub-abbeville.fr\/index.php?rest_route=%2Fwp%2Fv2%2Fcategories&post=236"},{"taxonomy":"post_tag","embeddable":true,"href":"http:\/\/aeroclub-abbeville.fr\/index.php?rest_route=%2Fwp%2Fv2%2Ftags&post=236"}],"curies":[{"name":"wp","href":"https:\/\/api.w.org\/{rel}","templated":true}]}}