{"id":2361,"date":"2019-07-09T16:58:26","date_gmt":"2019-07-09T15:58:26","guid":{"rendered":"http:\/\/aeroclub-abbeville.fr\/?p=2361"},"modified":"2019-07-13T09:11:51","modified_gmt":"2019-07-13T08:11:51","slug":"le-tour-de-france-en-ulm-les-aventures-aeriennes-des-baroudeurs-picards","status":"publish","type":"post","link":"http:\/\/aeroclub-abbeville.fr\/?p=2361","title":{"rendered":"Le Tour ULM 2019 : Les Aventures a\u00e9riennes de nos Baroudeurs Picards !"},"content":{"rendered":"\n<p>9 Juillet 2019<\/p>\n\n\n\n<p style=\"text-align:center\">\u00ab&nbsp;Les voies du Ciel sont\nimp\u00e9n\u00e9trables&nbsp;!&nbsp;\u00bb Quoique \u2026<\/p>\n\n\n\n<p style=\"text-align:center\">Depuis longtemps, deux Pilotes d&rsquo;ULM de notre a\u00e9roclub d\u2019Abbeville-Baie-de-Somme, ont relev\u00e9 le d\u00e9fi et entrepris de d\u00e9fricher, \u00e0 grand coup d\u2019h\u00e9lices, tous les champs des possibles&nbsp;!<\/p>\n\n\n\n<p style=\"text-align:center\">Alain Fauquembergue et Daniel Tellier font partie de ces baroudeurs du Ciel, qui taillent \u00e0 grands coups de machettes \u00ab&nbsp;Petit Pas&nbsp;\u00bb des chemins de traverse, dans les for\u00eats profondes des espaces a\u00e9riens ! <\/p>\n\n\n\n<p style=\"text-align:center\">Avec eux, c\u2019est \u00ab Quand on veut, on peut ! \u00bb, \u00ab Puisqu\u2019on est l\u00e0, on y va ! \u00bb, \u00ab Personne ne l\u2019a fait, alors j\u2019y vais ! \u00bb<\/p>\n\n\n\n<div class=\"wp-block-image\"><figure class=\"aligncenter is-resized\"><img fetchpriority=\"high\" decoding=\"async\" src=\"http:\/\/aeroclub-abbeville.fr\/wp-content\/uploads\/2019\/07\/20190705_193008-1024x498.jpg\" alt=\"\" class=\"wp-image-2370\" width=\"512\" height=\"249\" srcset=\"http:\/\/aeroclub-abbeville.fr\/wp-content\/uploads\/2019\/07\/20190705_193008-1024x498.jpg 1024w, http:\/\/aeroclub-abbeville.fr\/wp-content\/uploads\/2019\/07\/20190705_193008-480x233.jpg 480w, http:\/\/aeroclub-abbeville.fr\/wp-content\/uploads\/2019\/07\/20190705_193008-768x373.jpg 768w, http:\/\/aeroclub-abbeville.fr\/wp-content\/uploads\/2019\/07\/20190705_193008-624x303.jpg 624w\" sizes=\"(max-width: 512px) 100vw, 512px\" \/><figcaption>Alain Fauquembergue et Daniel Tellier, pr\u00eats pour l&rsquo;Aventure !<\/figcaption><\/figure><\/div>\n\n\n\n<p style=\"text-align:center\">Ensemble, dans l&rsquo;ULM \u00ab\u00a0Nynja\u00a0\u00bb, nos amis vont engager l&rsquo;A\u00e9roclub de Abbeville-Buigny-Baie de Somme au \u00ab\u00a0Tour ULM 2019\u00a0\u00bb<\/p>\n\n\n\n<div class=\"wp-block-image\"><figure class=\"aligncenter is-resized\"><img decoding=\"async\" src=\"http:\/\/aeroclub-abbeville.fr\/wp-content\/uploads\/2019\/07\/20190705_193442-1024x498.jpg\" alt=\"\" class=\"wp-image-2371\" width=\"512\" height=\"249\" srcset=\"http:\/\/aeroclub-abbeville.fr\/wp-content\/uploads\/2019\/07\/20190705_193442-1024x498.jpg 1024w, http:\/\/aeroclub-abbeville.fr\/wp-content\/uploads\/2019\/07\/20190705_193442-480x233.jpg 480w, http:\/\/aeroclub-abbeville.fr\/wp-content\/uploads\/2019\/07\/20190705_193442-768x373.jpg 768w, http:\/\/aeroclub-abbeville.fr\/wp-content\/uploads\/2019\/07\/20190705_193442-624x303.jpg 624w\" sizes=\"(max-width: 512px) 100vw, 512px\" \/><\/figure><\/div>\n\n\n\n<p style=\"text-align:center\"><strong>du samedi 20 au vendredi 26 juillet 2019<\/strong>  <\/p>\n\n\n\n<p style=\"text-align:center\"><strong>\u00ab De l\u2019Atlantique \u00e0 la M\u00e9diterran\u00e9e \u00bb<\/strong><\/p>\n\n\n\n<p style=\"text-align:center\">Apr\u00e8s avoir long\u00e9 les plages dor\u00e9es de l\u2019Atlantique, la  magnifique&nbsp;baie d\u2019Arcachon et la dune du Pilat, ils traverseront la  France&nbsp;de part en part, flirteront avec les Pyr\u00e9n\u00e9es et retrouveront la M\u00e9diterran\u00e9e, la Camargue, et la Provence. Le retour  se&nbsp;fera par les Alpes, le Massif central, et ils retrouveront  l\u2019oc\u00e9an&nbsp;pour un final tout en beaut\u00e9. <\/p>\n\n\n\n<p style=\"text-align:center\">Pour en savoir plus, un petit click sur l&rsquo;image !!!<\/p>\n\n\n\n<div class=\"wp-block-image\"><figure class=\"aligncenter is-resized\"><a href=\"https:\/\/ffplum.fr\/la-federation\/le-tour\"><img decoding=\"async\" src=\"http:\/\/aeroclub-abbeville.fr\/wp-content\/uploads\/2019\/07\/TOUR-2019-CARTE_page-0001-1-725x1024.jpg\" alt=\"\" class=\"wp-image-2368\" width=\"363\" height=\"512\" srcset=\"http:\/\/aeroclub-abbeville.fr\/wp-content\/uploads\/2019\/07\/TOUR-2019-CARTE_page-0001-1-725x1024.jpg 725w, http:\/\/aeroclub-abbeville.fr\/wp-content\/uploads\/2019\/07\/TOUR-2019-CARTE_page-0001-1-340x480.jpg 340w, http:\/\/aeroclub-abbeville.fr\/wp-content\/uploads\/2019\/07\/TOUR-2019-CARTE_page-0001-1-768x1085.jpg 768w, http:\/\/aeroclub-abbeville.fr\/wp-content\/uploads\/2019\/07\/TOUR-2019-CARTE_page-0001-1-624x882.jpg 624w, http:\/\/aeroclub-abbeville.fr\/wp-content\/uploads\/2019\/07\/TOUR-2019-CARTE_page-0001-1.jpg 1241w\" sizes=\"(max-width: 363px) 100vw, 363px\" \/><\/a><\/figure><\/div>\n\n\n\n<p style=\"text-align:center\">Cette ann\u00e9e encore, le circuit pr\u00e9par\u00e9 sera tr\u00e8s riche de belles d\u00e9couvertes,  de&nbsp;paysages grandioses, et de vols magnifiques. Ils profiteront  d\u2019une&nbsp;organisation sans faille, d\u2019une assistance et d\u2019un  encadrement&nbsp;permettant la d\u00e9couverte et le voyage en toute s\u00e9curit\u00e9 et  s\u00e9r\u00e9nit\u00e9.&nbsp;Toute l\u2019\u00e9quipe d\u2019organisation, parfaitement rod\u00e9e, sera  heureuse&nbsp;de les accueillir et de les faire profiter d\u2019une logistique  efficace.<br>Participer au Tour ULM, c\u2019est vivre une&nbsp;aventure  humaine unique que seul l\u2019ULM permet.<\/p>\n\n\n\n<div class=\"wp-block-image\"><figure class=\"aligncenter is-resized\"><img loading=\"lazy\" decoding=\"async\" src=\"http:\/\/aeroclub-abbeville.fr\/wp-content\/uploads\/2019\/07\/20190705_193232-1024x498.jpg\" alt=\"\" class=\"wp-image-2374\" width=\"512\" height=\"249\" srcset=\"http:\/\/aeroclub-abbeville.fr\/wp-content\/uploads\/2019\/07\/20190705_193232-1024x498.jpg 1024w, http:\/\/aeroclub-abbeville.fr\/wp-content\/uploads\/2019\/07\/20190705_193232-480x233.jpg 480w, http:\/\/aeroclub-abbeville.fr\/wp-content\/uploads\/2019\/07\/20190705_193232-768x373.jpg 768w, http:\/\/aeroclub-abbeville.fr\/wp-content\/uploads\/2019\/07\/20190705_193232-624x303.jpg 624w\" sizes=\"(max-width: 512px) 100vw, 512px\" \/><\/figure><\/div>\n\n\n\n<p style=\"text-align:center\">Le Tour accueillera, 125 ULM, une&nbsp;douzaine de jeunes, filles et gar\u00e7ons, \u00e2g\u00e9s de plus&nbsp;de 18 ans pour leur permettre avec les instructeurs&nbsp;de d\u00e9couvrir ou  d\u2019approfondir et appr\u00e9cier&nbsp;l\u2019ensemble de cette pratique.<br><\/p>\n\n\n\n<p style=\"text-align:center\">Nous allons vous faire vivre le plus souvent possible les meilleurs moments de ces histoires belles, authentiques et riches de mille enseignements.<\/p>\n\n\n\n<p style=\"text-align:center\">Un aventure a\u00e9rienne, \u00e9crite jusqu\u2019au bout par des pilotes passionn\u00e9s, au milieu d\u2019autres pilotes, port\u00e9s par leur fraternit\u00e9 et leur t\u00e9nacit\u00e9.<\/p>\n\n\n\n<p style=\"text-align:center\">Vous qui aimez vivre intens\u00e9ment, venez nous retrouver avec Alain et Daniel, pour ce beau tour de notre pays, \u00e0 partir d\u2019Abbeville et Saint Pierre d&rsquo;Ol\u00e9ron !!!<\/p>\n\n\n\n<div class=\"wp-block-image\"><figure class=\"aligncenter is-resized\"><img loading=\"lazy\" decoding=\"async\" src=\"http:\/\/aeroclub-abbeville.fr\/wp-content\/uploads\/2019\/07\/914DB121-5DA1-4F87-BA93-80EF3E15ACF3.jpeg\" alt=\"\" class=\"wp-image-2385\" width=\"493\" height=\"250\" srcset=\"http:\/\/aeroclub-abbeville.fr\/wp-content\/uploads\/2019\/07\/914DB121-5DA1-4F87-BA93-80EF3E15ACF3.jpeg 986w, http:\/\/aeroclub-abbeville.fr\/wp-content\/uploads\/2019\/07\/914DB121-5DA1-4F87-BA93-80EF3E15ACF3-480x243.jpeg 480w, http:\/\/aeroclub-abbeville.fr\/wp-content\/uploads\/2019\/07\/914DB121-5DA1-4F87-BA93-80EF3E15ACF3-768x389.jpeg 768w, http:\/\/aeroclub-abbeville.fr\/wp-content\/uploads\/2019\/07\/914DB121-5DA1-4F87-BA93-80EF3E15ACF3-624x316.jpeg 624w\" sizes=\"(max-width: 493px) 100vw, 493px\" \/><figcaption>L\u2019\u00eele d\u2019Ol\u00e9ron<\/figcaption><\/figure><\/div>\n\n\n\n<p style=\"text-align:center\">\u00c0 bient\u00f4t pour de nouvelles aventures !<\/p>\n\n\n\n<p style=\"text-align: center;\">Fran\u00e7oise Sockeel<\/p>\n","protected":false},"excerpt":{"rendered":"<p>9 Juillet 2019 \u00ab&nbsp;Les voies du Ciel sont imp\u00e9n\u00e9trables&nbsp;!&nbsp;\u00bb Quoique \u2026 Depuis longtemps, deux Pilotes d&rsquo;ULM de notre a\u00e9roclub d\u2019Abbeville-Baie-de-Somme, ont relev\u00e9 le d\u00e9fi et entrepris de d\u00e9fricher, \u00e0 grand coup d\u2019h\u00e9lices, tous les champs des possibles&nbsp;! Alain Fauquembergue et Daniel Tellier font partie de ces baroudeurs du Ciel, qui taillent \u00e0 grands coups de [&hellip;]<\/p>\n","protected":false},"author":211,"featured_media":0,"comment_status":"open","ping_status":"closed","sticky":false,"template":"","format":"standard","meta":{"inline_featured_image":false,"footnotes":""},"categories":[20,3,4,11,17,31],"tags":[],"class_list":["post-2361","post","type-post","status-publish","format-standard","hentry","category-actualites","category-club","category-competitions","category-manifestations","category-ulm","category-voyages"],"_links":{"self":[{"href":"http:\/\/aeroclub-abbeville.fr\/index.php?rest_route=\/wp\/v2\/posts\/2361","targetHints":{"allow":["GET"]}}],"collection":[{"href":"http:\/\/aeroclub-abbeville.fr\/index.php?rest_route=\/wp\/v2\/posts"}],"about":[{"href":"http:\/\/aeroclub-abbeville.fr\/index.php?rest_route=\/wp\/v2\/types\/post"}],"author":[{"embeddable":true,"href":"http:\/\/aeroclub-abbeville.fr\/index.php?rest_route=\/wp\/v2\/users\/211"}],"replies":[{"embeddable":true,"href":"http:\/\/aeroclub-abbeville.fr\/index.php?rest_route=%2Fwp%2Fv2%2Fcomments&post=2361"}],"version-history":[{"count":28,"href":"http:\/\/aeroclub-abbeville.fr\/index.php?rest_route=\/wp\/v2\/posts\/2361\/revisions"}],"predecessor-version":[{"id":2422,"href":"http:\/\/aeroclub-abbeville.fr\/index.php?rest_route=\/wp\/v2\/posts\/2361\/revisions\/2422"}],"wp:attachment":[{"href":"http:\/\/aeroclub-abbeville.fr\/index.php?rest_route=%2Fwp%2Fv2%2Fmedia&parent=2361"}],"wp:term":[{"taxonomy":"category","embeddable":true,"href":"http:\/\/aeroclub-abbeville.fr\/index.php?rest_route=%2Fwp%2Fv2%2Fcategories&post=2361"},{"taxonomy":"post_tag","embeddable":true,"href":"http:\/\/aeroclub-abbeville.fr\/index.php?rest_route=%2Fwp%2Fv2%2Ftags&post=2361"}],"curies":[{"name":"wp","href":"https:\/\/api.w.org\/{rel}","templated":true}]}}