{"id":2398,"date":"2019-07-10T09:42:13","date_gmt":"2019-07-10T08:42:13","guid":{"rendered":"http:\/\/aeroclub-abbeville.fr\/?p=2398"},"modified":"2019-07-10T13:37:42","modified_gmt":"2019-07-10T12:37:42","slug":"la-guerre-de-troyes-naura-pas-lieu","status":"publish","type":"post","link":"http:\/\/aeroclub-abbeville.fr\/?p=2398","title":{"rendered":"La Guerre de Troyes n\u2019aura pas lieu !"},"content":{"rendered":"\n<p>10 Juillet 2019<\/p>\n\n\n\n<p style=\"text-align:center\">Du 13 au 28 juillet 2019<\/p>\n\n\n\n<p style=\"text-align:center\">\u00ab La guerre de Troyes n\u2019aura pas lieu ! \u00bb<br> Hom\u00e8re , Achille, , Agamemnon,<br> Peuvent aller se rhabiller,<br> Parce que c\u2019est avec tous les copains,<br> Que nous allons y planer !!!<br> D\u00e9part dans 2 jours !<\/p>\n\n\n\n<div class=\"wp-block-image\"><figure class=\"aligncenter is-resized\"><img fetchpriority=\"high\" decoding=\"async\" src=\"http:\/\/aeroclub-abbeville.fr\/wp-content\/uploads\/2019\/07\/53782AF6-F6B6-4EBF-A6E9-08AA964C54EA.jpeg\" alt=\"\" class=\"wp-image-2400\" width=\"270\" height=\"480\" srcset=\"http:\/\/aeroclub-abbeville.fr\/wp-content\/uploads\/2019\/07\/53782AF6-F6B6-4EBF-A6E9-08AA964C54EA.jpeg 540w, http:\/\/aeroclub-abbeville.fr\/wp-content\/uploads\/2019\/07\/53782AF6-F6B6-4EBF-A6E9-08AA964C54EA-270x480.jpeg 270w\" sizes=\"(max-width: 270px) 100vw, 270px\" \/><figcaption>Troyes !<\/figcaption><\/figure><\/div>\n\n\n\n<p style=\"text-align:center\">La section Vol en Planeur de l\u2019a\u00e9roclub se pr\u00e9pare, comme tous les ans, pour son stage intensif de 2 semaines \u00e0 l\u2019a\u00e9roport de Troyes-Barberey dans l\u2019aube. <\/p>\n\n\n\n<div class=\"wp-block-image\"><figure class=\"aligncenter is-resized\"><img decoding=\"async\" src=\"http:\/\/aeroclub-abbeville.fr\/wp-content\/uploads\/2019\/07\/E5A7E7A8-D0AF-4658-82BE-434BDFB43B6D.jpeg\" alt=\"\" class=\"wp-image-2411\" width=\"480\" height=\"233\" srcset=\"http:\/\/aeroclub-abbeville.fr\/wp-content\/uploads\/2019\/07\/E5A7E7A8-D0AF-4658-82BE-434BDFB43B6D.jpeg 960w, http:\/\/aeroclub-abbeville.fr\/wp-content\/uploads\/2019\/07\/E5A7E7A8-D0AF-4658-82BE-434BDFB43B6D-480x233.jpeg 480w, http:\/\/aeroclub-abbeville.fr\/wp-content\/uploads\/2019\/07\/E5A7E7A8-D0AF-4658-82BE-434BDFB43B6D-768x373.jpeg 768w, http:\/\/aeroclub-abbeville.fr\/wp-content\/uploads\/2019\/07\/E5A7E7A8-D0AF-4658-82BE-434BDFB43B6D-624x303.jpeg 624w\" sizes=\"(max-width: 480px) 100vw, 480px\" \/><figcaption>Vue de l\u00e0-haut !<\/figcaption><\/figure><\/div>\n\n\n\n<p style=\"text-align:center\">Cet ann\u00e9e, 11 \u00e9l\u00e8ves-pilotes sont inscrits, accompagn\u00e9s de leurs instructeurs, leurs remorqueurs et de tous les Planeurs du club.<\/p>\n\n\n\n<div class=\"wp-block-image\"><figure class=\"aligncenter is-resized\"><img decoding=\"async\" src=\"http:\/\/aeroclub-abbeville.fr\/wp-content\/uploads\/2019\/07\/68A6CB86-11BF-4BFD-B419-C4CF9E78466C-1024x1024.jpeg\" alt=\"\" class=\"wp-image-2401\" width=\"512\" height=\"512\" srcset=\"http:\/\/aeroclub-abbeville.fr\/wp-content\/uploads\/2019\/07\/68A6CB86-11BF-4BFD-B419-C4CF9E78466C-1024x1024.jpeg 1024w, http:\/\/aeroclub-abbeville.fr\/wp-content\/uploads\/2019\/07\/68A6CB86-11BF-4BFD-B419-C4CF9E78466C-150x150.jpeg 150w, http:\/\/aeroclub-abbeville.fr\/wp-content\/uploads\/2019\/07\/68A6CB86-11BF-4BFD-B419-C4CF9E78466C-480x480.jpeg 480w, http:\/\/aeroclub-abbeville.fr\/wp-content\/uploads\/2019\/07\/68A6CB86-11BF-4BFD-B419-C4CF9E78466C-768x768.jpeg 768w, http:\/\/aeroclub-abbeville.fr\/wp-content\/uploads\/2019\/07\/68A6CB86-11BF-4BFD-B419-C4CF9E78466C-624x624.jpeg 624w, http:\/\/aeroclub-abbeville.fr\/wp-content\/uploads\/2019\/07\/68A6CB86-11BF-4BFD-B419-C4CF9E78466C.jpeg 1152w\" sizes=\"(max-width: 512px) 100vw, 512px\" \/><figcaption>\u00c0 l\u2019aube, dans l\u2019Aube !<\/figcaption><\/figure><\/div>\n\n\n\n<div class=\"wp-block-image\"><figure class=\"aligncenter is-resized\"><img loading=\"lazy\" decoding=\"async\" src=\"http:\/\/aeroclub-abbeville.fr\/wp-content\/uploads\/2019\/07\/A72B5734-51B7-4D13-B144-CA7E6E6AC79F-1024x576.jpeg\" alt=\"\" class=\"wp-image-2402\" width=\"512\" height=\"288\" srcset=\"http:\/\/aeroclub-abbeville.fr\/wp-content\/uploads\/2019\/07\/A72B5734-51B7-4D13-B144-CA7E6E6AC79F-1024x576.jpeg 1024w, http:\/\/aeroclub-abbeville.fr\/wp-content\/uploads\/2019\/07\/A72B5734-51B7-4D13-B144-CA7E6E6AC79F-480x270.jpeg 480w, http:\/\/aeroclub-abbeville.fr\/wp-content\/uploads\/2019\/07\/A72B5734-51B7-4D13-B144-CA7E6E6AC79F-768x432.jpeg 768w, http:\/\/aeroclub-abbeville.fr\/wp-content\/uploads\/2019\/07\/A72B5734-51B7-4D13-B144-CA7E6E6AC79F-624x351.jpeg 624w, http:\/\/aeroclub-abbeville.fr\/wp-content\/uploads\/2019\/07\/A72B5734-51B7-4D13-B144-CA7E6E6AC79F.jpeg 2048w\" sizes=\"(max-width: 512px) 100vw, 512px\" \/><figcaption>ASK13 \u00e0 l\u2019atterrissage ! <\/figcaption><\/figure><\/div>\n\n\n\n<p style=\"text-align:center\">Encore un stage de Planeur,<br> \u00ab La t\u00eate en l\u2019air \u00bb !!!!<br> J\u2019adooooooore  !!!!!<\/p>\n\n\n\n<div class=\"wp-block-image\"><figure class=\"aligncenter is-resized\"><img loading=\"lazy\" decoding=\"async\" src=\"http:\/\/aeroclub-abbeville.fr\/wp-content\/uploads\/2019\/07\/7E3CBF0B-6DB1-42CB-B9BC-EA4ECD6B476D.jpeg\" alt=\"\" class=\"wp-image-2403\" width=\"480\" height=\"360\" srcset=\"http:\/\/aeroclub-abbeville.fr\/wp-content\/uploads\/2019\/07\/7E3CBF0B-6DB1-42CB-B9BC-EA4ECD6B476D.jpeg 960w, http:\/\/aeroclub-abbeville.fr\/wp-content\/uploads\/2019\/07\/7E3CBF0B-6DB1-42CB-B9BC-EA4ECD6B476D-480x360.jpeg 480w, http:\/\/aeroclub-abbeville.fr\/wp-content\/uploads\/2019\/07\/7E3CBF0B-6DB1-42CB-B9BC-EA4ECD6B476D-768x576.jpeg 768w, http:\/\/aeroclub-abbeville.fr\/wp-content\/uploads\/2019\/07\/7E3CBF0B-6DB1-42CB-B9BC-EA4ECD6B476D-624x468.jpeg 624w\" sizes=\"(max-width: 480px) 100vw, 480px\" \/><figcaption>Cours sp\u00e9cial pour aveugles, malvoyants et vols de nuit !!!!<\/figcaption><\/figure><\/div>\n\n\n\n<div class=\"wp-block-image\"><figure class=\"aligncenter is-resized\"><img loading=\"lazy\" decoding=\"async\" src=\"http:\/\/aeroclub-abbeville.fr\/wp-content\/uploads\/2019\/07\/69DA9BBA-4415-415C-8622-5B07FE04EED3-1024x768.jpeg\" alt=\"\" class=\"wp-image-2404\" width=\"512\" height=\"384\" srcset=\"http:\/\/aeroclub-abbeville.fr\/wp-content\/uploads\/2019\/07\/69DA9BBA-4415-415C-8622-5B07FE04EED3-1024x768.jpeg 1024w, http:\/\/aeroclub-abbeville.fr\/wp-content\/uploads\/2019\/07\/69DA9BBA-4415-415C-8622-5B07FE04EED3-480x360.jpeg 480w, http:\/\/aeroclub-abbeville.fr\/wp-content\/uploads\/2019\/07\/69DA9BBA-4415-415C-8622-5B07FE04EED3-768x576.jpeg 768w, http:\/\/aeroclub-abbeville.fr\/wp-content\/uploads\/2019\/07\/69DA9BBA-4415-415C-8622-5B07FE04EED3-624x468.jpeg 624w, http:\/\/aeroclub-abbeville.fr\/wp-content\/uploads\/2019\/07\/69DA9BBA-4415-415C-8622-5B07FE04EED3.jpeg 1728w\" sizes=\"(max-width: 512px) 100vw, 512px\" \/><figcaption>Mathieu et Suzanne pour un repos bien m\u00e9rit\u00e9 ! <\/figcaption><\/figure><\/div>\n\n\n\n<div class=\"wp-block-image\"><figure class=\"aligncenter is-resized\"><img loading=\"lazy\" decoding=\"async\" src=\"http:\/\/aeroclub-abbeville.fr\/wp-content\/uploads\/2019\/07\/22FA18C8-1576-4547-B49A-38F96DE61365.jpeg\" alt=\"\" class=\"wp-image-2405\" width=\"360\" height=\"480\" srcset=\"http:\/\/aeroclub-abbeville.fr\/wp-content\/uploads\/2019\/07\/22FA18C8-1576-4547-B49A-38F96DE61365.jpeg 720w, http:\/\/aeroclub-abbeville.fr\/wp-content\/uploads\/2019\/07\/22FA18C8-1576-4547-B49A-38F96DE61365-360x480.jpeg 360w, http:\/\/aeroclub-abbeville.fr\/wp-content\/uploads\/2019\/07\/22FA18C8-1576-4547-B49A-38F96DE61365-624x832.jpeg 624w\" sizes=\"(max-width: 360px) 100vw, 360px\" \/><figcaption>La tabl\u00e9e des grands soirs !<\/figcaption><\/figure><\/div>\n\n\n\n<p style=\"text-align:center\">Cr\u00e9dit photos : Jean Paul Rozoy, Suzanne Caudrelier et Fran\u00e7oise Sockeel<\/p>\n\n\n\n<p style=\"text-align:center\">A tr\u00e8s bient\u00f4t pour de nouvelles aventures !<\/p>\n\n\n\n<p style=\"text-align:center\">Francoise Sockeel <\/p>\n","protected":false},"excerpt":{"rendered":"<p>10 Juillet 2019 Du 13 au 28 juillet 2019 \u00ab La guerre de Troyes n\u2019aura pas lieu ! \u00bb Hom\u00e8re , Achille, , Agamemnon, Peuvent aller se rhabiller, Parce que c\u2019est avec tous les copains, Que nous allons y planer !!! D\u00e9part dans 2 jours ! La section Vol en Planeur de l\u2019a\u00e9roclub se pr\u00e9pare, [&hellip;]<\/p>\n","protected":false},"author":211,"featured_media":0,"comment_status":"open","ping_status":"closed","sticky":false,"template":"","format":"standard","meta":{"inline_featured_image":false,"footnotes":""},"categories":[20,3,6,8,13,18,19,31],"tags":[],"class_list":["post-2398","post","type-post","status-publish","format-standard","hentry","category-actualites","category-club","category-formation","category-formation_planeur","category-planeur","category-vie-du-club","category-vol-a-voile","category-voyages"],"_links":{"self":[{"href":"http:\/\/aeroclub-abbeville.fr\/index.php?rest_route=\/wp\/v2\/posts\/2398","targetHints":{"allow":["GET"]}}],"collection":[{"href":"http:\/\/aeroclub-abbeville.fr\/index.php?rest_route=\/wp\/v2\/posts"}],"about":[{"href":"http:\/\/aeroclub-abbeville.fr\/index.php?rest_route=\/wp\/v2\/types\/post"}],"author":[{"embeddable":true,"href":"http:\/\/aeroclub-abbeville.fr\/index.php?rest_route=\/wp\/v2\/users\/211"}],"replies":[{"embeddable":true,"href":"http:\/\/aeroclub-abbeville.fr\/index.php?rest_route=%2Fwp%2Fv2%2Fcomments&post=2398"}],"version-history":[{"count":12,"href":"http:\/\/aeroclub-abbeville.fr\/index.php?rest_route=\/wp\/v2\/posts\/2398\/revisions"}],"predecessor-version":[{"id":2423,"href":"http:\/\/aeroclub-abbeville.fr\/index.php?rest_route=\/wp\/v2\/posts\/2398\/revisions\/2423"}],"wp:attachment":[{"href":"http:\/\/aeroclub-abbeville.fr\/index.php?rest_route=%2Fwp%2Fv2%2Fmedia&parent=2398"}],"wp:term":[{"taxonomy":"category","embeddable":true,"href":"http:\/\/aeroclub-abbeville.fr\/index.php?rest_route=%2Fwp%2Fv2%2Fcategories&post=2398"},{"taxonomy":"post_tag","embeddable":true,"href":"http:\/\/aeroclub-abbeville.fr\/index.php?rest_route=%2Fwp%2Fv2%2Ftags&post=2398"}],"curies":[{"name":"wp","href":"https:\/\/api.w.org\/{rel}","templated":true}]}}