{"id":2430,"date":"2019-07-13T13:20:22","date_gmt":"2019-07-13T12:20:22","guid":{"rendered":"http:\/\/aeroclub-abbeville.fr\/?p=2430"},"modified":"2019-07-13T13:22:37","modified_gmt":"2019-07-13T12:22:37","slug":"ca-y-est-on-est-arrives-on-est-la-on-y-va","status":"publish","type":"post","link":"http:\/\/aeroclub-abbeville.fr\/?p=2430","title":{"rendered":"\u00c7a y est ! On est arriv\u00e9s ! On est l\u00e0, on y va !"},"content":{"rendered":"\n<p>13 juillet 2019<\/p>\n\n\n\n<div class=\"wp-block-image\"><figure class=\"aligncenter is-resized\"><img fetchpriority=\"high\" decoding=\"async\" src=\"http:\/\/aeroclub-abbeville.fr\/wp-content\/uploads\/2019\/07\/39265362-5C5B-440E-A1C7-0E93C25F71BE-1024x765.jpeg\" alt=\"\" class=\"wp-image-2432\" width=\"512\" height=\"383\" srcset=\"http:\/\/aeroclub-abbeville.fr\/wp-content\/uploads\/2019\/07\/39265362-5C5B-440E-A1C7-0E93C25F71BE-1024x765.jpeg 1024w, http:\/\/aeroclub-abbeville.fr\/wp-content\/uploads\/2019\/07\/39265362-5C5B-440E-A1C7-0E93C25F71BE-480x359.jpeg 480w, http:\/\/aeroclub-abbeville.fr\/wp-content\/uploads\/2019\/07\/39265362-5C5B-440E-A1C7-0E93C25F71BE-768x574.jpeg 768w, http:\/\/aeroclub-abbeville.fr\/wp-content\/uploads\/2019\/07\/39265362-5C5B-440E-A1C7-0E93C25F71BE-624x466.jpeg 624w\" sizes=\"(max-width: 512px) 100vw, 512px\" \/><figcaption>Le Duodiscus est arriv\u00e9 par les airs !<\/figcaption><\/figure><\/div>\n\n\n\n<p style=\"text-align:center\">Ce matin, tout le monde se rejoint ! Pr\u00eats de bonne heure pour remonter les Planeurs !<\/p>\n\n\n\n<ul class=\"wp-block-gallery aligncenter columns-3 is-cropped wp-block-gallery-1 is-layout-flex wp-block-gallery-is-layout-flex\"><li class=\"blocks-gallery-item\"><figure><img decoding=\"async\" width=\"1024\" height=\"765\" src=\"http:\/\/aeroclub-abbeville.fr\/wp-content\/uploads\/2019\/07\/153A438F-4B2B-4350-AE93-98D7D79DF704-1024x765.jpeg\" alt=\"\" data-id=\"2435\" data-link=\"http:\/\/aeroclub-abbeville.fr\/?attachment_id=2435\" class=\"wp-image-2435\" srcset=\"http:\/\/aeroclub-abbeville.fr\/wp-content\/uploads\/2019\/07\/153A438F-4B2B-4350-AE93-98D7D79DF704-1024x765.jpeg 1024w, http:\/\/aeroclub-abbeville.fr\/wp-content\/uploads\/2019\/07\/153A438F-4B2B-4350-AE93-98D7D79DF704-480x359.jpeg 480w, http:\/\/aeroclub-abbeville.fr\/wp-content\/uploads\/2019\/07\/153A438F-4B2B-4350-AE93-98D7D79DF704-768x574.jpeg 768w, http:\/\/aeroclub-abbeville.fr\/wp-content\/uploads\/2019\/07\/153A438F-4B2B-4350-AE93-98D7D79DF704-624x466.jpeg 624w\" sizes=\"(max-width: 1024px) 100vw, 1024px\" \/><\/figure><\/li><li class=\"blocks-gallery-item\"><figure><img decoding=\"async\" width=\"1024\" height=\"765\" src=\"http:\/\/aeroclub-abbeville.fr\/wp-content\/uploads\/2019\/07\/CBB13C8C-5B34-48C3-9072-070386BFC940-1024x765.jpeg\" alt=\"\" data-id=\"2436\" data-link=\"http:\/\/aeroclub-abbeville.fr\/?attachment_id=2436\" class=\"wp-image-2436\" srcset=\"http:\/\/aeroclub-abbeville.fr\/wp-content\/uploads\/2019\/07\/CBB13C8C-5B34-48C3-9072-070386BFC940-1024x765.jpeg 1024w, http:\/\/aeroclub-abbeville.fr\/wp-content\/uploads\/2019\/07\/CBB13C8C-5B34-48C3-9072-070386BFC940-480x359.jpeg 480w, http:\/\/aeroclub-abbeville.fr\/wp-content\/uploads\/2019\/07\/CBB13C8C-5B34-48C3-9072-070386BFC940-768x574.jpeg 768w, http:\/\/aeroclub-abbeville.fr\/wp-content\/uploads\/2019\/07\/CBB13C8C-5B34-48C3-9072-070386BFC940-624x466.jpeg 624w\" sizes=\"(max-width: 1024px) 100vw, 1024px\" \/><\/figure><\/li><li class=\"blocks-gallery-item\"><figure><img loading=\"lazy\" decoding=\"async\" width=\"1024\" height=\"765\" src=\"http:\/\/aeroclub-abbeville.fr\/wp-content\/uploads\/2019\/07\/4F836DB5-B022-436E-869B-F3C133DDBE47-1024x765.jpeg\" alt=\"\" data-id=\"2437\" data-link=\"http:\/\/aeroclub-abbeville.fr\/?attachment_id=2437\" class=\"wp-image-2437\" srcset=\"http:\/\/aeroclub-abbeville.fr\/wp-content\/uploads\/2019\/07\/4F836DB5-B022-436E-869B-F3C133DDBE47-1024x765.jpeg 1024w, http:\/\/aeroclub-abbeville.fr\/wp-content\/uploads\/2019\/07\/4F836DB5-B022-436E-869B-F3C133DDBE47-480x359.jpeg 480w, http:\/\/aeroclub-abbeville.fr\/wp-content\/uploads\/2019\/07\/4F836DB5-B022-436E-869B-F3C133DDBE47-768x574.jpeg 768w, http:\/\/aeroclub-abbeville.fr\/wp-content\/uploads\/2019\/07\/4F836DB5-B022-436E-869B-F3C133DDBE47-624x466.jpeg 624w\" sizes=\"(max-width: 1024px) 100vw, 1024px\" \/><\/figure><\/li><li class=\"blocks-gallery-item\"><figure><img loading=\"lazy\" decoding=\"async\" width=\"1024\" height=\"765\" src=\"http:\/\/aeroclub-abbeville.fr\/wp-content\/uploads\/2019\/07\/889DB948-BE27-4459-A476-A3AF539DFC49-1024x765.jpeg\" alt=\"\" data-id=\"2438\" data-link=\"http:\/\/aeroclub-abbeville.fr\/?attachment_id=2438\" class=\"wp-image-2438\" srcset=\"http:\/\/aeroclub-abbeville.fr\/wp-content\/uploads\/2019\/07\/889DB948-BE27-4459-A476-A3AF539DFC49-1024x765.jpeg 1024w, http:\/\/aeroclub-abbeville.fr\/wp-content\/uploads\/2019\/07\/889DB948-BE27-4459-A476-A3AF539DFC49-480x359.jpeg 480w, http:\/\/aeroclub-abbeville.fr\/wp-content\/uploads\/2019\/07\/889DB948-BE27-4459-A476-A3AF539DFC49-768x574.jpeg 768w, http:\/\/aeroclub-abbeville.fr\/wp-content\/uploads\/2019\/07\/889DB948-BE27-4459-A476-A3AF539DFC49-624x466.jpeg 624w\" sizes=\"(max-width: 1024px) 100vw, 1024px\" \/><\/figure><\/li><\/ul>\n\n\n\n<p style=\"text-align:center\">Tous les pros sont au boulot ! Les remorqueurs sont d\u00e9j\u00e0 en piste pour les premiers vols !<\/p>\n\n\n\n<div class=\"wp-block-image\"><figure class=\"aligncenter\"><img loading=\"lazy\" decoding=\"async\" width=\"1024\" height=\"765\" src=\"http:\/\/aeroclub-abbeville.fr\/wp-content\/uploads\/2019\/07\/E6A16382-EA22-499C-9785-F6F2132CC4BF-1024x765.jpeg\" alt=\"\" class=\"wp-image-2440\" srcset=\"http:\/\/aeroclub-abbeville.fr\/wp-content\/uploads\/2019\/07\/E6A16382-EA22-499C-9785-F6F2132CC4BF-1024x765.jpeg 1024w, http:\/\/aeroclub-abbeville.fr\/wp-content\/uploads\/2019\/07\/E6A16382-EA22-499C-9785-F6F2132CC4BF-480x359.jpeg 480w, http:\/\/aeroclub-abbeville.fr\/wp-content\/uploads\/2019\/07\/E6A16382-EA22-499C-9785-F6F2132CC4BF-768x574.jpeg 768w, http:\/\/aeroclub-abbeville.fr\/wp-content\/uploads\/2019\/07\/E6A16382-EA22-499C-9785-F6F2132CC4BF-624x466.jpeg 624w\" sizes=\"(max-width: 1024px) 100vw, 1024px\" \/><figcaption>Fran\u00e7ois dans le Dynamic du club, pr\u00eat pour le remorquage !!!!!<\/figcaption><\/figure><\/div>\n\n\n\n<p style=\"text-align:center\">La logistique du groupe se met en place ! Tout s\u2019organise au top !!!!!!<\/p>\n\n\n\n<ul class=\"wp-block-gallery aligncenter columns-3 is-cropped wp-block-gallery-2 is-layout-flex wp-block-gallery-is-layout-flex\"><li class=\"blocks-gallery-item\"><figure><img loading=\"lazy\" decoding=\"async\" width=\"1024\" height=\"765\" src=\"http:\/\/aeroclub-abbeville.fr\/wp-content\/uploads\/2019\/07\/85518EF7-27DD-401F-ACBA-D5DAB5FF0A44-1024x765.jpeg\" alt=\"\" data-id=\"2442\" data-link=\"http:\/\/aeroclub-abbeville.fr\/?attachment_id=2442\" class=\"wp-image-2442\" srcset=\"http:\/\/aeroclub-abbeville.fr\/wp-content\/uploads\/2019\/07\/85518EF7-27DD-401F-ACBA-D5DAB5FF0A44-1024x765.jpeg 1024w, http:\/\/aeroclub-abbeville.fr\/wp-content\/uploads\/2019\/07\/85518EF7-27DD-401F-ACBA-D5DAB5FF0A44-480x359.jpeg 480w, http:\/\/aeroclub-abbeville.fr\/wp-content\/uploads\/2019\/07\/85518EF7-27DD-401F-ACBA-D5DAB5FF0A44-768x574.jpeg 768w, http:\/\/aeroclub-abbeville.fr\/wp-content\/uploads\/2019\/07\/85518EF7-27DD-401F-ACBA-D5DAB5FF0A44-624x466.jpeg 624w\" sizes=\"(max-width: 1024px) 100vw, 1024px\" \/><\/figure><\/li><li class=\"blocks-gallery-item\"><figure><img loading=\"lazy\" decoding=\"async\" width=\"1024\" height=\"765\" src=\"http:\/\/aeroclub-abbeville.fr\/wp-content\/uploads\/2019\/07\/00BA4E5D-2C58-4995-98C3-691F44329909-1024x765.jpeg\" alt=\"\" data-id=\"2443\" data-link=\"http:\/\/aeroclub-abbeville.fr\/?attachment_id=2443\" class=\"wp-image-2443\" srcset=\"http:\/\/aeroclub-abbeville.fr\/wp-content\/uploads\/2019\/07\/00BA4E5D-2C58-4995-98C3-691F44329909-1024x765.jpeg 1024w, http:\/\/aeroclub-abbeville.fr\/wp-content\/uploads\/2019\/07\/00BA4E5D-2C58-4995-98C3-691F44329909-480x359.jpeg 480w, http:\/\/aeroclub-abbeville.fr\/wp-content\/uploads\/2019\/07\/00BA4E5D-2C58-4995-98C3-691F44329909-768x574.jpeg 768w, http:\/\/aeroclub-abbeville.fr\/wp-content\/uploads\/2019\/07\/00BA4E5D-2C58-4995-98C3-691F44329909-624x466.jpeg 624w\" sizes=\"(max-width: 1024px) 100vw, 1024px\" \/><\/figure><\/li><li class=\"blocks-gallery-item\"><figure><img loading=\"lazy\" decoding=\"async\" width=\"1024\" height=\"765\" src=\"http:\/\/aeroclub-abbeville.fr\/wp-content\/uploads\/2019\/07\/FD543072-F6FD-4713-9042-9D3DE5998720-1024x765.jpeg\" alt=\"\" data-id=\"2444\" data-link=\"http:\/\/aeroclub-abbeville.fr\/?attachment_id=2444\" class=\"wp-image-2444\" srcset=\"http:\/\/aeroclub-abbeville.fr\/wp-content\/uploads\/2019\/07\/FD543072-F6FD-4713-9042-9D3DE5998720-1024x765.jpeg 1024w, http:\/\/aeroclub-abbeville.fr\/wp-content\/uploads\/2019\/07\/FD543072-F6FD-4713-9042-9D3DE5998720-480x359.jpeg 480w, http:\/\/aeroclub-abbeville.fr\/wp-content\/uploads\/2019\/07\/FD543072-F6FD-4713-9042-9D3DE5998720-768x574.jpeg 768w, http:\/\/aeroclub-abbeville.fr\/wp-content\/uploads\/2019\/07\/FD543072-F6FD-4713-9042-9D3DE5998720-624x466.jpeg 624w\" sizes=\"(max-width: 1024px) 100vw, 1024px\" \/><\/figure><\/li><li class=\"blocks-gallery-item\"><figure><img loading=\"lazy\" decoding=\"async\" width=\"1024\" height=\"765\" src=\"http:\/\/aeroclub-abbeville.fr\/wp-content\/uploads\/2019\/07\/D0CB9D45-3197-4ABC-92DE-6AD5BFC033A6-1024x765.jpeg\" alt=\"\" data-id=\"2446\" data-link=\"http:\/\/aeroclub-abbeville.fr\/?attachment_id=2446\" class=\"wp-image-2446\" srcset=\"http:\/\/aeroclub-abbeville.fr\/wp-content\/uploads\/2019\/07\/D0CB9D45-3197-4ABC-92DE-6AD5BFC033A6-1024x765.jpeg 1024w, http:\/\/aeroclub-abbeville.fr\/wp-content\/uploads\/2019\/07\/D0CB9D45-3197-4ABC-92DE-6AD5BFC033A6-480x359.jpeg 480w, http:\/\/aeroclub-abbeville.fr\/wp-content\/uploads\/2019\/07\/D0CB9D45-3197-4ABC-92DE-6AD5BFC033A6-768x574.jpeg 768w, http:\/\/aeroclub-abbeville.fr\/wp-content\/uploads\/2019\/07\/D0CB9D45-3197-4ABC-92DE-6AD5BFC033A6-624x466.jpeg 624w\" sizes=\"(max-width: 1024px) 100vw, 1024px\" \/><\/figure><\/li><\/ul>\n\n\n\n<p style=\"text-align:center\">M\u00eame les copains Troyens se joignent \u00e0 nous pour le coup de main !<\/p>\n\n\n\n<div class=\"wp-block-image\"><figure class=\"aligncenter\"><img loading=\"lazy\" decoding=\"async\" width=\"1024\" height=\"765\" src=\"http:\/\/aeroclub-abbeville.fr\/wp-content\/uploads\/2019\/07\/B144C52F-DD8D-4B5F-B47F-3E957A98B1A4-1024x765.jpeg\" alt=\"\" class=\"wp-image-2447\" srcset=\"http:\/\/aeroclub-abbeville.fr\/wp-content\/uploads\/2019\/07\/B144C52F-DD8D-4B5F-B47F-3E957A98B1A4-1024x765.jpeg 1024w, http:\/\/aeroclub-abbeville.fr\/wp-content\/uploads\/2019\/07\/B144C52F-DD8D-4B5F-B47F-3E957A98B1A4-480x359.jpeg 480w, http:\/\/aeroclub-abbeville.fr\/wp-content\/uploads\/2019\/07\/B144C52F-DD8D-4B5F-B47F-3E957A98B1A4-768x574.jpeg 768w, http:\/\/aeroclub-abbeville.fr\/wp-content\/uploads\/2019\/07\/B144C52F-DD8D-4B5F-B47F-3E957A98B1A4-624x466.jpeg 624w\" sizes=\"(max-width: 1024px) 100vw, 1024px\" \/><\/figure><\/div>\n\n\n\n<p style=\"text-align:center\">\u00c0 bient\u00f4t pour de nouvelles aventures !<\/p>\n\n\n\n<p style=\"text-align:center\">Fran\u00e7oise Sockeel <\/p>\n","protected":false},"excerpt":{"rendered":"<p>13 juillet 2019 Ce matin, tout le monde se rejoint ! Pr\u00eats de bonne heure pour remonter les Planeurs ! Tous les pros sont au boulot ! Les remorqueurs sont d\u00e9j\u00e0 en piste pour les premiers vols ! La logistique du groupe se met en place ! Tout s\u2019organise au top !!!!!! M\u00eame les copains [&hellip;]<\/p>\n","protected":false},"author":211,"featured_media":0,"comment_status":"open","ping_status":"closed","sticky":false,"template":"","format":"standard","meta":{"inline_featured_image":false,"footnotes":""},"categories":[20,3,6,8,11,13,18,19,31],"tags":[],"class_list":["post-2430","post","type-post","status-publish","format-standard","hentry","category-actualites","category-club","category-formation","category-formation_planeur","category-manifestations","category-planeur","category-vie-du-club","category-vol-a-voile","category-voyages"],"_links":{"self":[{"href":"http:\/\/aeroclub-abbeville.fr\/index.php?rest_route=\/wp\/v2\/posts\/2430","targetHints":{"allow":["GET"]}}],"collection":[{"href":"http:\/\/aeroclub-abbeville.fr\/index.php?rest_route=\/wp\/v2\/posts"}],"about":[{"href":"http:\/\/aeroclub-abbeville.fr\/index.php?rest_route=\/wp\/v2\/types\/post"}],"author":[{"embeddable":true,"href":"http:\/\/aeroclub-abbeville.fr\/index.php?rest_route=\/wp\/v2\/users\/211"}],"replies":[{"embeddable":true,"href":"http:\/\/aeroclub-abbeville.fr\/index.php?rest_route=%2Fwp%2Fv2%2Fcomments&post=2430"}],"version-history":[{"count":6,"href":"http:\/\/aeroclub-abbeville.fr\/index.php?rest_route=\/wp\/v2\/posts\/2430\/revisions"}],"predecessor-version":[{"id":2450,"href":"http:\/\/aeroclub-abbeville.fr\/index.php?rest_route=\/wp\/v2\/posts\/2430\/revisions\/2450"}],"wp:attachment":[{"href":"http:\/\/aeroclub-abbeville.fr\/index.php?rest_route=%2Fwp%2Fv2%2Fmedia&parent=2430"}],"wp:term":[{"taxonomy":"category","embeddable":true,"href":"http:\/\/aeroclub-abbeville.fr\/index.php?rest_route=%2Fwp%2Fv2%2Fcategories&post=2430"},{"taxonomy":"post_tag","embeddable":true,"href":"http:\/\/aeroclub-abbeville.fr\/index.php?rest_route=%2Fwp%2Fv2%2Ftags&post=2430"}],"curies":[{"name":"wp","href":"https:\/\/api.w.org\/{rel}","templated":true}]}}