{"id":244,"date":"2013-05-19T17:23:21","date_gmt":"2013-05-19T16:23:21","guid":{"rendered":"http:\/\/web.aeroclub-abbeville.fr\/aeroclub\/?p=244"},"modified":"2013-05-19T17:23:21","modified_gmt":"2013-05-19T16:23:21","slug":"sortie-au-lycee-saint-pierre","status":"publish","type":"post","link":"http:\/\/aeroclub-abbeville.fr\/?p=244","title":{"rendered":"Sortie au lyc\u00e9e Saint-Pierre"},"content":{"rendered":"<p>Premi\u00e8re sortie du simulateur et des panneaux vu du ciel au Lyc\u00e9e Saint-Pierre d&rsquo;ABBEVILLE pour le forum des m\u00e9tiers !<\/p>\n<p>Beaucoup de visite, esp\u00e9rons que de nombreux jeunes s&rsquo;orienteront vers l&rsquo;aviation\u2026<\/p>\n<p>Merci aux jeunes Lucas Bayart et Paul-Edouard Thevenin-Lebran d&rsquo;avoir mis en avant le plaisir de l&rsquo;a\u00e9ronautique<br \/>\n<a title=\"img_3735.jpg\" href=\"http:\/\/wiki.aeroclub-abbeville.fr\/lib\/exe\/detail.php\/img_3735.jpg?id=Accueil\"><img decoding=\"async\" class=\"aligncenter\" alt=\"\" src=\"http:\/\/wiki.aeroclub-abbeville.fr\/lib\/exe\/fetch.php\/img_3735.jpg?w=400\" width=\"400\" \/><\/a><\/p>\n","protected":false},"excerpt":{"rendered":"<p>Premi\u00e8re sortie du simulateur et des panneaux vu du ciel au Lyc\u00e9e Saint-Pierre d&rsquo;ABBEVILLE pour le forum des m\u00e9tiers ! Beaucoup de visite, esp\u00e9rons que de nombreux jeunes s&rsquo;orienteront vers l&rsquo;aviation\u2026 Merci aux jeunes Lucas Bayart et Paul-Edouard Thevenin-Lebran d&rsquo;avoir mis en avant le plaisir de l&rsquo;a\u00e9ronautique<\/p>\n","protected":false},"author":67,"featured_media":0,"comment_status":"open","ping_status":"open","sticky":false,"template":"","format":"standard","meta":{"inline_featured_image":false,"footnotes":""},"categories":[22,6,8,13,19],"tags":[],"class_list":["post-244","post","type-post","status-publish","format-standard","hentry","category-bia","category-formation","category-formation_planeur","category-planeur","category-vol-a-voile"],"_links":{"self":[{"href":"http:\/\/aeroclub-abbeville.fr\/index.php?rest_route=\/wp\/v2\/posts\/244","targetHints":{"allow":["GET"]}}],"collection":[{"href":"http:\/\/aeroclub-abbeville.fr\/index.php?rest_route=\/wp\/v2\/posts"}],"about":[{"href":"http:\/\/aeroclub-abbeville.fr\/index.php?rest_route=\/wp\/v2\/types\/post"}],"author":[{"embeddable":true,"href":"http:\/\/aeroclub-abbeville.fr\/index.php?rest_route=\/wp\/v2\/users\/67"}],"replies":[{"embeddable":true,"href":"http:\/\/aeroclub-abbeville.fr\/index.php?rest_route=%2Fwp%2Fv2%2Fcomments&post=244"}],"version-history":[{"count":0,"href":"http:\/\/aeroclub-abbeville.fr\/index.php?rest_route=\/wp\/v2\/posts\/244\/revisions"}],"wp:attachment":[{"href":"http:\/\/aeroclub-abbeville.fr\/index.php?rest_route=%2Fwp%2Fv2%2Fmedia&parent=244"}],"wp:term":[{"taxonomy":"category","embeddable":true,"href":"http:\/\/aeroclub-abbeville.fr\/index.php?rest_route=%2Fwp%2Fv2%2Fcategories&post=244"},{"taxonomy":"post_tag","embeddable":true,"href":"http:\/\/aeroclub-abbeville.fr\/index.php?rest_route=%2Fwp%2Fv2%2Ftags&post=244"}],"curies":[{"name":"wp","href":"https:\/\/api.w.org\/{rel}","templated":true}]}}