{"id":2452,"date":"2019-07-16T13:14:20","date_gmt":"2019-07-16T12:14:20","guid":{"rendered":"http:\/\/aeroclub-abbeville.fr\/?p=2452"},"modified":"2019-07-16T17:28:32","modified_gmt":"2019-07-16T16:28:32","slug":"les-americains-ont-tom-cruise-dans-top-gun-a-abbeville-nous-avons-alexandre-dans-600km-chrono","status":"publish","type":"post","link":"http:\/\/aeroclub-abbeville.fr\/?p=2452","title":{"rendered":"Les Am\u00e9ricains ont Tom Cruise dans \u00ab\u00a0Top Gun\u00a0\u00bb, ! \u00c0 Abbeville, nous avons Alexandre dans \u00ab 600km chrono\u00a0\u00bb\u00a0"},"content":{"rendered":"\n<p>16 Juillet 2019<\/p>\n\n\n\n<p style=\"text-align:center\">Le Mardi 2 juillet 2019, Alexandre Fierain, jeune et talentueux pilote de planeur, vient de vivre 3 moments forts de sa vie ! Dans la m\u00eame semaine, il f\u00eate ses 19 ans, il r\u00e9ussit l\u2019\u00e9preuve du BAC scientifique et il sera le premier jeune pilote \u00e0 enregistrer un circuit de 600km sous la banni\u00e8re de l\u2019a\u00e9roclub !<\/p>\n\n\n\n<div class=\"wp-block-image\"><figure class=\"aligncenter is-resized\"><img fetchpriority=\"high\" decoding=\"async\" src=\"http:\/\/aeroclub-abbeville.fr\/wp-content\/uploads\/2019\/07\/914A5F45-7342-4986-A9B8-09B1C6C1226B.jpeg\" alt=\"\" class=\"wp-image-2456\" width=\"375\" height=\"376\" srcset=\"http:\/\/aeroclub-abbeville.fr\/wp-content\/uploads\/2019\/07\/914A5F45-7342-4986-A9B8-09B1C6C1226B.jpeg 750w, http:\/\/aeroclub-abbeville.fr\/wp-content\/uploads\/2019\/07\/914A5F45-7342-4986-A9B8-09B1C6C1226B-150x150.jpeg 150w, http:\/\/aeroclub-abbeville.fr\/wp-content\/uploads\/2019\/07\/914A5F45-7342-4986-A9B8-09B1C6C1226B-480x480.jpeg 480w, http:\/\/aeroclub-abbeville.fr\/wp-content\/uploads\/2019\/07\/914A5F45-7342-4986-A9B8-09B1C6C1226B-624x625.jpeg 624w\" sizes=\"(max-width: 375px) 100vw, 375px\" \/><\/figure><\/div>\n\n\n\n<p style=\"text-align:center\">Il est vrai qu\u2019Alexandre peut se pr\u00e9valoir de vivre dans une famille de v\u00e9livoles passionn\u00e9s, son p\u00e8re Guillaume et ses deux fr\u00e8res Thomas et Nicolas volent depuis toujours. Lui-m\u00eame, apr\u00e8s avoir fait ses premiers pas sur un terrain d\u2019aviation, a v\u00e9cu son premier bapt\u00eame de l\u2019air en Planeur \u00e0 l\u2019\u00e2ge de 7 ans. Il engrange les riches exp\u00e9riences de v\u00e9livole  : plus jeune pilote de planeur de France en juillet 2016, plus de 500h de vols \u00e0 son actif, l\u00e2ch\u00e9 remorqueur et Pilote d\u2019ULM. Alexandre intensifie toutes les aventures a\u00e9riennes possibles.<\/p>\n\n\n\n<ul class=\"wp-block-gallery aligncenter columns-3 is-cropped wp-block-gallery-1 is-layout-flex wp-block-gallery-is-layout-flex\"><li class=\"blocks-gallery-item\"><figure><img decoding=\"async\" width=\"1024\" height=\"683\" src=\"http:\/\/aeroclub-abbeville.fr\/wp-content\/uploads\/2019\/07\/48E3EB17-C382-4BCC-93B9-AE9BC5206EC0-1024x683.jpeg\" alt=\"\" data-id=\"2454\" class=\"wp-image-2454\" srcset=\"http:\/\/aeroclub-abbeville.fr\/wp-content\/uploads\/2019\/07\/48E3EB17-C382-4BCC-93B9-AE9BC5206EC0-1024x683.jpeg 1024w, http:\/\/aeroclub-abbeville.fr\/wp-content\/uploads\/2019\/07\/48E3EB17-C382-4BCC-93B9-AE9BC5206EC0-480x320.jpeg 480w, http:\/\/aeroclub-abbeville.fr\/wp-content\/uploads\/2019\/07\/48E3EB17-C382-4BCC-93B9-AE9BC5206EC0-768x512.jpeg 768w, http:\/\/aeroclub-abbeville.fr\/wp-content\/uploads\/2019\/07\/48E3EB17-C382-4BCC-93B9-AE9BC5206EC0-624x416.jpeg 624w, http:\/\/aeroclub-abbeville.fr\/wp-content\/uploads\/2019\/07\/48E3EB17-C382-4BCC-93B9-AE9BC5206EC0.jpeg 2048w\" sizes=\"(max-width: 1024px) 100vw, 1024px\" \/><\/figure><\/li><li class=\"blocks-gallery-item\"><figure><img decoding=\"async\" width=\"960\" height=\"960\" src=\"http:\/\/aeroclub-abbeville.fr\/wp-content\/uploads\/2019\/07\/61E1E568-E091-4B5F-964B-F16F09A44B08.jpeg\" alt=\"\" data-id=\"2465\" data-link=\"http:\/\/aeroclub-abbeville.fr\/?attachment_id=2465\" class=\"wp-image-2465\" srcset=\"http:\/\/aeroclub-abbeville.fr\/wp-content\/uploads\/2019\/07\/61E1E568-E091-4B5F-964B-F16F09A44B08.jpeg 960w, http:\/\/aeroclub-abbeville.fr\/wp-content\/uploads\/2019\/07\/61E1E568-E091-4B5F-964B-F16F09A44B08-150x150.jpeg 150w, http:\/\/aeroclub-abbeville.fr\/wp-content\/uploads\/2019\/07\/61E1E568-E091-4B5F-964B-F16F09A44B08-480x480.jpeg 480w, http:\/\/aeroclub-abbeville.fr\/wp-content\/uploads\/2019\/07\/61E1E568-E091-4B5F-964B-F16F09A44B08-768x768.jpeg 768w, http:\/\/aeroclub-abbeville.fr\/wp-content\/uploads\/2019\/07\/61E1E568-E091-4B5F-964B-F16F09A44B08-624x624.jpeg 624w\" sizes=\"(max-width: 960px) 100vw, 960px\" \/><\/figure><\/li><li class=\"blocks-gallery-item\"><figure><img loading=\"lazy\" decoding=\"async\" width=\"960\" height=\"840\" src=\"http:\/\/aeroclub-abbeville.fr\/wp-content\/uploads\/2019\/07\/B883D392-6245-4ADB-8FC1-5F9E3FED357B.jpeg\" alt=\"\" data-id=\"2466\" data-link=\"http:\/\/aeroclub-abbeville.fr\/?attachment_id=2466\" class=\"wp-image-2466\" srcset=\"http:\/\/aeroclub-abbeville.fr\/wp-content\/uploads\/2019\/07\/B883D392-6245-4ADB-8FC1-5F9E3FED357B.jpeg 960w, http:\/\/aeroclub-abbeville.fr\/wp-content\/uploads\/2019\/07\/B883D392-6245-4ADB-8FC1-5F9E3FED357B-480x420.jpeg 480w, http:\/\/aeroclub-abbeville.fr\/wp-content\/uploads\/2019\/07\/B883D392-6245-4ADB-8FC1-5F9E3FED357B-768x672.jpeg 768w, http:\/\/aeroclub-abbeville.fr\/wp-content\/uploads\/2019\/07\/B883D392-6245-4ADB-8FC1-5F9E3FED357B-624x546.jpeg 624w\" sizes=\"(max-width: 960px) 100vw, 960px\" \/><\/figure><\/li><li class=\"blocks-gallery-item\"><figure><img loading=\"lazy\" decoding=\"async\" width=\"1024\" height=\"581\" src=\"http:\/\/aeroclub-abbeville.fr\/wp-content\/uploads\/2019\/07\/23A6B97D-7764-42EF-BB9C-78370FFB42F4-1024x581.jpeg\" alt=\"\" data-id=\"2467\" data-link=\"http:\/\/aeroclub-abbeville.fr\/?attachment_id=2467\" class=\"wp-image-2467\" srcset=\"http:\/\/aeroclub-abbeville.fr\/wp-content\/uploads\/2019\/07\/23A6B97D-7764-42EF-BB9C-78370FFB42F4-1024x581.jpeg 1024w, http:\/\/aeroclub-abbeville.fr\/wp-content\/uploads\/2019\/07\/23A6B97D-7764-42EF-BB9C-78370FFB42F4-480x272.jpeg 480w, http:\/\/aeroclub-abbeville.fr\/wp-content\/uploads\/2019\/07\/23A6B97D-7764-42EF-BB9C-78370FFB42F4-768x436.jpeg 768w, http:\/\/aeroclub-abbeville.fr\/wp-content\/uploads\/2019\/07\/23A6B97D-7764-42EF-BB9C-78370FFB42F4-624x354.jpeg 624w, http:\/\/aeroclub-abbeville.fr\/wp-content\/uploads\/2019\/07\/23A6B97D-7764-42EF-BB9C-78370FFB42F4.jpeg 1080w\" sizes=\"(max-width: 1024px) 100vw, 1024px\" \/><\/figure><\/li><\/ul>\n\n\n\n<p style=\"text-align:center\">Ce matin l\u00e0, avec le planeur de son p\u00e8re, l\u2019ASW 20, sur lequel il ne cumule que 30h de vol, sa d\u00e9cision est prise ! Il tente le 600km et d\u00e9cide de partir pour un circuit bien pr\u00e9par\u00e9 : Abbeville-Sedan-Saint Quentin-Hirson-Abbeville ! C\u2019est \u00e0 dire 6h45 de Vol en Planeur, une moyenne de 90km\/h ! Juste apr\u00e8s les \u00e9preuves du BAC, \u00e7a d\u00e9foule ! Il part confiant et motiv\u00e9, seul contre tous ! <\/p>\n\n\n\n<ul class=\"wp-block-gallery aligncenter columns-2 is-cropped wp-block-gallery-2 is-layout-flex wp-block-gallery-is-layout-flex\"><li class=\"blocks-gallery-item\"><figure><img loading=\"lazy\" decoding=\"async\" width=\"720\" height=\"405\" src=\"http:\/\/aeroclub-abbeville.fr\/wp-content\/uploads\/2019\/07\/134F9C23-BDE6-42BF-AC6D-5A7E02443D95.jpeg\" alt=\"\" data-id=\"2499\" data-link=\"http:\/\/aeroclub-abbeville.fr\/?attachment_id=2499\" class=\"wp-image-2499\" srcset=\"http:\/\/aeroclub-abbeville.fr\/wp-content\/uploads\/2019\/07\/134F9C23-BDE6-42BF-AC6D-5A7E02443D95.jpeg 720w, http:\/\/aeroclub-abbeville.fr\/wp-content\/uploads\/2019\/07\/134F9C23-BDE6-42BF-AC6D-5A7E02443D95-480x270.jpeg 480w, http:\/\/aeroclub-abbeville.fr\/wp-content\/uploads\/2019\/07\/134F9C23-BDE6-42BF-AC6D-5A7E02443D95-624x351.jpeg 624w\" sizes=\"(max-width: 720px) 100vw, 720px\" \/><\/figure><\/li><li class=\"blocks-gallery-item\"><figure><img loading=\"lazy\" decoding=\"async\" width=\"720\" height=\"405\" src=\"http:\/\/aeroclub-abbeville.fr\/wp-content\/uploads\/2019\/07\/4AE9ECDB-E499-42B8-B4BB-D62FB70129CB.jpeg\" alt=\"\" data-id=\"2501\" data-link=\"http:\/\/aeroclub-abbeville.fr\/?attachment_id=2501\" class=\"wp-image-2501\" srcset=\"http:\/\/aeroclub-abbeville.fr\/wp-content\/uploads\/2019\/07\/4AE9ECDB-E499-42B8-B4BB-D62FB70129CB.jpeg 720w, http:\/\/aeroclub-abbeville.fr\/wp-content\/uploads\/2019\/07\/4AE9ECDB-E499-42B8-B4BB-D62FB70129CB-480x270.jpeg 480w, http:\/\/aeroclub-abbeville.fr\/wp-content\/uploads\/2019\/07\/4AE9ECDB-E499-42B8-B4BB-D62FB70129CB-624x351.jpeg 624w\" sizes=\"(max-width: 720px) 100vw, 720px\" \/><\/figure><\/li><\/ul>\n\n\n\n<div class=\"wp-block-image\"><figure class=\"aligncenter is-resized\"><img loading=\"lazy\" decoding=\"async\" src=\"http:\/\/aeroclub-abbeville.fr\/wp-content\/uploads\/2019\/07\/73BCD188-A241-4750-8913-DF6F20E05FAC.jpeg\" alt=\"\" class=\"wp-image-2503\" width=\"540\" height=\"304\" srcset=\"http:\/\/aeroclub-abbeville.fr\/wp-content\/uploads\/2019\/07\/73BCD188-A241-4750-8913-DF6F20E05FAC.jpeg 720w, http:\/\/aeroclub-abbeville.fr\/wp-content\/uploads\/2019\/07\/73BCD188-A241-4750-8913-DF6F20E05FAC-480x270.jpeg 480w, http:\/\/aeroclub-abbeville.fr\/wp-content\/uploads\/2019\/07\/73BCD188-A241-4750-8913-DF6F20E05FAC-624x351.jpeg 624w\" sizes=\"(max-width: 540px) 100vw, 540px\" \/><figcaption>D\u00e9part de la Baie de Somme, vu par Alexandre ! <\/figcaption><\/figure><\/div>\n\n\n\n<p style=\"text-align:center\">Alexandre d\u00e9colle \u00e0 11h25, dans l\u00b4ASW20, non ballast\u00e9, avec un remorquage \u00e0 1200m, passe la ligne de d\u00e9part en direction de Sedan \u00e0 1100m, <\/p>\n\n\n\n<ul class=\"wp-block-gallery aligncenter columns-2 is-cropped wp-block-gallery-3 is-layout-flex wp-block-gallery-is-layout-flex\"><li class=\"blocks-gallery-item\"><figure><img loading=\"lazy\" decoding=\"async\" width=\"960\" height=\"540\" src=\"http:\/\/aeroclub-abbeville.fr\/wp-content\/uploads\/2019\/07\/90EB24C2-C938-423E-8239-45A81E7AD22B.jpeg\" alt=\"\" data-id=\"2477\" data-link=\"http:\/\/aeroclub-abbeville.fr\/?attachment_id=2477\" class=\"wp-image-2477\" srcset=\"http:\/\/aeroclub-abbeville.fr\/wp-content\/uploads\/2019\/07\/90EB24C2-C938-423E-8239-45A81E7AD22B.jpeg 960w, http:\/\/aeroclub-abbeville.fr\/wp-content\/uploads\/2019\/07\/90EB24C2-C938-423E-8239-45A81E7AD22B-480x270.jpeg 480w, http:\/\/aeroclub-abbeville.fr\/wp-content\/uploads\/2019\/07\/90EB24C2-C938-423E-8239-45A81E7AD22B-768x432.jpeg 768w, http:\/\/aeroclub-abbeville.fr\/wp-content\/uploads\/2019\/07\/90EB24C2-C938-423E-8239-45A81E7AD22B-624x351.jpeg 624w\" sizes=\"(max-width: 960px) 100vw, 960px\" \/><\/figure><\/li><li class=\"blocks-gallery-item\"><figure><img decoding=\"async\" src=\"http:\/\/aeroclub-abbeville.fr\/wp-content\/uploads\/2019\/07\/2612907E-BAB7-4A49-B79F-660E5BAEE879-1024x576.jpeg\" alt=\"\" data-id=\"2478\" data-link=\"http:\/\/aeroclub-abbeville.fr\/?attachment_id=2478\" class=\"wp-image-2478\"\/><\/figure><\/li><\/ul>\n\n\n\n<div class=\"wp-block-image\"><figure class=\"aligncenter is-resized\"><img loading=\"lazy\" decoding=\"async\" src=\"http:\/\/aeroclub-abbeville.fr\/wp-content\/uploads\/2019\/07\/23E46B28-85FC-45D4-9AFB-37C0765C1951.jpeg\" alt=\"\" class=\"wp-image-2480\" width=\"546\" height=\"450\" srcset=\"http:\/\/aeroclub-abbeville.fr\/wp-content\/uploads\/2019\/07\/23E46B28-85FC-45D4-9AFB-37C0765C1951.jpeg 728w, http:\/\/aeroclub-abbeville.fr\/wp-content\/uploads\/2019\/07\/23E46B28-85FC-45D4-9AFB-37C0765C1951-480x396.jpeg 480w, http:\/\/aeroclub-abbeville.fr\/wp-content\/uploads\/2019\/07\/23E46B28-85FC-45D4-9AFB-37C0765C1951-624x514.jpeg 624w\" sizes=\"(max-width: 546px) 100vw, 546px\" \/><\/figure><\/div>\n\n\n\n<p style=\"text-align:center\">L\u2019analyse M\u00e9t\u00e9o de la veille \u00e9tait bonne. Il suffit maintenant de faire des choix strat\u00e9giques adapt\u00e9s pour effectuer le circuit, le plus vite possible !<\/p>\n\n\n\n<div class=\"wp-block-image\"><figure class=\"aligncenter is-resized\"><img loading=\"lazy\" decoding=\"async\" src=\"http:\/\/aeroclub-abbeville.fr\/wp-content\/uploads\/2019\/07\/8ED07C77-BB88-43E7-9578-7F9BFE07264D-1024x576.jpeg\" alt=\"\" class=\"wp-image-2482\" width=\"512\" height=\"288\" srcset=\"http:\/\/aeroclub-abbeville.fr\/wp-content\/uploads\/2019\/07\/8ED07C77-BB88-43E7-9578-7F9BFE07264D-1024x576.jpeg 1024w, http:\/\/aeroclub-abbeville.fr\/wp-content\/uploads\/2019\/07\/8ED07C77-BB88-43E7-9578-7F9BFE07264D-480x270.jpeg 480w, http:\/\/aeroclub-abbeville.fr\/wp-content\/uploads\/2019\/07\/8ED07C77-BB88-43E7-9578-7F9BFE07264D-768x432.jpeg 768w, http:\/\/aeroclub-abbeville.fr\/wp-content\/uploads\/2019\/07\/8ED07C77-BB88-43E7-9578-7F9BFE07264D-624x351.jpeg 624w, http:\/\/aeroclub-abbeville.fr\/wp-content\/uploads\/2019\/07\/8ED07C77-BB88-43E7-9578-7F9BFE07264D.jpeg 1080w\" sizes=\"(max-width: 512px) 100vw, 512px\" \/><\/figure><\/div>\n\n\n\n<p style=\"text-align:center\">M\u00eame si la m\u00e9t\u00e9o semble moins favorable sur Sedan, le retour par Saint Quentin est possible, \u00ab&nbsp;on y va, on y croit !&nbsp;\u00bb Alexandre est dans les temps pour se rendre \u00e0 Hirson !<\/p>\n\n\n\n<div class=\"wp-block-image\"><figure class=\"aligncenter is-resized\"><img loading=\"lazy\" decoding=\"async\" src=\"http:\/\/aeroclub-abbeville.fr\/wp-content\/uploads\/2019\/07\/726FEFCC-258A-4A1F-AD49-9B0CC135A118-1024x576.jpeg\" alt=\"\" class=\"wp-image-2484\" width=\"512\" height=\"288\" srcset=\"http:\/\/aeroclub-abbeville.fr\/wp-content\/uploads\/2019\/07\/726FEFCC-258A-4A1F-AD49-9B0CC135A118-1024x576.jpeg 1024w, http:\/\/aeroclub-abbeville.fr\/wp-content\/uploads\/2019\/07\/726FEFCC-258A-4A1F-AD49-9B0CC135A118-480x270.jpeg 480w, http:\/\/aeroclub-abbeville.fr\/wp-content\/uploads\/2019\/07\/726FEFCC-258A-4A1F-AD49-9B0CC135A118-768x432.jpeg 768w, http:\/\/aeroclub-abbeville.fr\/wp-content\/uploads\/2019\/07\/726FEFCC-258A-4A1F-AD49-9B0CC135A118-624x351.jpeg 624w, http:\/\/aeroclub-abbeville.fr\/wp-content\/uploads\/2019\/07\/726FEFCC-258A-4A1F-AD49-9B0CC135A118.jpeg 1080w\" sizes=\"(max-width: 512px) 100vw, 512px\" \/><\/figure><\/div>\n\n\n\n<p style=\"text-align:center\">Quelques rues de nuages plus tard, \u00e0 160 km d\u2019Abbeville, il se lance pour la finale, d\u00e9lib\u00e9r\u00e9ment confiant dans la m\u00e9t\u00e9o ! \u00ab&nbsp; Personne ne l\u2019a fait, alors j\u2019y vais !&nbsp;\u00bb<\/p>\n\n\n\n<div class=\"wp-block-image\"><figure class=\"aligncenter is-resized\"><img loading=\"lazy\" decoding=\"async\" src=\"http:\/\/aeroclub-abbeville.fr\/wp-content\/uploads\/2019\/07\/F713611A-9001-49A4-98DA-1255021AE241.jpeg\" alt=\"\" class=\"wp-image-2487\" width=\"480\" height=\"360\" srcset=\"http:\/\/aeroclub-abbeville.fr\/wp-content\/uploads\/2019\/07\/F713611A-9001-49A4-98DA-1255021AE241.jpeg 960w, http:\/\/aeroclub-abbeville.fr\/wp-content\/uploads\/2019\/07\/F713611A-9001-49A4-98DA-1255021AE241-480x360.jpeg 480w, http:\/\/aeroclub-abbeville.fr\/wp-content\/uploads\/2019\/07\/F713611A-9001-49A4-98DA-1255021AE241-768x576.jpeg 768w, http:\/\/aeroclub-abbeville.fr\/wp-content\/uploads\/2019\/07\/F713611A-9001-49A4-98DA-1255021AE241-624x468.jpeg 624w\" sizes=\"(max-width: 480px) 100vw, 480px\" \/><\/figure><\/div>\n\n\n\n<p style=\"text-align:center\">Enfin \u00e0 18h20 heure fatidique, Alexandre passe \u00e0 la verticale d\u2019Abbeville !  Il sera le champion du jour ! <\/p>\n\n\n\n<div class=\"wp-block-image\"><figure class=\"aligncenter is-resized\"><img loading=\"lazy\" decoding=\"async\" src=\"http:\/\/aeroclub-abbeville.fr\/wp-content\/uploads\/2019\/07\/0C882BB4-C4F4-4F1C-A2A1-9BA5C11D36D5.jpeg\" alt=\"\" class=\"wp-image-2494\" width=\"480\" height=\"360\" srcset=\"http:\/\/aeroclub-abbeville.fr\/wp-content\/uploads\/2019\/07\/0C882BB4-C4F4-4F1C-A2A1-9BA5C11D36D5.jpeg 960w, http:\/\/aeroclub-abbeville.fr\/wp-content\/uploads\/2019\/07\/0C882BB4-C4F4-4F1C-A2A1-9BA5C11D36D5-480x360.jpeg 480w, http:\/\/aeroclub-abbeville.fr\/wp-content\/uploads\/2019\/07\/0C882BB4-C4F4-4F1C-A2A1-9BA5C11D36D5-768x576.jpeg 768w, http:\/\/aeroclub-abbeville.fr\/wp-content\/uploads\/2019\/07\/0C882BB4-C4F4-4F1C-A2A1-9BA5C11D36D5-624x468.jpeg 624w\" sizes=\"(max-width: 480px) 100vw, 480px\" \/><figcaption>Coucher de soleil sur la Baie de Somme !<\/figcaption><\/figure><\/div>\n\n\n\n<p style=\"text-align:center\">A bient\u00f4t pour de nouvelles aventures !<\/p>\n\n\n\n<p style=\"text-align:center\">The End !<\/p>\n\n\n\n<p style=\"text-align:center\">Cr\u00e9dit Photos : Alexandre Fierain<\/p>\n\n\n\n<p style=\"text-align:center\">Fran\u00e7oise Sockeel<\/p>\n\n\n","protected":false},"excerpt":{"rendered":"<p>16 Juillet 2019 Le Mardi 2 juillet 2019, Alexandre Fierain, jeune et talentueux pilote de planeur, vient de vivre 3 moments forts de sa vie ! Dans la m\u00eame semaine, il f\u00eate ses 19 ans, il r\u00e9ussit l\u2019\u00e9preuve du BAC scientifique et il sera le premier jeune pilote \u00e0 enregistrer un circuit de 600km sous [&hellip;]<\/p>\n","protected":false},"author":211,"featured_media":0,"comment_status":"open","ping_status":"closed","sticky":false,"template":"","format":"standard","meta":{"inline_featured_image":false,"footnotes":""},"categories":[20,3,4,26,13,18,19],"tags":[],"class_list":["post-2452","post","type-post","status-publish","format-standard","hentry","category-actualites","category-club","category-competitions","category-histoire","category-planeur","category-vie-du-club","category-vol-a-voile"],"_links":{"self":[{"href":"http:\/\/aeroclub-abbeville.fr\/index.php?rest_route=\/wp\/v2\/posts\/2452","targetHints":{"allow":["GET"]}}],"collection":[{"href":"http:\/\/aeroclub-abbeville.fr\/index.php?rest_route=\/wp\/v2\/posts"}],"about":[{"href":"http:\/\/aeroclub-abbeville.fr\/index.php?rest_route=\/wp\/v2\/types\/post"}],"author":[{"embeddable":true,"href":"http:\/\/aeroclub-abbeville.fr\/index.php?rest_route=\/wp\/v2\/users\/211"}],"replies":[{"embeddable":true,"href":"http:\/\/aeroclub-abbeville.fr\/index.php?rest_route=%2Fwp%2Fv2%2Fcomments&post=2452"}],"version-history":[{"count":26,"href":"http:\/\/aeroclub-abbeville.fr\/index.php?rest_route=\/wp\/v2\/posts\/2452\/revisions"}],"predecessor-version":[{"id":2508,"href":"http:\/\/aeroclub-abbeville.fr\/index.php?rest_route=\/wp\/v2\/posts\/2452\/revisions\/2508"}],"wp:attachment":[{"href":"http:\/\/aeroclub-abbeville.fr\/index.php?rest_route=%2Fwp%2Fv2%2Fmedia&parent=2452"}],"wp:term":[{"taxonomy":"category","embeddable":true,"href":"http:\/\/aeroclub-abbeville.fr\/index.php?rest_route=%2Fwp%2Fv2%2Fcategories&post=2452"},{"taxonomy":"post_tag","embeddable":true,"href":"http:\/\/aeroclub-abbeville.fr\/index.php?rest_route=%2Fwp%2Fv2%2Ftags&post=2452"}],"curies":[{"name":"wp","href":"https:\/\/api.w.org\/{rel}","templated":true}]}}