{"id":246,"date":"2013-04-19T17:25:25","date_gmt":"2013-04-19T16:25:25","guid":{"rendered":"http:\/\/web.aeroclub-abbeville.fr\/aeroclub\/?p=246"},"modified":"2013-04-19T17:25:25","modified_gmt":"2013-04-19T16:25:25","slug":"nouvel-instructeur-avion","status":"publish","type":"post","link":"http:\/\/aeroclub-abbeville.fr\/?p=246","title":{"rendered":"Nouvel instructeur avion"},"content":{"rendered":"<p>Alain Hermant vient renforcer l&rsquo;\u00e9quipe d&rsquo;instructeurs.<br \/>\nAlain est pilote professionnel, FI\/FE avion, ULM, vol \u00e0 voile et voltige. Parmi les nombreuses qualifications celle de FE est pr\u00e9cieuse pour le club.<br \/>\nAlain est \u00e9galement m\u00e9decin a\u00e9ronautique.<\/p>\n","protected":false},"excerpt":{"rendered":"<p>Alain Hermant vient renforcer l&rsquo;\u00e9quipe d&rsquo;instructeurs. Alain est pilote professionnel, FI\/FE avion, ULM, vol \u00e0 voile et voltige. Parmi les nombreuses qualifications celle de FE est pr\u00e9cieuse pour le club. Alain est \u00e9galement m\u00e9decin a\u00e9ronautique.<\/p>\n","protected":false},"author":67,"featured_media":0,"comment_status":"open","ping_status":"open","sticky":false,"template":"","format":"standard","meta":{"inline_featured_image":false,"footnotes":""},"categories":[2,6,7],"tags":[],"class_list":["post-246","post","type-post","status-publish","format-standard","hentry","category-avion","category-formation","category-formation_avion"],"_links":{"self":[{"href":"http:\/\/aeroclub-abbeville.fr\/index.php?rest_route=\/wp\/v2\/posts\/246","targetHints":{"allow":["GET"]}}],"collection":[{"href":"http:\/\/aeroclub-abbeville.fr\/index.php?rest_route=\/wp\/v2\/posts"}],"about":[{"href":"http:\/\/aeroclub-abbeville.fr\/index.php?rest_route=\/wp\/v2\/types\/post"}],"author":[{"embeddable":true,"href":"http:\/\/aeroclub-abbeville.fr\/index.php?rest_route=\/wp\/v2\/users\/67"}],"replies":[{"embeddable":true,"href":"http:\/\/aeroclub-abbeville.fr\/index.php?rest_route=%2Fwp%2Fv2%2Fcomments&post=246"}],"version-history":[{"count":0,"href":"http:\/\/aeroclub-abbeville.fr\/index.php?rest_route=\/wp\/v2\/posts\/246\/revisions"}],"wp:attachment":[{"href":"http:\/\/aeroclub-abbeville.fr\/index.php?rest_route=%2Fwp%2Fv2%2Fmedia&parent=246"}],"wp:term":[{"taxonomy":"category","embeddable":true,"href":"http:\/\/aeroclub-abbeville.fr\/index.php?rest_route=%2Fwp%2Fv2%2Fcategories&post=246"},{"taxonomy":"post_tag","embeddable":true,"href":"http:\/\/aeroclub-abbeville.fr\/index.php?rest_route=%2Fwp%2Fv2%2Ftags&post=246"}],"curies":[{"name":"wp","href":"https:\/\/api.w.org\/{rel}","templated":true}]}}