{"id":248,"date":"2012-12-25T17:27:16","date_gmt":"2012-12-25T16:27:16","guid":{"rendered":"http:\/\/web.aeroclub-abbeville.fr\/aeroclub\/?p=248"},"modified":"2012-12-25T17:27:16","modified_gmt":"2012-12-25T16:27:16","slug":"le-vol-a-voile-a-recu-son-cadeau-de-noel","status":"publish","type":"post","link":"http:\/\/aeroclub-abbeville.fr\/?p=248","title":{"rendered":"Le vol \u00e0 voile a re\u00e7u son cadeau de no\u00ebl!"},"content":{"rendered":"<p>Il est beau, il est neuf, il est enfin l\u00e0!<br \/>\nEt oui, le p\u00e8re no\u00ebl nous a offert un simulateur de vol planeur pour occuper les longs mois d&rsquo;hiver et permettre une premi\u00e8re approche du vol \u00e0 voile aux nouveaux \u00e9l\u00e8ves.<br \/>\nNous attendons l&rsquo;informatique pour que celui-ci soit fonctionnel!<\/p>\n<div>\n<p><a title=\"img_3388.jpg\" href=\"http:\/\/wiki.aeroclub-abbeville.fr\/lib\/exe\/detail.php\/img_3388.jpg?id=Accueil\"><img decoding=\"async\" class=\"aligncenter\" alt=\"\" src=\"http:\/\/wiki.aeroclub-abbeville.fr\/lib\/exe\/fetch.php\/img_3388.jpg?w=400\" width=\"400\" align=\"left\" \/><\/a><\/p>\n<\/div>\n","protected":false},"excerpt":{"rendered":"<p>Il est beau, il est neuf, il est enfin l\u00e0! Et oui, le p\u00e8re no\u00ebl nous a offert un simulateur de vol planeur pour occuper les longs mois d&rsquo;hiver et permettre une premi\u00e8re approche du vol \u00e0 voile aux nouveaux \u00e9l\u00e8ves. Nous attendons l&rsquo;informatique pour que celui-ci soit fonctionnel!<\/p>\n","protected":false},"author":67,"featured_media":0,"comment_status":"open","ping_status":"open","sticky":false,"template":"","format":"standard","meta":{"inline_featured_image":false,"footnotes":""},"categories":[6,8,13,19],"tags":[],"class_list":["post-248","post","type-post","status-publish","format-standard","hentry","category-formation","category-formation_planeur","category-planeur","category-vol-a-voile"],"_links":{"self":[{"href":"http:\/\/aeroclub-abbeville.fr\/index.php?rest_route=\/wp\/v2\/posts\/248","targetHints":{"allow":["GET"]}}],"collection":[{"href":"http:\/\/aeroclub-abbeville.fr\/index.php?rest_route=\/wp\/v2\/posts"}],"about":[{"href":"http:\/\/aeroclub-abbeville.fr\/index.php?rest_route=\/wp\/v2\/types\/post"}],"author":[{"embeddable":true,"href":"http:\/\/aeroclub-abbeville.fr\/index.php?rest_route=\/wp\/v2\/users\/67"}],"replies":[{"embeddable":true,"href":"http:\/\/aeroclub-abbeville.fr\/index.php?rest_route=%2Fwp%2Fv2%2Fcomments&post=248"}],"version-history":[{"count":0,"href":"http:\/\/aeroclub-abbeville.fr\/index.php?rest_route=\/wp\/v2\/posts\/248\/revisions"}],"wp:attachment":[{"href":"http:\/\/aeroclub-abbeville.fr\/index.php?rest_route=%2Fwp%2Fv2%2Fmedia&parent=248"}],"wp:term":[{"taxonomy":"category","embeddable":true,"href":"http:\/\/aeroclub-abbeville.fr\/index.php?rest_route=%2Fwp%2Fv2%2Fcategories&post=248"},{"taxonomy":"post_tag","embeddable":true,"href":"http:\/\/aeroclub-abbeville.fr\/index.php?rest_route=%2Fwp%2Fv2%2Ftags&post=248"}],"curies":[{"name":"wp","href":"https:\/\/api.w.org\/{rel}","templated":true}]}}