{"id":2509,"date":"2019-07-17T10:59:06","date_gmt":"2019-07-17T09:59:06","guid":{"rendered":"http:\/\/aeroclub-abbeville.fr\/?p=2509"},"modified":"2019-07-17T13:40:18","modified_gmt":"2019-07-17T12:40:18","slug":"la-preface-du-tour-ulm-2019-sur-les-ailes-des-cotes-darmor","status":"publish","type":"post","link":"http:\/\/aeroclub-abbeville.fr\/?p=2509","title":{"rendered":"La Pr\u00e9face du Tour ULM 2019 ! Sur les Ailes des C\u00f4tes d\u2019Armor !"},"content":{"rendered":"\n<p>17 Juillet 2019<\/p>\n\n\n\n<div class=\"wp-block-image\"><figure class=\"aligncenter\"><img fetchpriority=\"high\" decoding=\"async\" width=\"784\" height=\"586\" src=\"http:\/\/aeroclub-abbeville.fr\/wp-content\/uploads\/2019\/07\/73CC97F2-69F3-4674-909A-6C88C472055F.jpeg\" alt=\"\" class=\"wp-image-2513\" srcset=\"http:\/\/aeroclub-abbeville.fr\/wp-content\/uploads\/2019\/07\/73CC97F2-69F3-4674-909A-6C88C472055F.jpeg 784w, http:\/\/aeroclub-abbeville.fr\/wp-content\/uploads\/2019\/07\/73CC97F2-69F3-4674-909A-6C88C472055F-480x359.jpeg 480w, http:\/\/aeroclub-abbeville.fr\/wp-content\/uploads\/2019\/07\/73CC97F2-69F3-4674-909A-6C88C472055F-768x574.jpeg 768w, http:\/\/aeroclub-abbeville.fr\/wp-content\/uploads\/2019\/07\/73CC97F2-69F3-4674-909A-6C88C472055F-624x466.jpeg 624w\" sizes=\"(max-width: 784px) 100vw, 784px\" \/><figcaption>Le Tour ULM 2019 !<\/figcaption><\/figure><\/div>\n\n\n\n<p style=\"text-align:center\">Pr\u00eats pour le d\u00e9part du Tour, samedi 20 Juillet, Alain Fauquembergue et Daniel Tellier, nos deux aficionados de l\u2019ULM Picard, nos deux Baroudeurs du Ciel, ont pris l\u2019air, hier, pour un avant-go\u00fbt touristique en terre bretonne. <\/p>\n\n\n\n<div class=\"wp-block-image\"><figure class=\"aligncenter is-resized\"><img decoding=\"async\" src=\"http:\/\/aeroclub-abbeville.fr\/wp-content\/uploads\/2019\/07\/BB21CEF2-57FD-4A0A-B9C5-D44E597A175B-1024x576.jpeg\" alt=\"\" class=\"wp-image-2514\" width=\"512\" height=\"288\" srcset=\"http:\/\/aeroclub-abbeville.fr\/wp-content\/uploads\/2019\/07\/BB21CEF2-57FD-4A0A-B9C5-D44E597A175B-1024x576.jpeg 1024w, http:\/\/aeroclub-abbeville.fr\/wp-content\/uploads\/2019\/07\/BB21CEF2-57FD-4A0A-B9C5-D44E597A175B-480x270.jpeg 480w, http:\/\/aeroclub-abbeville.fr\/wp-content\/uploads\/2019\/07\/BB21CEF2-57FD-4A0A-B9C5-D44E597A175B-768x432.jpeg 768w, http:\/\/aeroclub-abbeville.fr\/wp-content\/uploads\/2019\/07\/BB21CEF2-57FD-4A0A-B9C5-D44E597A175B-624x351.jpeg 624w, http:\/\/aeroclub-abbeville.fr\/wp-content\/uploads\/2019\/07\/BB21CEF2-57FD-4A0A-B9C5-D44E597A175B.jpeg 1200w\" sizes=\"(max-width: 512px) 100vw, 512px\" \/><figcaption>La Baie de Saint Brieuc, vue du ciel !<\/figcaption><\/figure><\/div>\n\n\n\n<p style=\"text-align:center\"><br>Nos deux h\u00e9ros sont partis ce mardi matin vers 8h30, et sont arriv\u00e9s \u00e0 St Brieuc \u00e0 10h45 apr\u00e8s un vol sans histoire. Ils ont \u00e9t\u00e9 l\u00e9g\u00e8rement aid\u00e9s par un vent de Nord Est. Ils repartiront demain pour rejoindre la base de d\u00e9part du tour \u00e0 St Pierre d\u2019Ol\u00e9ron !<\/p>\n\n\n\n<ul class=\"wp-block-gallery aligncenter columns-3 is-cropped wp-block-gallery-1 is-layout-flex wp-block-gallery-is-layout-flex\"><li class=\"blocks-gallery-item\"><figure><img decoding=\"async\" width=\"1024\" height=\"768\" src=\"http:\/\/aeroclub-abbeville.fr\/wp-content\/uploads\/2019\/07\/C07D6438-8630-4B96-8409-7E773B2D35FA-1024x768.jpeg\" alt=\"\" data-id=\"2518\" data-link=\"http:\/\/aeroclub-abbeville.fr\/?attachment_id=2518\" class=\"wp-image-2518\" srcset=\"http:\/\/aeroclub-abbeville.fr\/wp-content\/uploads\/2019\/07\/C07D6438-8630-4B96-8409-7E773B2D35FA-1024x768.jpeg 1024w, http:\/\/aeroclub-abbeville.fr\/wp-content\/uploads\/2019\/07\/C07D6438-8630-4B96-8409-7E773B2D35FA-480x360.jpeg 480w, http:\/\/aeroclub-abbeville.fr\/wp-content\/uploads\/2019\/07\/C07D6438-8630-4B96-8409-7E773B2D35FA-768x576.jpeg 768w, http:\/\/aeroclub-abbeville.fr\/wp-content\/uploads\/2019\/07\/C07D6438-8630-4B96-8409-7E773B2D35FA-624x468.jpeg 624w\" sizes=\"(max-width: 1024px) 100vw, 1024px\" \/><\/figure><\/li><li class=\"blocks-gallery-item\"><figure><img loading=\"lazy\" decoding=\"async\" width=\"1024\" height=\"768\" src=\"http:\/\/aeroclub-abbeville.fr\/wp-content\/uploads\/2019\/07\/51E109A1-2880-4C30-A8A0-92C66F7E4511-1024x768.jpeg\" alt=\"\" data-id=\"2519\" data-link=\"http:\/\/aeroclub-abbeville.fr\/?attachment_id=2519\" class=\"wp-image-2519\" srcset=\"http:\/\/aeroclub-abbeville.fr\/wp-content\/uploads\/2019\/07\/51E109A1-2880-4C30-A8A0-92C66F7E4511-1024x768.jpeg 1024w, http:\/\/aeroclub-abbeville.fr\/wp-content\/uploads\/2019\/07\/51E109A1-2880-4C30-A8A0-92C66F7E4511-480x360.jpeg 480w, http:\/\/aeroclub-abbeville.fr\/wp-content\/uploads\/2019\/07\/51E109A1-2880-4C30-A8A0-92C66F7E4511-768x576.jpeg 768w, http:\/\/aeroclub-abbeville.fr\/wp-content\/uploads\/2019\/07\/51E109A1-2880-4C30-A8A0-92C66F7E4511-624x468.jpeg 624w\" sizes=\"(max-width: 1024px) 100vw, 1024px\" \/><\/figure><\/li><li class=\"blocks-gallery-item\"><figure><img loading=\"lazy\" decoding=\"async\" width=\"1024\" height=\"768\" src=\"http:\/\/aeroclub-abbeville.fr\/wp-content\/uploads\/2019\/07\/BA81ED05-B6BF-4D6A-95E7-9A66B901E290-1024x768.jpeg\" alt=\"\" data-id=\"2520\" data-link=\"http:\/\/aeroclub-abbeville.fr\/?attachment_id=2520\" class=\"wp-image-2520\" srcset=\"http:\/\/aeroclub-abbeville.fr\/wp-content\/uploads\/2019\/07\/BA81ED05-B6BF-4D6A-95E7-9A66B901E290-1024x768.jpeg 1024w, http:\/\/aeroclub-abbeville.fr\/wp-content\/uploads\/2019\/07\/BA81ED05-B6BF-4D6A-95E7-9A66B901E290-480x360.jpeg 480w, http:\/\/aeroclub-abbeville.fr\/wp-content\/uploads\/2019\/07\/BA81ED05-B6BF-4D6A-95E7-9A66B901E290-768x576.jpeg 768w, http:\/\/aeroclub-abbeville.fr\/wp-content\/uploads\/2019\/07\/BA81ED05-B6BF-4D6A-95E7-9A66B901E290-624x468.jpeg 624w\" sizes=\"(max-width: 1024px) 100vw, 1024px\" \/><\/figure><\/li><li class=\"blocks-gallery-item\"><figure><img loading=\"lazy\" decoding=\"async\" width=\"1024\" height=\"768\" src=\"http:\/\/aeroclub-abbeville.fr\/wp-content\/uploads\/2019\/07\/41B777ED-1087-4484-83DB-79ABB014CC1E-1024x768.jpeg\" alt=\"\" data-id=\"2521\" data-link=\"http:\/\/aeroclub-abbeville.fr\/?attachment_id=2521\" class=\"wp-image-2521\" srcset=\"http:\/\/aeroclub-abbeville.fr\/wp-content\/uploads\/2019\/07\/41B777ED-1087-4484-83DB-79ABB014CC1E-1024x768.jpeg 1024w, http:\/\/aeroclub-abbeville.fr\/wp-content\/uploads\/2019\/07\/41B777ED-1087-4484-83DB-79ABB014CC1E-480x360.jpeg 480w, http:\/\/aeroclub-abbeville.fr\/wp-content\/uploads\/2019\/07\/41B777ED-1087-4484-83DB-79ABB014CC1E-768x576.jpeg 768w, http:\/\/aeroclub-abbeville.fr\/wp-content\/uploads\/2019\/07\/41B777ED-1087-4484-83DB-79ABB014CC1E-624x468.jpeg 624w\" sizes=\"(max-width: 1024px) 100vw, 1024px\" \/><figcaption>Nos \u00ab&nbsp;Papys Bolligton&nbsp;\u00bb au d\u00e9part de l&rsquo;a\u00e9rodrome d\u2019Abbeville ! S L C, Salut les copains !<\/figcaption><\/figure><\/li><\/ul>\n\n\n\n<p style=\"text-align: center;\">Saint Pierre d\u2019Ol\u00e9ron nous voil\u00e0 ! On y va, on y croit !\u00a0<\/p>\n\n\n\n<div class=\"wp-block-image\"><figure class=\"aligncenter is-resized\"><img loading=\"lazy\" decoding=\"async\" src=\"http:\/\/aeroclub-abbeville.fr\/wp-content\/uploads\/2019\/07\/FC774CD5-92C7-40E6-A65D-A24777E23462.jpeg\" alt=\"\" class=\"wp-image-2524\" width=\"493\" height=\"250\" srcset=\"http:\/\/aeroclub-abbeville.fr\/wp-content\/uploads\/2019\/07\/FC774CD5-92C7-40E6-A65D-A24777E23462.jpeg 986w, http:\/\/aeroclub-abbeville.fr\/wp-content\/uploads\/2019\/07\/FC774CD5-92C7-40E6-A65D-A24777E23462-480x243.jpeg 480w, http:\/\/aeroclub-abbeville.fr\/wp-content\/uploads\/2019\/07\/FC774CD5-92C7-40E6-A65D-A24777E23462-768x389.jpeg 768w, http:\/\/aeroclub-abbeville.fr\/wp-content\/uploads\/2019\/07\/FC774CD5-92C7-40E6-A65D-A24777E23462-624x316.jpeg 624w\" sizes=\"(max-width: 493px) 100vw, 493px\" \/><figcaption>La ville du d\u00e9part !<\/figcaption><\/figure><\/div>\n\n\n\n<p style=\"text-align:center\">Pour les aider , nous leur proposons une r\u00e9vision de l\u2019atterrissage ! Bon vol les Amis ! <\/p>\n\n\n\n<div class=\"wp-block-image\"><figure class=\"aligncenter is-resized\"><img loading=\"lazy\" decoding=\"async\" src=\"http:\/\/aeroclub-abbeville.fr\/wp-content\/uploads\/2019\/07\/6E548426-FF8B-4160-862A-ABC01243F072-1013x1024.jpeg\" alt=\"\" class=\"wp-image-2525\" width=\"507\" height=\"512\" srcset=\"http:\/\/aeroclub-abbeville.fr\/wp-content\/uploads\/2019\/07\/6E548426-FF8B-4160-862A-ABC01243F072-1013x1024.jpeg 1013w, http:\/\/aeroclub-abbeville.fr\/wp-content\/uploads\/2019\/07\/6E548426-FF8B-4160-862A-ABC01243F072-150x150.jpeg 150w, http:\/\/aeroclub-abbeville.fr\/wp-content\/uploads\/2019\/07\/6E548426-FF8B-4160-862A-ABC01243F072-475x480.jpeg 475w, http:\/\/aeroclub-abbeville.fr\/wp-content\/uploads\/2019\/07\/6E548426-FF8B-4160-862A-ABC01243F072-768x777.jpeg 768w, http:\/\/aeroclub-abbeville.fr\/wp-content\/uploads\/2019\/07\/6E548426-FF8B-4160-862A-ABC01243F072-624x631.jpeg 624w, http:\/\/aeroclub-abbeville.fr\/wp-content\/uploads\/2019\/07\/6E548426-FF8B-4160-862A-ABC01243F072.jpeg 1065w\" sizes=\"(max-width: 507px) 100vw, 507px\" \/><figcaption>Volets un cran, train sorti, piste en vue , tout est OK !!!!<\/figcaption><\/figure><\/div>\n\n\n\n<p style=\"text-align:center\">A bient\u00f4t pour leurs nouvelles aventures !<\/p>\n\n\n\n<p style=\"text-align:center\">Fran\u00e7oise Sockeel <\/p>\n","protected":false},"excerpt":{"rendered":"<p>Pr\u00eats pour le d\u00e9part du Tour, samedi 20 Juillet, Alain Fauquembergue et Daniel Tellier, nos deux aficionados de l\u2019ULM Picard, nos deux Baroudeurs du Ciel, ont pris l\u2019air, hier, pour un avant-go\u00fbt touristique en terre bretonne. Nos deux h\u00e9ros sont partis ce mardi matin vers 8h30, et sont arriv\u00e9s \u00e0 St Brieuc \u00e0 10h45 apr\u00e8s [&hellip;]<\/p>\n","protected":false},"author":211,"featured_media":0,"comment_status":"open","ping_status":"closed","sticky":false,"template":"","format":"standard","meta":{"inline_featured_image":false,"footnotes":""},"categories":[20,2,3,4,11,17,18,31],"tags":[],"class_list":["post-2509","post","type-post","status-publish","format-standard","hentry","category-actualites","category-avion","category-club","category-competitions","category-manifestations","category-ulm","category-vie-du-club","category-voyages"],"_links":{"self":[{"href":"http:\/\/aeroclub-abbeville.fr\/index.php?rest_route=\/wp\/v2\/posts\/2509","targetHints":{"allow":["GET"]}}],"collection":[{"href":"http:\/\/aeroclub-abbeville.fr\/index.php?rest_route=\/wp\/v2\/posts"}],"about":[{"href":"http:\/\/aeroclub-abbeville.fr\/index.php?rest_route=\/wp\/v2\/types\/post"}],"author":[{"embeddable":true,"href":"http:\/\/aeroclub-abbeville.fr\/index.php?rest_route=\/wp\/v2\/users\/211"}],"replies":[{"embeddable":true,"href":"http:\/\/aeroclub-abbeville.fr\/index.php?rest_route=%2Fwp%2Fv2%2Fcomments&post=2509"}],"version-history":[{"count":11,"href":"http:\/\/aeroclub-abbeville.fr\/index.php?rest_route=\/wp\/v2\/posts\/2509\/revisions"}],"predecessor-version":[{"id":2531,"href":"http:\/\/aeroclub-abbeville.fr\/index.php?rest_route=\/wp\/v2\/posts\/2509\/revisions\/2531"}],"wp:attachment":[{"href":"http:\/\/aeroclub-abbeville.fr\/index.php?rest_route=%2Fwp%2Fv2%2Fmedia&parent=2509"}],"wp:term":[{"taxonomy":"category","embeddable":true,"href":"http:\/\/aeroclub-abbeville.fr\/index.php?rest_route=%2Fwp%2Fv2%2Fcategories&post=2509"},{"taxonomy":"post_tag","embeddable":true,"href":"http:\/\/aeroclub-abbeville.fr\/index.php?rest_route=%2Fwp%2Fv2%2Ftags&post=2509"}],"curies":[{"name":"wp","href":"https:\/\/api.w.org\/{rel}","templated":true}]}}