{"id":252,"date":"2012-09-19T17:34:17","date_gmt":"2012-09-19T16:34:17","guid":{"rendered":"http:\/\/web.aeroclub-abbeville.fr\/aeroclub\/?p=252"},"modified":"2012-09-19T17:34:17","modified_gmt":"2012-09-19T16:34:17","slug":"un-abbevillois-en-equipe-de-france-juniors-de-vol-a-voile","status":"publish","type":"post","link":"http:\/\/aeroclub-abbeville.fr\/?p=252","title":{"rendered":"Un Abbevillois en \u00e9quipe de France Juniors de vol \u00e0 voile!"},"content":{"rendered":"<p>En effet, Simon Caudrelier, un pilote de Planeur d&rsquo;Abbeville est s\u00e9lectionn\u00e9 en \u00e9quipe de France Juniors. F\u00e9licitations \u00e0 lui et nous lui souhaitons un bon et long parcours en \u00e9quipe de France Juniors.<\/p>\n","protected":false},"excerpt":{"rendered":"<p>En effet, Simon Caudrelier, un pilote de Planeur d&rsquo;Abbeville est s\u00e9lectionn\u00e9 en \u00e9quipe de France Juniors. F\u00e9licitations \u00e0 lui et nous lui souhaitons un bon et long parcours en \u00e9quipe de France Juniors.<\/p>\n","protected":false},"author":67,"featured_media":0,"comment_status":"open","ping_status":"open","sticky":false,"template":"","format":"standard","meta":{"inline_featured_image":false,"footnotes":""},"categories":[4,13,19],"tags":[],"class_list":["post-252","post","type-post","status-publish","format-standard","hentry","category-competitions","category-planeur","category-vol-a-voile"],"_links":{"self":[{"href":"http:\/\/aeroclub-abbeville.fr\/index.php?rest_route=\/wp\/v2\/posts\/252","targetHints":{"allow":["GET"]}}],"collection":[{"href":"http:\/\/aeroclub-abbeville.fr\/index.php?rest_route=\/wp\/v2\/posts"}],"about":[{"href":"http:\/\/aeroclub-abbeville.fr\/index.php?rest_route=\/wp\/v2\/types\/post"}],"author":[{"embeddable":true,"href":"http:\/\/aeroclub-abbeville.fr\/index.php?rest_route=\/wp\/v2\/users\/67"}],"replies":[{"embeddable":true,"href":"http:\/\/aeroclub-abbeville.fr\/index.php?rest_route=%2Fwp%2Fv2%2Fcomments&post=252"}],"version-history":[{"count":0,"href":"http:\/\/aeroclub-abbeville.fr\/index.php?rest_route=\/wp\/v2\/posts\/252\/revisions"}],"wp:attachment":[{"href":"http:\/\/aeroclub-abbeville.fr\/index.php?rest_route=%2Fwp%2Fv2%2Fmedia&parent=252"}],"wp:term":[{"taxonomy":"category","embeddable":true,"href":"http:\/\/aeroclub-abbeville.fr\/index.php?rest_route=%2Fwp%2Fv2%2Fcategories&post=252"},{"taxonomy":"post_tag","embeddable":true,"href":"http:\/\/aeroclub-abbeville.fr\/index.php?rest_route=%2Fwp%2Fv2%2Ftags&post=252"}],"curies":[{"name":"wp","href":"https:\/\/api.w.org\/{rel}","templated":true}]}}