{"id":2532,"date":"2019-07-17T19:04:55","date_gmt":"2019-07-17T18:04:55","guid":{"rendered":"http:\/\/aeroclub-abbeville.fr\/?p=2532"},"modified":"2019-07-17T19:04:55","modified_gmt":"2019-07-17T18:04:55","slug":"a-troyes-cest-lete-on-se-lache","status":"publish","type":"post","link":"http:\/\/aeroclub-abbeville.fr\/?p=2532","title":{"rendered":"\u00c0 Troyes, c\u2019est l\u2019\u00e9t\u00e9, on se l\u00e2che !"},"content":{"rendered":"\n<p>17 Juillet 2019<\/p>\n\n\n\n<p style=\"text-align:center\">Le Stage de Planeur de Troyes gagne ses galons de Masterclass ! <\/p>\n\n\n\n<div class=\"wp-block-image\"><figure class=\"aligncenter is-resized\"><img fetchpriority=\"high\" decoding=\"async\" src=\"http:\/\/aeroclub-abbeville.fr\/wp-content\/uploads\/2019\/07\/488FE292-B73A-4A12-A6DC-A1F1F9991CBE.jpeg\" alt=\"\" class=\"wp-image-2536\" width=\"480\" height=\"233\" srcset=\"http:\/\/aeroclub-abbeville.fr\/wp-content\/uploads\/2019\/07\/488FE292-B73A-4A12-A6DC-A1F1F9991CBE.jpeg 960w, http:\/\/aeroclub-abbeville.fr\/wp-content\/uploads\/2019\/07\/488FE292-B73A-4A12-A6DC-A1F1F9991CBE-480x233.jpeg 480w, http:\/\/aeroclub-abbeville.fr\/wp-content\/uploads\/2019\/07\/488FE292-B73A-4A12-A6DC-A1F1F9991CBE-768x373.jpeg 768w, http:\/\/aeroclub-abbeville.fr\/wp-content\/uploads\/2019\/07\/488FE292-B73A-4A12-A6DC-A1F1F9991CBE-624x303.jpeg 624w\" sizes=\"(max-width: 480px) 100vw, 480px\" \/><figcaption>En deux jours, nos \u00e9l\u00e8ves-Pilotes se surpassent ! Voici la \u00ab&nbsp;Team&nbsp;\u00bb gagnante ! H\u00e9l\u00e8ne Viez, Julia Delohen, et Romain Jacob ont \u00e9t\u00e9 l\u00e2ch\u00e9s Solo \u00e0 bord de leur ASK13, en Bois et Toile ! Leurs instructeurs Simon Caudrelier et Fran\u00e7ois Duvollet peuvent \u00eatre fiers ! <\/figcaption><\/figure><\/div>\n\n\n\n<div class=\"wp-block-image\"><figure class=\"aligncenter is-resized\"><img decoding=\"async\" src=\"http:\/\/aeroclub-abbeville.fr\/wp-content\/uploads\/2019\/07\/93D7F658-0BFD-42C3-A2A8-88855E86AFBC-1024x576.jpeg\" alt=\"\" class=\"wp-image-2538\" width=\"512\" height=\"288\" srcset=\"http:\/\/aeroclub-abbeville.fr\/wp-content\/uploads\/2019\/07\/93D7F658-0BFD-42C3-A2A8-88855E86AFBC-1024x576.jpeg 1024w, http:\/\/aeroclub-abbeville.fr\/wp-content\/uploads\/2019\/07\/93D7F658-0BFD-42C3-A2A8-88855E86AFBC-480x270.jpeg 480w, http:\/\/aeroclub-abbeville.fr\/wp-content\/uploads\/2019\/07\/93D7F658-0BFD-42C3-A2A8-88855E86AFBC-768x432.jpeg 768w, http:\/\/aeroclub-abbeville.fr\/wp-content\/uploads\/2019\/07\/93D7F658-0BFD-42C3-A2A8-88855E86AFBC-624x351.jpeg 624w, http:\/\/aeroclub-abbeville.fr\/wp-content\/uploads\/2019\/07\/93D7F658-0BFD-42C3-A2A8-88855E86AFBC.jpeg 2048w\" sizes=\"(max-width: 512px) 100vw, 512px\" \/><figcaption>L\u2019ASK13 au d\u00e9collage ! <\/figcaption><\/figure><\/div>\n\n\n\n<p style=\"text-align:center\">Les premiers l\u00e2ch\u00e9s se sont faits hier ! <\/p>\n\n\n\n<div class=\"wp-block-image\"><figure class=\"aligncenter is-resized\"><img decoding=\"async\" src=\"http:\/\/aeroclub-abbeville.fr\/wp-content\/uploads\/2019\/07\/A8534788-7BC9-4F4F-ACAF-3BF1DD5CA31A-1024x765.jpeg\" alt=\"\" class=\"wp-image-2533\" width=\"512\" height=\"383\" srcset=\"http:\/\/aeroclub-abbeville.fr\/wp-content\/uploads\/2019\/07\/A8534788-7BC9-4F4F-ACAF-3BF1DD5CA31A-1024x765.jpeg 1024w, http:\/\/aeroclub-abbeville.fr\/wp-content\/uploads\/2019\/07\/A8534788-7BC9-4F4F-ACAF-3BF1DD5CA31A-480x359.jpeg 480w, http:\/\/aeroclub-abbeville.fr\/wp-content\/uploads\/2019\/07\/A8534788-7BC9-4F4F-ACAF-3BF1DD5CA31A-768x574.jpeg 768w, http:\/\/aeroclub-abbeville.fr\/wp-content\/uploads\/2019\/07\/A8534788-7BC9-4F4F-ACAF-3BF1DD5CA31A-624x466.jpeg 624w\" sizes=\"(max-width: 512px) 100vw, 512px\" \/><figcaption>C\u2019est la joie pour Julia Delohen, Simon Caudrelier, leur Instructeur et H\u00e9l\u00e8ne Viez !<\/figcaption><\/figure><\/div>\n\n\n\n<p style=\"text-align:center\">Il est \u00e0 noter que Simon lui aussi fait son l\u00e2ch\u00e9 Solo, puisqu\u2019il effectue ses premiers l\u00e2ch\u00e9s d\u2019\u00e9l\u00e8ves en tant qu\u2019instructeur !<\/p>\n\n\n\n<ul class=\"wp-block-gallery aligncenter columns-2 is-cropped wp-block-gallery-1 is-layout-flex wp-block-gallery-is-layout-flex\"><li class=\"blocks-gallery-item\"><figure><img loading=\"lazy\" decoding=\"async\" width=\"960\" height=\"640\" src=\"http:\/\/aeroclub-abbeville.fr\/wp-content\/uploads\/2019\/07\/5DEB3646-8DC0-4B37-91D9-CFF0041D753F.jpeg\" alt=\"\" data-id=\"2540\" class=\"wp-image-2540\" srcset=\"http:\/\/aeroclub-abbeville.fr\/wp-content\/uploads\/2019\/07\/5DEB3646-8DC0-4B37-91D9-CFF0041D753F.jpeg 960w, http:\/\/aeroclub-abbeville.fr\/wp-content\/uploads\/2019\/07\/5DEB3646-8DC0-4B37-91D9-CFF0041D753F-480x320.jpeg 480w, http:\/\/aeroclub-abbeville.fr\/wp-content\/uploads\/2019\/07\/5DEB3646-8DC0-4B37-91D9-CFF0041D753F-768x512.jpeg 768w, http:\/\/aeroclub-abbeville.fr\/wp-content\/uploads\/2019\/07\/5DEB3646-8DC0-4B37-91D9-CFF0041D753F-624x416.jpeg 624w\" sizes=\"(max-width: 960px) 100vw, 960px\" \/><figcaption>Simon Caudrelier ! <\/figcaption><\/figure><\/li><li class=\"blocks-gallery-item\"><figure><img loading=\"lazy\" decoding=\"async\" width=\"1024\" height=\"768\" src=\"http:\/\/aeroclub-abbeville.fr\/wp-content\/uploads\/2019\/07\/76468238-0D0C-4A88-8955-23B711D1C15D-1024x768.jpeg\" alt=\"\" data-id=\"2542\" data-link=\"http:\/\/aeroclub-abbeville.fr\/?attachment_id=2542\" class=\"wp-image-2542\" srcset=\"http:\/\/aeroclub-abbeville.fr\/wp-content\/uploads\/2019\/07\/76468238-0D0C-4A88-8955-23B711D1C15D-1024x768.jpeg 1024w, http:\/\/aeroclub-abbeville.fr\/wp-content\/uploads\/2019\/07\/76468238-0D0C-4A88-8955-23B711D1C15D-480x360.jpeg 480w, http:\/\/aeroclub-abbeville.fr\/wp-content\/uploads\/2019\/07\/76468238-0D0C-4A88-8955-23B711D1C15D-768x576.jpeg 768w, http:\/\/aeroclub-abbeville.fr\/wp-content\/uploads\/2019\/07\/76468238-0D0C-4A88-8955-23B711D1C15D-624x468.jpeg 624w, http:\/\/aeroclub-abbeville.fr\/wp-content\/uploads\/2019\/07\/76468238-0D0C-4A88-8955-23B711D1C15D.jpeg 2048w\" sizes=\"(max-width: 1024px) 100vw, 1024px\" \/><\/figure><\/li><\/ul>\n\n\n\n<p style=\"text-align:center\">H\u00e9l\u00e8ne Viez, elle aussi l\u00e2ch\u00e9e ASK13 hier, vole depuis quelques temps et a suivi la passion de son fils Quentin, avant d\u2019attraper le virus du vol en Planeur ! Et \u00e7a, on en gu\u00e9rit pas !  Aujourd\u2019hui, elle a effectu\u00e9 1h15 en solo et Quentin a r\u00e9ussi son 300km comme pr\u00e9vu ! \u00ab&nbsp;C\u2019\u00e9tait pr\u00e9par\u00e9, on l\u2019a fait !&nbsp;\u00bb<\/p>\n\n\n\n<div class=\"wp-block-image\"><figure class=\"aligncenter is-resized\"><img loading=\"lazy\" decoding=\"async\" src=\"http:\/\/aeroclub-abbeville.fr\/wp-content\/uploads\/2019\/07\/A38E248B-0DAF-4000-95DC-26EEAFE8A5F2-1024x576.jpeg\" alt=\"\" class=\"wp-image-2545\" width=\"512\" height=\"288\" srcset=\"http:\/\/aeroclub-abbeville.fr\/wp-content\/uploads\/2019\/07\/A38E248B-0DAF-4000-95DC-26EEAFE8A5F2-1024x576.jpeg 1024w, http:\/\/aeroclub-abbeville.fr\/wp-content\/uploads\/2019\/07\/A38E248B-0DAF-4000-95DC-26EEAFE8A5F2-480x270.jpeg 480w, http:\/\/aeroclub-abbeville.fr\/wp-content\/uploads\/2019\/07\/A38E248B-0DAF-4000-95DC-26EEAFE8A5F2-768x432.jpeg 768w, http:\/\/aeroclub-abbeville.fr\/wp-content\/uploads\/2019\/07\/A38E248B-0DAF-4000-95DC-26EEAFE8A5F2-624x351.jpeg 624w, http:\/\/aeroclub-abbeville.fr\/wp-content\/uploads\/2019\/07\/A38E248B-0DAF-4000-95DC-26EEAFE8A5F2.jpeg 1280w\" sizes=\"(max-width: 512px) 100vw, 512px\" \/><figcaption>H\u00e9l\u00e8ne au pilotage !<\/figcaption><\/figure><\/div>\n\n\n\n<ul class=\"wp-block-gallery aligncenter columns-3 is-cropped wp-block-gallery-2 is-layout-flex wp-block-gallery-is-layout-flex\"><li class=\"blocks-gallery-item\"><figure><img loading=\"lazy\" decoding=\"async\" width=\"1024\" height=\"765\" src=\"http:\/\/aeroclub-abbeville.fr\/wp-content\/uploads\/2019\/07\/7DFF3F80-F4E0-4256-A083-BD04F5062E1C-1024x765.jpeg\" alt=\"\" data-id=\"2561\" data-link=\"http:\/\/aeroclub-abbeville.fr\/?attachment_id=2561\" class=\"wp-image-2561\" srcset=\"http:\/\/aeroclub-abbeville.fr\/wp-content\/uploads\/2019\/07\/7DFF3F80-F4E0-4256-A083-BD04F5062E1C-1024x765.jpeg 1024w, http:\/\/aeroclub-abbeville.fr\/wp-content\/uploads\/2019\/07\/7DFF3F80-F4E0-4256-A083-BD04F5062E1C-480x359.jpeg 480w, http:\/\/aeroclub-abbeville.fr\/wp-content\/uploads\/2019\/07\/7DFF3F80-F4E0-4256-A083-BD04F5062E1C-768x574.jpeg 768w, http:\/\/aeroclub-abbeville.fr\/wp-content\/uploads\/2019\/07\/7DFF3F80-F4E0-4256-A083-BD04F5062E1C-624x466.jpeg 624w\" sizes=\"(max-width: 1024px) 100vw, 1024px\" \/><\/figure><\/li><li class=\"blocks-gallery-item\"><figure><img loading=\"lazy\" decoding=\"async\" width=\"1024\" height=\"765\" src=\"http:\/\/aeroclub-abbeville.fr\/wp-content\/uploads\/2019\/07\/405C507E-32EE-4FA5-B069-4F61F16242EF-1024x765.jpeg\" alt=\"\" data-id=\"2562\" data-link=\"http:\/\/aeroclub-abbeville.fr\/?attachment_id=2562\" class=\"wp-image-2562\" srcset=\"http:\/\/aeroclub-abbeville.fr\/wp-content\/uploads\/2019\/07\/405C507E-32EE-4FA5-B069-4F61F16242EF-1024x765.jpeg 1024w, http:\/\/aeroclub-abbeville.fr\/wp-content\/uploads\/2019\/07\/405C507E-32EE-4FA5-B069-4F61F16242EF-480x359.jpeg 480w, http:\/\/aeroclub-abbeville.fr\/wp-content\/uploads\/2019\/07\/405C507E-32EE-4FA5-B069-4F61F16242EF-768x574.jpeg 768w, http:\/\/aeroclub-abbeville.fr\/wp-content\/uploads\/2019\/07\/405C507E-32EE-4FA5-B069-4F61F16242EF-624x466.jpeg 624w\" sizes=\"(max-width: 1024px) 100vw, 1024px\" \/><\/figure><\/li><li class=\"blocks-gallery-item\"><figure><img loading=\"lazy\" decoding=\"async\" width=\"1024\" height=\"765\" src=\"http:\/\/aeroclub-abbeville.fr\/wp-content\/uploads\/2019\/07\/AE8DE18F-7934-4A13-A045-8B7782035305-1024x765.jpeg\" alt=\"\" data-id=\"2563\" data-link=\"http:\/\/aeroclub-abbeville.fr\/?attachment_id=2563\" class=\"wp-image-2563\" srcset=\"http:\/\/aeroclub-abbeville.fr\/wp-content\/uploads\/2019\/07\/AE8DE18F-7934-4A13-A045-8B7782035305-1024x765.jpeg 1024w, http:\/\/aeroclub-abbeville.fr\/wp-content\/uploads\/2019\/07\/AE8DE18F-7934-4A13-A045-8B7782035305-480x359.jpeg 480w, http:\/\/aeroclub-abbeville.fr\/wp-content\/uploads\/2019\/07\/AE8DE18F-7934-4A13-A045-8B7782035305-768x574.jpeg 768w, http:\/\/aeroclub-abbeville.fr\/wp-content\/uploads\/2019\/07\/AE8DE18F-7934-4A13-A045-8B7782035305-624x466.jpeg 624w\" sizes=\"(max-width: 1024px) 100vw, 1024px\" \/><\/figure><\/li><li class=\"blocks-gallery-item\"><figure><img loading=\"lazy\" decoding=\"async\" width=\"1024\" height=\"765\" src=\"http:\/\/aeroclub-abbeville.fr\/wp-content\/uploads\/2019\/07\/CA4BEFB1-F205-481C-8F36-80EB60B2748A-1024x765.jpeg\" alt=\"\" data-id=\"2564\" data-link=\"http:\/\/aeroclub-abbeville.fr\/?attachment_id=2564\" class=\"wp-image-2564\" srcset=\"http:\/\/aeroclub-abbeville.fr\/wp-content\/uploads\/2019\/07\/CA4BEFB1-F205-481C-8F36-80EB60B2748A-1024x765.jpeg 1024w, http:\/\/aeroclub-abbeville.fr\/wp-content\/uploads\/2019\/07\/CA4BEFB1-F205-481C-8F36-80EB60B2748A-480x359.jpeg 480w, http:\/\/aeroclub-abbeville.fr\/wp-content\/uploads\/2019\/07\/CA4BEFB1-F205-481C-8F36-80EB60B2748A-768x574.jpeg 768w, http:\/\/aeroclub-abbeville.fr\/wp-content\/uploads\/2019\/07\/CA4BEFB1-F205-481C-8F36-80EB60B2748A-624x466.jpeg 624w\" sizes=\"(max-width: 1024px) 100vw, 1024px\" \/><figcaption>M\u00e8re et fils, le duo gagnant !<\/figcaption><\/figure><\/li><\/ul>\n\n\n\n<p style=\"text-align:center\">Quand \u00e0 notre Benjamine, Julia Delohen, fille de pilote-instructeur en vol motoris\u00e9, Bon Sang ne saurait mentir et sa pr\u00e9sence aux stages d\u2019\u00e9t\u00e9 a port\u00e9 ses fruits ! Bravo Julia, la Championne !<\/p>\n\n\n\n<div class=\"wp-block-image\"><figure class=\"aligncenter\"><img loading=\"lazy\" decoding=\"async\" width=\"1024\" height=\"765\" src=\"http:\/\/aeroclub-abbeville.fr\/wp-content\/uploads\/2019\/07\/2DF21D1F-B916-4A65-84AD-1D88A5367E1E-1024x765.jpeg\" alt=\"\" class=\"wp-image-2548\" srcset=\"http:\/\/aeroclub-abbeville.fr\/wp-content\/uploads\/2019\/07\/2DF21D1F-B916-4A65-84AD-1D88A5367E1E-1024x765.jpeg 1024w, http:\/\/aeroclub-abbeville.fr\/wp-content\/uploads\/2019\/07\/2DF21D1F-B916-4A65-84AD-1D88A5367E1E-480x359.jpeg 480w, http:\/\/aeroclub-abbeville.fr\/wp-content\/uploads\/2019\/07\/2DF21D1F-B916-4A65-84AD-1D88A5367E1E-768x574.jpeg 768w, http:\/\/aeroclub-abbeville.fr\/wp-content\/uploads\/2019\/07\/2DF21D1F-B916-4A65-84AD-1D88A5367E1E-624x466.jpeg 624w\" sizes=\"(max-width: 1024px) 100vw, 1024px\" \/><\/figure><\/div>\n\n\n\n<p style=\"text-align:center\">Aujourd\u2019hui, Julia renouvelle son exploit ! 1h35 de vol solo en local , spiralant, tout en chantant \u00e0 tue-t\u00eate, c\u2019est elle qui me l\u2019a dit, promis, de Troyes \u00e0 Mongueux et inversement ! Vive le vol en planeur !<\/p>\n\n\n\n<ul class=\"wp-block-gallery aligncenter columns-3 is-cropped wp-block-gallery-3 is-layout-flex wp-block-gallery-is-layout-flex\"><li class=\"blocks-gallery-item\"><figure><img decoding=\"async\" src=\"http:\/\/aeroclub-abbeville.fr\/wp-content\/uploads\/2019\/07\/AB52F85C-B3AD-4175-BD2C-F16FAB5A8864-1024x765.jpeg\" alt=\"\" data-id=\"2570\" data-link=\"http:\/\/aeroclub-abbeville.fr\/?attachment_id=2570\" class=\"wp-image-2570\"\/><\/figure><\/li><li class=\"blocks-gallery-item\"><figure><img loading=\"lazy\" decoding=\"async\" width=\"1024\" height=\"765\" src=\"http:\/\/aeroclub-abbeville.fr\/wp-content\/uploads\/2019\/07\/1A767213-EAF2-4A3F-809E-35FD87EE058B-1024x765.jpeg\" alt=\"\" data-id=\"2571\" data-link=\"http:\/\/aeroclub-abbeville.fr\/?attachment_id=2571\" class=\"wp-image-2571\" srcset=\"http:\/\/aeroclub-abbeville.fr\/wp-content\/uploads\/2019\/07\/1A767213-EAF2-4A3F-809E-35FD87EE058B-1024x765.jpeg 1024w, http:\/\/aeroclub-abbeville.fr\/wp-content\/uploads\/2019\/07\/1A767213-EAF2-4A3F-809E-35FD87EE058B-480x359.jpeg 480w, http:\/\/aeroclub-abbeville.fr\/wp-content\/uploads\/2019\/07\/1A767213-EAF2-4A3F-809E-35FD87EE058B-768x574.jpeg 768w, http:\/\/aeroclub-abbeville.fr\/wp-content\/uploads\/2019\/07\/1A767213-EAF2-4A3F-809E-35FD87EE058B-624x466.jpeg 624w\" sizes=\"(max-width: 1024px) 100vw, 1024px\" \/><\/figure><\/li><li class=\"blocks-gallery-item\"><figure><img loading=\"lazy\" decoding=\"async\" width=\"1024\" height=\"765\" src=\"http:\/\/aeroclub-abbeville.fr\/wp-content\/uploads\/2019\/07\/930994AA-9C4F-4CB2-A869-8CEC10826A8D-1024x765.jpeg\" alt=\"\" data-id=\"2572\" data-link=\"http:\/\/aeroclub-abbeville.fr\/?attachment_id=2572\" class=\"wp-image-2572\" srcset=\"http:\/\/aeroclub-abbeville.fr\/wp-content\/uploads\/2019\/07\/930994AA-9C4F-4CB2-A869-8CEC10826A8D-1024x765.jpeg 1024w, http:\/\/aeroclub-abbeville.fr\/wp-content\/uploads\/2019\/07\/930994AA-9C4F-4CB2-A869-8CEC10826A8D-480x359.jpeg 480w, http:\/\/aeroclub-abbeville.fr\/wp-content\/uploads\/2019\/07\/930994AA-9C4F-4CB2-A869-8CEC10826A8D-768x574.jpeg 768w, http:\/\/aeroclub-abbeville.fr\/wp-content\/uploads\/2019\/07\/930994AA-9C4F-4CB2-A869-8CEC10826A8D-624x466.jpeg 624w\" sizes=\"(max-width: 1024px) 100vw, 1024px\" \/><\/figure><\/li><li class=\"blocks-gallery-item\"><figure><img loading=\"lazy\" decoding=\"async\" width=\"1024\" height=\"765\" src=\"http:\/\/aeroclub-abbeville.fr\/wp-content\/uploads\/2019\/07\/0A9F1D00-1C70-444D-92BD-431C8DAF91CF-1024x765.jpeg\" alt=\"\" data-id=\"2573\" data-link=\"http:\/\/aeroclub-abbeville.fr\/?attachment_id=2573\" class=\"wp-image-2573\" srcset=\"http:\/\/aeroclub-abbeville.fr\/wp-content\/uploads\/2019\/07\/0A9F1D00-1C70-444D-92BD-431C8DAF91CF-1024x765.jpeg 1024w, http:\/\/aeroclub-abbeville.fr\/wp-content\/uploads\/2019\/07\/0A9F1D00-1C70-444D-92BD-431C8DAF91CF-480x359.jpeg 480w, http:\/\/aeroclub-abbeville.fr\/wp-content\/uploads\/2019\/07\/0A9F1D00-1C70-444D-92BD-431C8DAF91CF-768x574.jpeg 768w, http:\/\/aeroclub-abbeville.fr\/wp-content\/uploads\/2019\/07\/0A9F1D00-1C70-444D-92BD-431C8DAF91CF-624x466.jpeg 624w\" sizes=\"(max-width: 1024px) 100vw, 1024px\" \/><figcaption>Julia a trouv\u00e9 sa voie !<\/figcaption><\/figure><\/li><\/ul>\n\n\n\n<p style=\"text-align:center\">Mais o\u00f9 sont ils pass\u00e9s ? Cherchez Julia et Simon ? Le premier qui a trouv\u00e9, gagne un Carambar !!!!<\/p>\n\n\n\n<ul class=\"wp-block-gallery aligncenter columns-2 is-cropped wp-block-gallery-4 is-layout-flex wp-block-gallery-is-layout-flex\"><li class=\"blocks-gallery-item\"><figure><img loading=\"lazy\" decoding=\"async\" width=\"1024\" height=\"765\" src=\"http:\/\/aeroclub-abbeville.fr\/wp-content\/uploads\/2019\/07\/A2F7F93A-97A4-4233-9A3A-5F231C3D0968-1024x765.jpeg\" alt=\"\" data-id=\"2550\" data-link=\"http:\/\/aeroclub-abbeville.fr\/?attachment_id=2550\" class=\"wp-image-2550\" srcset=\"http:\/\/aeroclub-abbeville.fr\/wp-content\/uploads\/2019\/07\/A2F7F93A-97A4-4233-9A3A-5F231C3D0968-1024x765.jpeg 1024w, http:\/\/aeroclub-abbeville.fr\/wp-content\/uploads\/2019\/07\/A2F7F93A-97A4-4233-9A3A-5F231C3D0968-480x359.jpeg 480w, http:\/\/aeroclub-abbeville.fr\/wp-content\/uploads\/2019\/07\/A2F7F93A-97A4-4233-9A3A-5F231C3D0968-768x574.jpeg 768w, http:\/\/aeroclub-abbeville.fr\/wp-content\/uploads\/2019\/07\/A2F7F93A-97A4-4233-9A3A-5F231C3D0968-624x466.jpeg 624w\" sizes=\"(max-width: 1024px) 100vw, 1024px\" \/><\/figure><\/li><li class=\"blocks-gallery-item\"><figure><img loading=\"lazy\" decoding=\"async\" width=\"1024\" height=\"765\" src=\"http:\/\/aeroclub-abbeville.fr\/wp-content\/uploads\/2019\/07\/BB77A85F-9403-465B-A9D9-C2CAB0F12E1A-1024x765.jpeg\" alt=\"\" data-id=\"2551\" data-link=\"http:\/\/aeroclub-abbeville.fr\/?attachment_id=2551\" class=\"wp-image-2551\" srcset=\"http:\/\/aeroclub-abbeville.fr\/wp-content\/uploads\/2019\/07\/BB77A85F-9403-465B-A9D9-C2CAB0F12E1A-1024x765.jpeg 1024w, http:\/\/aeroclub-abbeville.fr\/wp-content\/uploads\/2019\/07\/BB77A85F-9403-465B-A9D9-C2CAB0F12E1A-480x359.jpeg 480w, http:\/\/aeroclub-abbeville.fr\/wp-content\/uploads\/2019\/07\/BB77A85F-9403-465B-A9D9-C2CAB0F12E1A-768x574.jpeg 768w, http:\/\/aeroclub-abbeville.fr\/wp-content\/uploads\/2019\/07\/BB77A85F-9403-465B-A9D9-C2CAB0F12E1A-624x466.jpeg 624w\" sizes=\"(max-width: 1024px) 100vw, 1024px\" \/><\/figure><\/li><\/ul>\n\n\n\n<p style=\"text-align:center\">Quant \u00e0 Romain Jacob, l\u00e2ch\u00e9 ASK13 aujourd\u2019hui, il est le digne successeur de son grand-p\u00e8re, \u00ab&nbsp;Charlie&nbsp;\u00bb, instructeur v\u00e9livole, co-fondateur de la section Vol en Planeur de l\u2019a\u00e9roclub d\u2019Abbeville ! F\u00e9licitations, Romain ! Tu as gagn\u00e9 un plongeon dans la piscine, ce soir !  <\/p>\n\n\n\n<p style=\"text-align:center\"><\/p>\n\n\n\n<ul class=\"wp-block-gallery aligncenter columns-3 is-cropped wp-block-gallery-5 is-layout-flex wp-block-gallery-is-layout-flex\"><li class=\"blocks-gallery-item\"><figure><img loading=\"lazy\" decoding=\"async\" width=\"1024\" height=\"765\" src=\"http:\/\/aeroclub-abbeville.fr\/wp-content\/uploads\/2019\/07\/32DEC298-D5CF-4C36-B90A-80BF88160B76-1024x765.jpeg\" alt=\"\" data-id=\"2576\" data-link=\"http:\/\/aeroclub-abbeville.fr\/?attachment_id=2576\" class=\"wp-image-2576\" srcset=\"http:\/\/aeroclub-abbeville.fr\/wp-content\/uploads\/2019\/07\/32DEC298-D5CF-4C36-B90A-80BF88160B76-1024x765.jpeg 1024w, http:\/\/aeroclub-abbeville.fr\/wp-content\/uploads\/2019\/07\/32DEC298-D5CF-4C36-B90A-80BF88160B76-480x359.jpeg 480w, http:\/\/aeroclub-abbeville.fr\/wp-content\/uploads\/2019\/07\/32DEC298-D5CF-4C36-B90A-80BF88160B76-768x574.jpeg 768w, http:\/\/aeroclub-abbeville.fr\/wp-content\/uploads\/2019\/07\/32DEC298-D5CF-4C36-B90A-80BF88160B76-624x466.jpeg 624w\" sizes=\"(max-width: 1024px) 100vw, 1024px\" \/><\/figure><\/li><li class=\"blocks-gallery-item\"><figure><img loading=\"lazy\" decoding=\"async\" width=\"1024\" height=\"765\" src=\"http:\/\/aeroclub-abbeville.fr\/wp-content\/uploads\/2019\/07\/00745827-4EF1-45F6-922C-3E7706365BF4-1024x765.jpeg\" alt=\"\" data-id=\"2577\" data-link=\"http:\/\/aeroclub-abbeville.fr\/?attachment_id=2577\" class=\"wp-image-2577\" srcset=\"http:\/\/aeroclub-abbeville.fr\/wp-content\/uploads\/2019\/07\/00745827-4EF1-45F6-922C-3E7706365BF4-1024x765.jpeg 1024w, http:\/\/aeroclub-abbeville.fr\/wp-content\/uploads\/2019\/07\/00745827-4EF1-45F6-922C-3E7706365BF4-480x359.jpeg 480w, http:\/\/aeroclub-abbeville.fr\/wp-content\/uploads\/2019\/07\/00745827-4EF1-45F6-922C-3E7706365BF4-768x574.jpeg 768w, http:\/\/aeroclub-abbeville.fr\/wp-content\/uploads\/2019\/07\/00745827-4EF1-45F6-922C-3E7706365BF4-624x466.jpeg 624w\" sizes=\"(max-width: 1024px) 100vw, 1024px\" \/><\/figure><\/li><li class=\"blocks-gallery-item\"><figure><img loading=\"lazy\" decoding=\"async\" width=\"1024\" height=\"765\" src=\"http:\/\/aeroclub-abbeville.fr\/wp-content\/uploads\/2019\/07\/A9B4DD06-946A-4C66-BC2F-4C215474888D-1024x765.jpeg\" alt=\"\" data-id=\"2578\" data-link=\"http:\/\/aeroclub-abbeville.fr\/?attachment_id=2578\" class=\"wp-image-2578\" srcset=\"http:\/\/aeroclub-abbeville.fr\/wp-content\/uploads\/2019\/07\/A9B4DD06-946A-4C66-BC2F-4C215474888D-1024x765.jpeg 1024w, http:\/\/aeroclub-abbeville.fr\/wp-content\/uploads\/2019\/07\/A9B4DD06-946A-4C66-BC2F-4C215474888D-480x359.jpeg 480w, http:\/\/aeroclub-abbeville.fr\/wp-content\/uploads\/2019\/07\/A9B4DD06-946A-4C66-BC2F-4C215474888D-768x574.jpeg 768w, http:\/\/aeroclub-abbeville.fr\/wp-content\/uploads\/2019\/07\/A9B4DD06-946A-4C66-BC2F-4C215474888D-624x466.jpeg 624w\" sizes=\"(max-width: 1024px) 100vw, 1024px\" \/><\/figure><\/li><li class=\"blocks-gallery-item\"><figure><img loading=\"lazy\" decoding=\"async\" width=\"1024\" height=\"765\" src=\"http:\/\/aeroclub-abbeville.fr\/wp-content\/uploads\/2019\/07\/E09B7431-CCFF-467D-AAD1-08CCF1141EFF-1024x765.jpeg\" alt=\"\" data-id=\"2579\" data-link=\"http:\/\/aeroclub-abbeville.fr\/?attachment_id=2579\" class=\"wp-image-2579\" srcset=\"http:\/\/aeroclub-abbeville.fr\/wp-content\/uploads\/2019\/07\/E09B7431-CCFF-467D-AAD1-08CCF1141EFF-1024x765.jpeg 1024w, http:\/\/aeroclub-abbeville.fr\/wp-content\/uploads\/2019\/07\/E09B7431-CCFF-467D-AAD1-08CCF1141EFF-480x359.jpeg 480w, http:\/\/aeroclub-abbeville.fr\/wp-content\/uploads\/2019\/07\/E09B7431-CCFF-467D-AAD1-08CCF1141EFF-768x574.jpeg 768w, http:\/\/aeroclub-abbeville.fr\/wp-content\/uploads\/2019\/07\/E09B7431-CCFF-467D-AAD1-08CCF1141EFF-624x466.jpeg 624w\" sizes=\"(max-width: 1024px) 100vw, 1024px\" \/><figcaption>ASK13 et Piwi, les deux font la paire !<\/figcaption><\/figure><\/li><\/ul>\n\n\n\n<div class=\"wp-block-image\"><figure class=\"aligncenter is-resized\"><img loading=\"lazy\" decoding=\"async\" src=\"http:\/\/aeroclub-abbeville.fr\/wp-content\/uploads\/2019\/07\/CABDF08B-D299-400C-8260-EC4D4A600C86-1024x581.jpeg\" alt=\"\" class=\"wp-image-2566\" width=\"512\" height=\"291\" srcset=\"http:\/\/aeroclub-abbeville.fr\/wp-content\/uploads\/2019\/07\/CABDF08B-D299-400C-8260-EC4D4A600C86-1024x581.jpeg 1024w, http:\/\/aeroclub-abbeville.fr\/wp-content\/uploads\/2019\/07\/CABDF08B-D299-400C-8260-EC4D4A600C86-480x272.jpeg 480w, http:\/\/aeroclub-abbeville.fr\/wp-content\/uploads\/2019\/07\/CABDF08B-D299-400C-8260-EC4D4A600C86-768x436.jpeg 768w, http:\/\/aeroclub-abbeville.fr\/wp-content\/uploads\/2019\/07\/CABDF08B-D299-400C-8260-EC4D4A600C86-624x354.jpeg 624w, http:\/\/aeroclub-abbeville.fr\/wp-content\/uploads\/2019\/07\/CABDF08B-D299-400C-8260-EC4D4A600C86.jpeg 1080w\" sizes=\"(max-width: 512px) 100vw, 512px\" \/><figcaption>Fran\u00e7ois Duvollet, Pilote-Instructeur, jusqu\u2019au bout des ongles ! Ici, avec Alexandre Fierain !<\/figcaption><\/figure><\/div>\n\n\n\n<p style=\"text-align: center;\">Et une belle pose en soir\u00e9e, apr\u00e8s la rentr\u00e9e des Planeurs !<\/p>\n\n\n\n<div class=\"wp-block-image\"><figure class=\"aligncenter is-resized\"><img loading=\"lazy\" decoding=\"async\" src=\"http:\/\/aeroclub-abbeville.fr\/wp-content\/uploads\/2019\/07\/C9C75873-AD0E-4515-8255-ACFE90695D45-1024x1024.jpeg\" alt=\"\" class=\"wp-image-2553\" width=\"512\" height=\"512\" srcset=\"http:\/\/aeroclub-abbeville.fr\/wp-content\/uploads\/2019\/07\/C9C75873-AD0E-4515-8255-ACFE90695D45-1024x1024.jpeg 1024w, http:\/\/aeroclub-abbeville.fr\/wp-content\/uploads\/2019\/07\/C9C75873-AD0E-4515-8255-ACFE90695D45-150x150.jpeg 150w, http:\/\/aeroclub-abbeville.fr\/wp-content\/uploads\/2019\/07\/C9C75873-AD0E-4515-8255-ACFE90695D45-480x480.jpeg 480w, http:\/\/aeroclub-abbeville.fr\/wp-content\/uploads\/2019\/07\/C9C75873-AD0E-4515-8255-ACFE90695D45-768x768.jpeg 768w, http:\/\/aeroclub-abbeville.fr\/wp-content\/uploads\/2019\/07\/C9C75873-AD0E-4515-8255-ACFE90695D45-624x624.jpeg 624w, http:\/\/aeroclub-abbeville.fr\/wp-content\/uploads\/2019\/07\/C9C75873-AD0E-4515-8255-ACFE90695D45.jpeg 1152w\" sizes=\"(max-width: 512px) 100vw, 512px\" \/><\/figure><\/div>\n\n\n\n<p style=\"text-align:center\">D\u00e9tente et repos en fin de journ\u00e9e ! Nous aussi , on sait jouer au Planeur ! <\/p>\n\n\n\n<div class=\"wp-block-image\"><figure class=\"aligncenter is-resized\"><img loading=\"lazy\" decoding=\"async\" src=\"http:\/\/aeroclub-abbeville.fr\/wp-content\/uploads\/2019\/07\/0E953DDB-A5B9-4E61-AA29-E22DBE57DECC.jpeg\" alt=\"\" class=\"wp-image-2554\" width=\"480\" height=\"320\" srcset=\"http:\/\/aeroclub-abbeville.fr\/wp-content\/uploads\/2019\/07\/0E953DDB-A5B9-4E61-AA29-E22DBE57DECC.jpeg 960w, http:\/\/aeroclub-abbeville.fr\/wp-content\/uploads\/2019\/07\/0E953DDB-A5B9-4E61-AA29-E22DBE57DECC-480x320.jpeg 480w, http:\/\/aeroclub-abbeville.fr\/wp-content\/uploads\/2019\/07\/0E953DDB-A5B9-4E61-AA29-E22DBE57DECC-768x512.jpeg 768w, http:\/\/aeroclub-abbeville.fr\/wp-content\/uploads\/2019\/07\/0E953DDB-A5B9-4E61-AA29-E22DBE57DECC-624x416.jpeg 624w\" sizes=\"(max-width: 480px) 100vw, 480px\" \/><figcaption>La \u00ab&nbsp;Team&nbsp;\u00bb d\u2019Abbeville vous salue bien ! <\/figcaption><\/figure><\/div>\n\n\n\n<p style=\"text-align:center\">\u00c0 bient\u00f4t pour de nouvelles aventures !<\/p>\n\n\n\n<p style=\"text-align:center\">Fran\u00e7oise Sockeel <\/p>\n","protected":false},"excerpt":{"rendered":"<p>17 Juillet 2019 Le Stage de Planeur de Troyes gagne ses galons de Masterclass ! Les premiers l\u00e2ch\u00e9s se sont faits hier ! Il est \u00e0 noter que Simon lui aussi fait son l\u00e2ch\u00e9 Solo, puisqu\u2019il effectue ses premiers l\u00e2ch\u00e9s d\u2019\u00e9l\u00e8ves en tant qu\u2019instructeur ! H\u00e9l\u00e8ne Viez, elle aussi l\u00e2ch\u00e9e ASK13 hier, vole depuis quelques [&hellip;]<\/p>\n","protected":false},"author":211,"featured_media":0,"comment_status":"open","ping_status":"closed","sticky":false,"template":"","format":"standard","meta":{"inline_featured_image":false,"footnotes":""},"categories":[20,3,6,8,11,13,18,19,31],"tags":[],"class_list":["post-2532","post","type-post","status-publish","format-standard","hentry","category-actualites","category-club","category-formation","category-formation_planeur","category-manifestations","category-planeur","category-vie-du-club","category-vol-a-voile","category-voyages"],"_links":{"self":[{"href":"http:\/\/aeroclub-abbeville.fr\/index.php?rest_route=\/wp\/v2\/posts\/2532","targetHints":{"allow":["GET"]}}],"collection":[{"href":"http:\/\/aeroclub-abbeville.fr\/index.php?rest_route=\/wp\/v2\/posts"}],"about":[{"href":"http:\/\/aeroclub-abbeville.fr\/index.php?rest_route=\/wp\/v2\/types\/post"}],"author":[{"embeddable":true,"href":"http:\/\/aeroclub-abbeville.fr\/index.php?rest_route=\/wp\/v2\/users\/211"}],"replies":[{"embeddable":true,"href":"http:\/\/aeroclub-abbeville.fr\/index.php?rest_route=%2Fwp%2Fv2%2Fcomments&post=2532"}],"version-history":[{"count":17,"href":"http:\/\/aeroclub-abbeville.fr\/index.php?rest_route=\/wp\/v2\/posts\/2532\/revisions"}],"predecessor-version":[{"id":2581,"href":"http:\/\/aeroclub-abbeville.fr\/index.php?rest_route=\/wp\/v2\/posts\/2532\/revisions\/2581"}],"wp:attachment":[{"href":"http:\/\/aeroclub-abbeville.fr\/index.php?rest_route=%2Fwp%2Fv2%2Fmedia&parent=2532"}],"wp:term":[{"taxonomy":"category","embeddable":true,"href":"http:\/\/aeroclub-abbeville.fr\/index.php?rest_route=%2Fwp%2Fv2%2Fcategories&post=2532"},{"taxonomy":"post_tag","embeddable":true,"href":"http:\/\/aeroclub-abbeville.fr\/index.php?rest_route=%2Fwp%2Fv2%2Ftags&post=2532"}],"curies":[{"name":"wp","href":"https:\/\/api.w.org\/{rel}","templated":true}]}}