{"id":254,"date":"2012-10-19T17:35:52","date_gmt":"2012-10-19T16:35:52","guid":{"rendered":"http:\/\/web.aeroclub-abbeville.fr\/aeroclub\/?p=254"},"modified":"2012-10-19T17:35:52","modified_gmt":"2012-10-19T16:35:52","slug":"demenagement-du-site-web","status":"publish","type":"post","link":"http:\/\/aeroclub-abbeville.fr\/?p=254","title":{"rendered":"D\u00e9m\u00e9nagement du site WEB"},"content":{"rendered":"<p>L&rsquo;a\u00e9roclub a d\u00e9sormais sont propre nom de domaine. Le site se trouve maintenant et d\u00e9finitivement \u00e0 l&rsquo;adresse <a title=\"http:\/\/www.aeroclub-abbeville.fr\" href=\"http:\/\/www.aeroclub-abbeville.fr\" rel=\"nofollow\">http:\/\/www.aeroclub-abbeville.fr<\/a> et pour les membres le syst\u00e8me de gestion vol \u00e0 voile est \u00e0 <a title=\"http:\/\/www.gestion.planeur-abbeville.fr\" href=\"http:\/\/www.gestion.planeur-abbeville.fr\" rel=\"nofollow\">http:\/\/www.gestion.planeur-abbeville.fr<\/a> Mettez \u00e0 jour vos favoris afin de nous aider \u00e0 nous faire r\u00e9f\u00e9rencer. Vous pouvez aussi retrouver <a title=\"http:\/\/www.facebook.com\/planeurabbeville.icanfly\" href=\"http:\/\/www.facebook.com\/planeurabbeville.icanfly\" rel=\"nofollow\">Planeur Abbeville<\/a> sur Facebook<\/p>\n","protected":false},"excerpt":{"rendered":"<p>L&rsquo;a\u00e9roclub a d\u00e9sormais sont propre nom de domaine. Le site se trouve maintenant et d\u00e9finitivement \u00e0 l&rsquo;adresse http:\/\/www.aeroclub-abbeville.fr et pour les membres le syst\u00e8me de gestion vol \u00e0 voile est \u00e0 http:\/\/www.gestion.planeur-abbeville.fr Mettez \u00e0 jour vos favoris afin de nous aider \u00e0 nous faire r\u00e9f\u00e9rencer. Vous pouvez aussi retrouver Planeur Abbeville sur Facebook<\/p>\n","protected":false},"author":67,"featured_media":0,"comment_status":"open","ping_status":"open","sticky":false,"template":"","format":"standard","meta":{"inline_featured_image":false,"footnotes":""},"categories":[3,9],"tags":[],"class_list":["post-254","post","type-post","status-publish","format-standard","hentry","category-club","category-informatique"],"_links":{"self":[{"href":"http:\/\/aeroclub-abbeville.fr\/index.php?rest_route=\/wp\/v2\/posts\/254","targetHints":{"allow":["GET"]}}],"collection":[{"href":"http:\/\/aeroclub-abbeville.fr\/index.php?rest_route=\/wp\/v2\/posts"}],"about":[{"href":"http:\/\/aeroclub-abbeville.fr\/index.php?rest_route=\/wp\/v2\/types\/post"}],"author":[{"embeddable":true,"href":"http:\/\/aeroclub-abbeville.fr\/index.php?rest_route=\/wp\/v2\/users\/67"}],"replies":[{"embeddable":true,"href":"http:\/\/aeroclub-abbeville.fr\/index.php?rest_route=%2Fwp%2Fv2%2Fcomments&post=254"}],"version-history":[{"count":0,"href":"http:\/\/aeroclub-abbeville.fr\/index.php?rest_route=\/wp\/v2\/posts\/254\/revisions"}],"wp:attachment":[{"href":"http:\/\/aeroclub-abbeville.fr\/index.php?rest_route=%2Fwp%2Fv2%2Fmedia&parent=254"}],"wp:term":[{"taxonomy":"category","embeddable":true,"href":"http:\/\/aeroclub-abbeville.fr\/index.php?rest_route=%2Fwp%2Fv2%2Fcategories&post=254"},{"taxonomy":"post_tag","embeddable":true,"href":"http:\/\/aeroclub-abbeville.fr\/index.php?rest_route=%2Fwp%2Fv2%2Ftags&post=254"}],"curies":[{"name":"wp","href":"https:\/\/api.w.org\/{rel}","templated":true}]}}