{"id":256,"date":"2012-09-23T17:37:40","date_gmt":"2012-09-23T16:37:40","guid":{"rendered":"http:\/\/web.aeroclub-abbeville.fr\/aeroclub\/?p=256"},"modified":"2012-09-23T17:37:40","modified_gmt":"2012-09-23T16:37:40","slug":"lache-a-14-ans","status":"publish","type":"post","link":"http:\/\/aeroclub-abbeville.fr\/?p=256","title":{"rendered":"L\u00e2ch\u00e9 \u00e0 14 ans"},"content":{"rendered":"<p>La l\u00e9gislation a chang\u00e9e et autorise d\u00e9sormais les premiers vols en solo \u00e0 partir de l&rsquo;\u00e2ge 14 ans. Julien Gradel a \u00e9t\u00e9 l&rsquo;un des premiers pilotes \u00e0 b\u00e9n\u00e9ficier de ce nouveau r\u00e8glement. Il a effectu\u00e9 son premier vol solo le 23 Septembre \u00e0 l&rsquo;\u00e2ge de 14 ans 2 mois et un jour.<\/p>\n<p><a title=\"julien.jpg\" href=\"http:\/\/wiki.aeroclub-abbeville.fr\/lib\/exe\/detail.php\/julien.jpg?id=Accueil\"><img decoding=\"async\" class=\"aligncenter\" title=\" \" alt=\" \" src=\"http:\/\/wiki.aeroclub-abbeville.fr\/lib\/exe\/fetch.php\/julien.jpg?w=400\" width=\"400\" \/><\/a><\/p>\n","protected":false},"excerpt":{"rendered":"<p>La l\u00e9gislation a chang\u00e9e et autorise d\u00e9sormais les premiers vols en solo \u00e0 partir de l&rsquo;\u00e2ge 14 ans. Julien Gradel a \u00e9t\u00e9 l&rsquo;un des premiers pilotes \u00e0 b\u00e9n\u00e9ficier de ce nouveau r\u00e8glement. Il a effectu\u00e9 son premier vol solo le 23 Septembre \u00e0 l&rsquo;\u00e2ge de 14 ans 2 mois et un jour.<\/p>\n","protected":false},"author":67,"featured_media":0,"comment_status":"open","ping_status":"open","sticky":false,"template":"","format":"standard","meta":{"inline_featured_image":false,"footnotes":""},"categories":[6,8,13,19],"tags":[],"class_list":["post-256","post","type-post","status-publish","format-standard","hentry","category-formation","category-formation_planeur","category-planeur","category-vol-a-voile"],"_links":{"self":[{"href":"http:\/\/aeroclub-abbeville.fr\/index.php?rest_route=\/wp\/v2\/posts\/256","targetHints":{"allow":["GET"]}}],"collection":[{"href":"http:\/\/aeroclub-abbeville.fr\/index.php?rest_route=\/wp\/v2\/posts"}],"about":[{"href":"http:\/\/aeroclub-abbeville.fr\/index.php?rest_route=\/wp\/v2\/types\/post"}],"author":[{"embeddable":true,"href":"http:\/\/aeroclub-abbeville.fr\/index.php?rest_route=\/wp\/v2\/users\/67"}],"replies":[{"embeddable":true,"href":"http:\/\/aeroclub-abbeville.fr\/index.php?rest_route=%2Fwp%2Fv2%2Fcomments&post=256"}],"version-history":[{"count":0,"href":"http:\/\/aeroclub-abbeville.fr\/index.php?rest_route=\/wp\/v2\/posts\/256\/revisions"}],"wp:attachment":[{"href":"http:\/\/aeroclub-abbeville.fr\/index.php?rest_route=%2Fwp%2Fv2%2Fmedia&parent=256"}],"wp:term":[{"taxonomy":"category","embeddable":true,"href":"http:\/\/aeroclub-abbeville.fr\/index.php?rest_route=%2Fwp%2Fv2%2Fcategories&post=256"},{"taxonomy":"post_tag","embeddable":true,"href":"http:\/\/aeroclub-abbeville.fr\/index.php?rest_route=%2Fwp%2Fv2%2Ftags&post=256"}],"curies":[{"name":"wp","href":"https:\/\/api.w.org\/{rel}","templated":true}]}}