{"id":2582,"date":"2019-07-19T10:54:59","date_gmt":"2019-07-19T09:54:59","guid":{"rendered":"http:\/\/aeroclub-abbeville.fr\/?p=2582"},"modified":"2019-07-19T11:01:57","modified_gmt":"2019-07-19T10:01:57","slug":"nos-baroudeurs-picards-trois-petits-tours-et-puis-sen-vont","status":"publish","type":"post","link":"http:\/\/aeroclub-abbeville.fr\/?p=2582","title":{"rendered":"Nos Baroudeurs Picards, trois petits Tours &#8230; Et puis s\u2019en vont !"},"content":{"rendered":"\n<p>19 Juillet 2019<\/p>\n\n\n\n<div class=\"wp-block-image\"><figure class=\"aligncenter is-resized\"><img fetchpriority=\"high\" decoding=\"async\" src=\"http:\/\/aeroclub-abbeville.fr\/wp-content\/uploads\/2019\/07\/52AED1FD-74B9-4975-AEEE-EA9372997766-1024x498.jpeg\" alt=\"\" class=\"wp-image-2583\" width=\"512\" height=\"249\" srcset=\"http:\/\/aeroclub-abbeville.fr\/wp-content\/uploads\/2019\/07\/52AED1FD-74B9-4975-AEEE-EA9372997766-1024x498.jpeg 1024w, http:\/\/aeroclub-abbeville.fr\/wp-content\/uploads\/2019\/07\/52AED1FD-74B9-4975-AEEE-EA9372997766-480x233.jpeg 480w, http:\/\/aeroclub-abbeville.fr\/wp-content\/uploads\/2019\/07\/52AED1FD-74B9-4975-AEEE-EA9372997766-768x373.jpeg 768w, http:\/\/aeroclub-abbeville.fr\/wp-content\/uploads\/2019\/07\/52AED1FD-74B9-4975-AEEE-EA9372997766-624x303.jpeg 624w\" sizes=\"(max-width: 512px) 100vw, 512px\" \/><figcaption>Alain Fauquembergue et Daniel Tellier, la \u00ab&nbsp;Team d\u2019Abbeville&nbsp;\u00bb !<\/figcaption><\/figure><\/div>\n\n\n\n<p style=\"text-align:center\">Apr\u00e8s quelques jours en famille \u00e0 Saint Brieuc, pour une pr\u00e9paration rigoureuse et concentr\u00e9e, nos deux amis ont tent\u00e9 une arriv\u00e9e \u00e0 Ol\u00e9ron ! <\/p>\n\n\n\n<div class=\"wp-block-image\"><figure class=\"aligncenter is-resized\"><img decoding=\"async\" src=\"http:\/\/aeroclub-abbeville.fr\/wp-content\/uploads\/2019\/07\/3954164C-04CF-4E17-A261-10E42AB03D28.jpeg\" alt=\"\" class=\"wp-image-2584\" width=\"504\" height=\"378\" srcset=\"http:\/\/aeroclub-abbeville.fr\/wp-content\/uploads\/2019\/07\/3954164C-04CF-4E17-A261-10E42AB03D28.jpeg 1008w, http:\/\/aeroclub-abbeville.fr\/wp-content\/uploads\/2019\/07\/3954164C-04CF-4E17-A261-10E42AB03D28-480x360.jpeg 480w, http:\/\/aeroclub-abbeville.fr\/wp-content\/uploads\/2019\/07\/3954164C-04CF-4E17-A261-10E42AB03D28-768x576.jpeg 768w, http:\/\/aeroclub-abbeville.fr\/wp-content\/uploads\/2019\/07\/3954164C-04CF-4E17-A261-10E42AB03D28-624x468.jpeg 624w\" sizes=\"(max-width: 504px) 100vw, 504px\" \/><figcaption>Une prise d\u2019\u00e9nergie et d\u2019amiti\u00e9 \u00e0 Saint Brieuc, indispensable en pr\u00e9vision de la victoire !<\/figcaption><\/figure><\/div>\n\n\n\n<p style=\"text-align:center\">La masse nuageuse s\u2019est intensifi\u00e9e apr\u00e8s le d\u00e9part pour Ol\u00e9ron et n\u00e9cessite, apr\u00e8s un passage au-dessus de Nantes, un retour vers La Baule o\u00f9 ils passent la nuit. Demain sera un autre jour ! <\/p>\n\n\n\n<ul class=\"wp-block-gallery aligncenter columns-2 is-cropped wp-block-gallery-1 is-layout-flex wp-block-gallery-is-layout-flex\"><li class=\"blocks-gallery-item\"><figure><img decoding=\"async\" width=\"532\" height=\"355\" src=\"http:\/\/aeroclub-abbeville.fr\/wp-content\/uploads\/2019\/07\/9F5FE9B7-EA0B-4EA7-A548-91493E076291.jpeg\" alt=\"\" data-id=\"2594\" class=\"wp-image-2594\" srcset=\"http:\/\/aeroclub-abbeville.fr\/wp-content\/uploads\/2019\/07\/9F5FE9B7-EA0B-4EA7-A548-91493E076291.jpeg 532w, http:\/\/aeroclub-abbeville.fr\/wp-content\/uploads\/2019\/07\/9F5FE9B7-EA0B-4EA7-A548-91493E076291-480x320.jpeg 480w\" sizes=\"(max-width: 532px) 100vw, 532px\" \/><\/figure><\/li><li class=\"blocks-gallery-item\"><figure><img loading=\"lazy\" decoding=\"async\" width=\"740\" height=\"1024\" src=\"http:\/\/aeroclub-abbeville.fr\/wp-content\/uploads\/2019\/07\/5DF6ED9D-BC37-406B-8A9B-DFC7CC5855AD-740x1024.jpeg\" alt=\"\" data-id=\"2595\" data-link=\"http:\/\/aeroclub-abbeville.fr\/?attachment_id=2595\" class=\"wp-image-2595\" srcset=\"http:\/\/aeroclub-abbeville.fr\/wp-content\/uploads\/2019\/07\/5DF6ED9D-BC37-406B-8A9B-DFC7CC5855AD.jpeg 740w, http:\/\/aeroclub-abbeville.fr\/wp-content\/uploads\/2019\/07\/5DF6ED9D-BC37-406B-8A9B-DFC7CC5855AD-347x480.jpeg 347w, http:\/\/aeroclub-abbeville.fr\/wp-content\/uploads\/2019\/07\/5DF6ED9D-BC37-406B-8A9B-DFC7CC5855AD-624x863.jpeg 624w\" sizes=\"(max-width: 740px) 100vw, 740px\" \/><\/figure><\/li><\/ul>\n\n\n\n<p style=\"text-align:center\">Finalement, Nantes, le jour ou la nuit, c\u2019est pas mal, non plus ! <\/p>\n\n\n\n<ul class=\"wp-block-gallery aligncenter columns-2 is-cropped wp-block-gallery-2 is-layout-flex wp-block-gallery-is-layout-flex\"><li class=\"blocks-gallery-item\"><figure><img decoding=\"async\" src=\"http:\/\/aeroclub-abbeville.fr\/wp-content\/uploads\/2019\/07\/D507B0B4-73CB-4D3D-ACDB-07A0CD5EA172.jpeg\" alt=\"\" data-id=\"2607\" data-link=\"http:\/\/aeroclub-abbeville.fr\/?attachment_id=2607\" class=\"wp-image-2607\"\/><\/figure><\/li><li class=\"blocks-gallery-item\"><figure><img loading=\"lazy\" decoding=\"async\" width=\"1024\" height=\"640\" src=\"http:\/\/aeroclub-abbeville.fr\/wp-content\/uploads\/2019\/07\/2A950976-074A-42C6-BA0D-939BCBEDA54A-1024x640.jpeg\" alt=\"\" data-id=\"2608\" data-link=\"http:\/\/aeroclub-abbeville.fr\/?attachment_id=2608\" class=\"wp-image-2608\" srcset=\"http:\/\/aeroclub-abbeville.fr\/wp-content\/uploads\/2019\/07\/2A950976-074A-42C6-BA0D-939BCBEDA54A-1024x640.jpeg 1024w, http:\/\/aeroclub-abbeville.fr\/wp-content\/uploads\/2019\/07\/2A950976-074A-42C6-BA0D-939BCBEDA54A-480x300.jpeg 480w, http:\/\/aeroclub-abbeville.fr\/wp-content\/uploads\/2019\/07\/2A950976-074A-42C6-BA0D-939BCBEDA54A-768x480.jpeg 768w, http:\/\/aeroclub-abbeville.fr\/wp-content\/uploads\/2019\/07\/2A950976-074A-42C6-BA0D-939BCBEDA54A-624x390.jpeg 624w, http:\/\/aeroclub-abbeville.fr\/wp-content\/uploads\/2019\/07\/2A950976-074A-42C6-BA0D-939BCBEDA54A.jpeg 1600w\" sizes=\"(max-width: 1024px) 100vw, 1024px\" \/><figcaption>La Baule vue du ciel !<\/figcaption><\/figure><\/li><\/ul>\n\n\n\n<div class=\"wp-block-image\"><figure class=\"aligncenter is-resized\"><img loading=\"lazy\" decoding=\"async\" src=\"http:\/\/aeroclub-abbeville.fr\/wp-content\/uploads\/2019\/07\/387587E1-D7D9-4FD6-AC2D-12A643F8D441.jpeg\" alt=\"\" class=\"wp-image-2609\" width=\"470\" height=\"353\" srcset=\"http:\/\/aeroclub-abbeville.fr\/wp-content\/uploads\/2019\/07\/387587E1-D7D9-4FD6-AC2D-12A643F8D441.jpeg 940w, http:\/\/aeroclub-abbeville.fr\/wp-content\/uploads\/2019\/07\/387587E1-D7D9-4FD6-AC2D-12A643F8D441-480x360.jpeg 480w, http:\/\/aeroclub-abbeville.fr\/wp-content\/uploads\/2019\/07\/387587E1-D7D9-4FD6-AC2D-12A643F8D441-768x576.jpeg 768w, http:\/\/aeroclub-abbeville.fr\/wp-content\/uploads\/2019\/07\/387587E1-D7D9-4FD6-AC2D-12A643F8D441-624x468.jpeg 624w\" sizes=\"(max-width: 470px) 100vw, 470px\" \/><figcaption>Un petit stop d\u2019une nuit \u00e0 La Baule avant de rejoindre le point de d\u00e9part du Tour ULM 2019 !<\/figcaption><\/figure><\/div>\n\n\n\n<p style=\"text-align:center\">Aujourd\u2019hui, vendredi, Ol\u00e9ron, nous voil\u00e0 ! Pr\u00eats pour la course ! <\/p>\n\n\n\n<div class=\"wp-block-image\"><figure class=\"aligncenter is-resized\"><img loading=\"lazy\" decoding=\"async\" src=\"http:\/\/aeroclub-abbeville.fr\/wp-content\/uploads\/2019\/07\/1CC4AA44-2FA8-49CB-B287-D224F344253F.jpeg\" alt=\"\" class=\"wp-image-2614\" width=\"480\" height=\"318\" srcset=\"http:\/\/aeroclub-abbeville.fr\/wp-content\/uploads\/2019\/07\/1CC4AA44-2FA8-49CB-B287-D224F344253F.jpeg 960w, http:\/\/aeroclub-abbeville.fr\/wp-content\/uploads\/2019\/07\/1CC4AA44-2FA8-49CB-B287-D224F344253F-480x318.jpeg 480w, http:\/\/aeroclub-abbeville.fr\/wp-content\/uploads\/2019\/07\/1CC4AA44-2FA8-49CB-B287-D224F344253F-768x509.jpeg 768w, http:\/\/aeroclub-abbeville.fr\/wp-content\/uploads\/2019\/07\/1CC4AA44-2FA8-49CB-B287-D224F344253F-624x413.jpeg 624w\" sizes=\"(max-width: 480px) 100vw, 480px\" \/><figcaption>Ol\u00e9ron, point de d\u00e9part de la course !<\/figcaption><\/figure><\/div>\n\n\n\n<p style=\"text-align:center\">A bient\u00f4t pour des nouvelles du d\u00e9part ! <\/p>\n\n\n\n<p style=\"text-align:center\">Fran\u00e7oise Sockeel<\/p>\n","protected":false},"excerpt":{"rendered":"<p>19 Juillet 2019 Apr\u00e8s quelques jours en famille \u00e0 Saint Brieuc, pour une pr\u00e9paration rigoureuse et concentr\u00e9e, nos deux amis ont tent\u00e9 une arriv\u00e9e \u00e0 Ol\u00e9ron ! La masse nuageuse s\u2019est intensifi\u00e9e apr\u00e8s le d\u00e9part pour Ol\u00e9ron et n\u00e9cessite, apr\u00e8s un passage au-dessus de Nantes, un retour vers La Baule o\u00f9 ils passent la nuit. [&hellip;]<\/p>\n","protected":false},"author":211,"featured_media":0,"comment_status":"open","ping_status":"closed","sticky":false,"template":"","format":"standard","meta":{"inline_featured_image":false,"footnotes":""},"categories":[20,2,3,4,11,17,18,31],"tags":[],"class_list":["post-2582","post","type-post","status-publish","format-standard","hentry","category-actualites","category-avion","category-club","category-competitions","category-manifestations","category-ulm","category-vie-du-club","category-voyages"],"_links":{"self":[{"href":"http:\/\/aeroclub-abbeville.fr\/index.php?rest_route=\/wp\/v2\/posts\/2582","targetHints":{"allow":["GET"]}}],"collection":[{"href":"http:\/\/aeroclub-abbeville.fr\/index.php?rest_route=\/wp\/v2\/posts"}],"about":[{"href":"http:\/\/aeroclub-abbeville.fr\/index.php?rest_route=\/wp\/v2\/types\/post"}],"author":[{"embeddable":true,"href":"http:\/\/aeroclub-abbeville.fr\/index.php?rest_route=\/wp\/v2\/users\/211"}],"replies":[{"embeddable":true,"href":"http:\/\/aeroclub-abbeville.fr\/index.php?rest_route=%2Fwp%2Fv2%2Fcomments&post=2582"}],"version-history":[{"count":17,"href":"http:\/\/aeroclub-abbeville.fr\/index.php?rest_route=\/wp\/v2\/posts\/2582\/revisions"}],"predecessor-version":[{"id":2615,"href":"http:\/\/aeroclub-abbeville.fr\/index.php?rest_route=\/wp\/v2\/posts\/2582\/revisions\/2615"}],"wp:attachment":[{"href":"http:\/\/aeroclub-abbeville.fr\/index.php?rest_route=%2Fwp%2Fv2%2Fmedia&parent=2582"}],"wp:term":[{"taxonomy":"category","embeddable":true,"href":"http:\/\/aeroclub-abbeville.fr\/index.php?rest_route=%2Fwp%2Fv2%2Fcategories&post=2582"},{"taxonomy":"post_tag","embeddable":true,"href":"http:\/\/aeroclub-abbeville.fr\/index.php?rest_route=%2Fwp%2Fv2%2Ftags&post=2582"}],"curies":[{"name":"wp","href":"https:\/\/api.w.org\/{rel}","templated":true}]}}