{"id":260,"date":"2012-09-01T17:43:52","date_gmt":"2012-09-01T16:43:52","guid":{"rendered":"http:\/\/web.aeroclub-abbeville.fr\/aeroclub\/?p=260"},"modified":"2012-09-01T17:43:52","modified_gmt":"2012-09-01T16:43:52","slug":"remise-en-etat-de-kilo-lima","status":"publish","type":"post","link":"http:\/\/aeroclub-abbeville.fr\/?p=260","title":{"rendered":"Remise en \u00e9tat de Kilo Lima"},"content":{"rendered":"<p>Le club a d\u00e9cid\u00e9 de r\u00e9parer l&rsquo;avion s\u00e9v\u00e8rement accident\u00e9 en juin dernier. Il sera dot\u00e9 d&rsquo;une aile neuve et d&rsquo;un moteur neuf. Ce sera l&rsquo;occasion de mettre \u00e0 niveau l&rsquo;avionique, de refaire la sellerie et de profiter de la mise en peinture pour lui donner un nouveau look.<br \/>\nSur ce dernier point il est pr\u00e9vu de vous consulter pour le choix des couleurs et d\u00e9corations.<\/p>\n","protected":false},"excerpt":{"rendered":"<p>Le club a d\u00e9cid\u00e9 de r\u00e9parer l&rsquo;avion s\u00e9v\u00e8rement accident\u00e9 en juin dernier. Il sera dot\u00e9 d&rsquo;une aile neuve et d&rsquo;un moteur neuf. Ce sera l&rsquo;occasion de mettre \u00e0 niveau l&rsquo;avionique, de refaire la sellerie et de profiter de la mise en peinture pour lui donner un nouveau look. Sur ce dernier point il est pr\u00e9vu [&hellip;]<\/p>\n","protected":false},"author":67,"featured_media":0,"comment_status":"open","ping_status":"open","sticky":false,"template":"","format":"standard","meta":{"inline_featured_image":false,"footnotes":""},"categories":[2,5],"tags":[],"class_list":["post-260","post","type-post","status-publish","format-standard","hentry","category-avion","category-entretien"],"_links":{"self":[{"href":"http:\/\/aeroclub-abbeville.fr\/index.php?rest_route=\/wp\/v2\/posts\/260","targetHints":{"allow":["GET"]}}],"collection":[{"href":"http:\/\/aeroclub-abbeville.fr\/index.php?rest_route=\/wp\/v2\/posts"}],"about":[{"href":"http:\/\/aeroclub-abbeville.fr\/index.php?rest_route=\/wp\/v2\/types\/post"}],"author":[{"embeddable":true,"href":"http:\/\/aeroclub-abbeville.fr\/index.php?rest_route=\/wp\/v2\/users\/67"}],"replies":[{"embeddable":true,"href":"http:\/\/aeroclub-abbeville.fr\/index.php?rest_route=%2Fwp%2Fv2%2Fcomments&post=260"}],"version-history":[{"count":0,"href":"http:\/\/aeroclub-abbeville.fr\/index.php?rest_route=\/wp\/v2\/posts\/260\/revisions"}],"wp:attachment":[{"href":"http:\/\/aeroclub-abbeville.fr\/index.php?rest_route=%2Fwp%2Fv2%2Fmedia&parent=260"}],"wp:term":[{"taxonomy":"category","embeddable":true,"href":"http:\/\/aeroclub-abbeville.fr\/index.php?rest_route=%2Fwp%2Fv2%2Fcategories&post=260"},{"taxonomy":"post_tag","embeddable":true,"href":"http:\/\/aeroclub-abbeville.fr\/index.php?rest_route=%2Fwp%2Fv2%2Ftags&post=260"}],"curies":[{"name":"wp","href":"https:\/\/api.w.org\/{rel}","templated":true}]}}