{"id":264,"date":"2012-11-19T17:46:57","date_gmt":"2012-11-19T16:46:57","guid":{"rendered":"http:\/\/web.aeroclub-abbeville.fr\/aeroclub\/?p=264"},"modified":"2014-01-31T17:38:14","modified_gmt":"2014-01-31T16:38:14","slug":"during-ww-ii","status":"publish","type":"post","link":"http:\/\/aeroclub-abbeville.fr\/?p=264","title":{"rendered":"During WW II"},"content":{"rendered":"<p>Il n&rsquo;y a pas toujours eu que des gentils DR400 \u00e0 Abbeville. entre 1939 et 1945 l&rsquo;a\u00e9rodrome a \u00e9t\u00e9 occup\u00e9 par la JG26, une escadrille allemande qui s&rsquo;est oppos\u00e9e aux Spitfires british au dessus du Channel pendant la bataille d&rsquo;Angleterre. Elle comptait des \u201cas\u201d redout\u00e9s des alli\u00e9s qui les appelaient <strong>Les Abbeville Boys<\/strong>.<\/p>\n<p><a title=\"jg26.jpg\" href=\"http:\/\/wiki.aeroclub-abbeville.fr\/lib\/exe\/detail.php\/jg26.jpg?id=Accueil\"><img decoding=\"async\" class=\"aligncenter\" title=\"jg26.jpg\" alt=\"jg26.jpg\" src=\"http:\/\/wiki.aeroclub-abbeville.fr\/lib\/exe\/fetch.php\/jg26.jpg\" \/><\/a><\/p>\n","protected":false},"excerpt":{"rendered":"<p>Il n&rsquo;y a pas toujours eu que des gentils DR400 \u00e0 Abbeville. entre 1939 et 1945 l&rsquo;a\u00e9rodrome a \u00e9t\u00e9 occup\u00e9 par la JG26, une escadrille allemande qui s&rsquo;est oppos\u00e9e aux Spitfires british au dessus du Channel pendant la bataille d&rsquo;Angleterre. Elle comptait des \u201cas\u201d redout\u00e9s des alli\u00e9s qui les appelaient Les Abbeville Boys.<\/p>\n","protected":false},"author":67,"featured_media":0,"comment_status":"open","ping_status":"open","sticky":false,"template":"","format":"standard","meta":{"inline_featured_image":false,"footnotes":""},"categories":[2,3,26],"tags":[],"class_list":["post-264","post","type-post","status-publish","format-standard","hentry","category-avion","category-club","category-histoire"],"_links":{"self":[{"href":"http:\/\/aeroclub-abbeville.fr\/index.php?rest_route=\/wp\/v2\/posts\/264","targetHints":{"allow":["GET"]}}],"collection":[{"href":"http:\/\/aeroclub-abbeville.fr\/index.php?rest_route=\/wp\/v2\/posts"}],"about":[{"href":"http:\/\/aeroclub-abbeville.fr\/index.php?rest_route=\/wp\/v2\/types\/post"}],"author":[{"embeddable":true,"href":"http:\/\/aeroclub-abbeville.fr\/index.php?rest_route=\/wp\/v2\/users\/67"}],"replies":[{"embeddable":true,"href":"http:\/\/aeroclub-abbeville.fr\/index.php?rest_route=%2Fwp%2Fv2%2Fcomments&post=264"}],"version-history":[{"count":1,"href":"http:\/\/aeroclub-abbeville.fr\/index.php?rest_route=\/wp\/v2\/posts\/264\/revisions"}],"predecessor-version":[{"id":359,"href":"http:\/\/aeroclub-abbeville.fr\/index.php?rest_route=\/wp\/v2\/posts\/264\/revisions\/359"}],"wp:attachment":[{"href":"http:\/\/aeroclub-abbeville.fr\/index.php?rest_route=%2Fwp%2Fv2%2Fmedia&parent=264"}],"wp:term":[{"taxonomy":"category","embeddable":true,"href":"http:\/\/aeroclub-abbeville.fr\/index.php?rest_route=%2Fwp%2Fv2%2Fcategories&post=264"},{"taxonomy":"post_tag","embeddable":true,"href":"http:\/\/aeroclub-abbeville.fr\/index.php?rest_route=%2Fwp%2Fv2%2Ftags&post=264"}],"curies":[{"name":"wp","href":"https:\/\/api.w.org\/{rel}","templated":true}]}}