{"id":266,"date":"2012-11-19T17:48:16","date_gmt":"2012-11-19T16:48:16","guid":{"rendered":"http:\/\/web.aeroclub-abbeville.fr\/aeroclub\/?p=266"},"modified":"2012-11-19T17:48:16","modified_gmt":"2012-11-19T16:48:16","slug":"la-section-vol-a-voile-a-enfin-son-remorqueur","status":"publish","type":"post","link":"http:\/\/aeroclub-abbeville.fr\/?p=266","title":{"rendered":"La section vol \u00e0 voile a enfin son remorqueur"},"content":{"rendered":"<p>Olivier Caudrelier et Paul-Edouard Th\u00e9venin-Lebran sont all\u00e9s chercher le nouveau remorqueur sur l\u2019a\u00e9rodrome d\u2019Hagueneau, au nord de l\u2019Alsace. Apr\u00e8s une longue attente, une navigation totalisant 6 heures de vol et 900 kilom\u00e8tres le nouveau remorqueur est bien arriv\u00e9 sur Abbeville.<\/p>\n<p>Pas de grosses diff\u00e9rences avec l\u2019ancien seulement deux majeures : celui-ci poss\u00e8de des pneus basse pression et un enrouleur de c\u00e2ble, plus besoin de courir apr\u00e8s le c\u00e2ble pour attacher un planeur, fini les oublis de c\u00e2bles en piste (je ne cite personne !), les n\u0153uds\u2026<\/p>\n<p>Nous remercions encore une fois Rosi Londres, pour son don fait au vol \u00e0 voile.<\/p>\n<p>NB : Ce n\u2019est pas un appareil militaire.<\/p>\n<p><a title=\"img_10111.jpg\" href=\"http:\/\/wiki.aeroclub-abbeville.fr\/lib\/exe\/detail.php\/img_10111.jpg?id=Accueil\"><img decoding=\"async\" class=\"aligncenter\" alt=\"\" src=\"http:\/\/wiki.aeroclub-abbeville.fr\/lib\/exe\/fetch.php\/img_10111.jpg?w=500\" width=\"500\" \/><\/a><\/p>\n","protected":false},"excerpt":{"rendered":"<p>Olivier Caudrelier et Paul-Edouard Th\u00e9venin-Lebran sont all\u00e9s chercher le nouveau remorqueur sur l\u2019a\u00e9rodrome d\u2019Hagueneau, au nord de l\u2019Alsace. Apr\u00e8s une longue attente, une navigation totalisant 6 heures de vol et 900 kilom\u00e8tres le nouveau remorqueur est bien arriv\u00e9 sur Abbeville. Pas de grosses diff\u00e9rences avec l\u2019ancien seulement deux majeures : celui-ci poss\u00e8de des pneus basse [&hellip;]<\/p>\n","protected":false},"author":67,"featured_media":0,"comment_status":"open","ping_status":"open","sticky":false,"template":"","format":"standard","meta":{"inline_featured_image":false,"footnotes":""},"categories":[13,19],"tags":[],"class_list":["post-266","post","type-post","status-publish","format-standard","hentry","category-planeur","category-vol-a-voile"],"_links":{"self":[{"href":"http:\/\/aeroclub-abbeville.fr\/index.php?rest_route=\/wp\/v2\/posts\/266","targetHints":{"allow":["GET"]}}],"collection":[{"href":"http:\/\/aeroclub-abbeville.fr\/index.php?rest_route=\/wp\/v2\/posts"}],"about":[{"href":"http:\/\/aeroclub-abbeville.fr\/index.php?rest_route=\/wp\/v2\/types\/post"}],"author":[{"embeddable":true,"href":"http:\/\/aeroclub-abbeville.fr\/index.php?rest_route=\/wp\/v2\/users\/67"}],"replies":[{"embeddable":true,"href":"http:\/\/aeroclub-abbeville.fr\/index.php?rest_route=%2Fwp%2Fv2%2Fcomments&post=266"}],"version-history":[{"count":0,"href":"http:\/\/aeroclub-abbeville.fr\/index.php?rest_route=\/wp\/v2\/posts\/266\/revisions"}],"wp:attachment":[{"href":"http:\/\/aeroclub-abbeville.fr\/index.php?rest_route=%2Fwp%2Fv2%2Fmedia&parent=266"}],"wp:term":[{"taxonomy":"category","embeddable":true,"href":"http:\/\/aeroclub-abbeville.fr\/index.php?rest_route=%2Fwp%2Fv2%2Fcategories&post=266"},{"taxonomy":"post_tag","embeddable":true,"href":"http:\/\/aeroclub-abbeville.fr\/index.php?rest_route=%2Fwp%2Fv2%2Ftags&post=266"}],"curies":[{"name":"wp","href":"https:\/\/api.w.org\/{rel}","templated":true}]}}